{"id":34642,"date":"2026-06-30T07:53:00","date_gmt":"2026-06-30T05:53:00","guid":{"rendered":"https:\/\/euapp01.newsmemory.com\/lamarseillaise\/news\/?p=34642"},"modified":"2026-07-04T08:04:38","modified_gmt":"2026-07-04T06:04:38","slug":"une-instance-de-suivi-sur-leolien-offshore","status":"publish","type":"post","link":"https:\/\/euapp01.newsmemory.com\/lamarseillaise\/news\/2026\/06\/30\/une-instance-de-suivi-sur-leolien-offshore\/","title":{"rendered":"Une instance de suivi sur l\u2019\u00e9olien offshore"},"content":{"rendered":"<div class=\"paragraph\">\n<p>Les pales des trois immenses \u00e9oliennes de la ferme pilote \u00ab\u00a0Provence grand large\u00a0\u00bb sont visibles depuis la c\u00f4te Saint-Louisienne. \u00c0 l\u2019horizon 2032, 12 \u00e0 19\u00a0nouvelles infrastructures flottantes seront mises en service un peu plus loin, \u00e0 25\u00a0km du rivage, pour une puissance install\u00e9e comprise entre 230\u00a0MW et 280\u00a0MW, l\u2019\u00e9quivalent de la consommation \u00e9lectrique annuelle de 450\u00a0000\u00a0habitants. C\u2019est donc naturellement que les pouvoirs publics ont choisi la commune rhodanienne pour l\u2019installation de l\u2019Instance de concertation et de suivi de ce projet, ce lundi 29\u00a0juin. En d\u00e9cembre\u00a02024, la soci\u00e9t\u00e9 \u00ab\u00a0\u00c9oliennes M\u00e9diterran\u00e9e Grand Large\u00a0\u00bb a remport\u00e9 l\u2019appel d\u2019offres\u00a0n\u00b06 pour assurer la conception, la construction et l\u2019exploitation du premier parc commercial flottant de M\u00e9diterran\u00e9e.<\/p>\n<p>Le maire, Martial Alvarez (DVD), souligne\u00a0: \u00ab\u00a0<i>Nous sommes align\u00e9s sur la volont\u00e9 d\u2019accompagner cette nouvelle fili\u00e8re (&#8230;) pour assurer la souverainet\u00e9 \u00e9nerg\u00e9tique de la nation, mais nous sommes attach\u00e9s \u00e0 ce que puissent \u00eatre mises en place des compensations. (&#8230;) On est sur un p\u00e9rim\u00e8tre o\u00f9 on peut se dire<\/i><i>\u00a0<\/i><i>: on nous a d\u00e9j\u00e0 pr\u00e9empt\u00e9 la terre avec la plus grosse zone industrialo-portuaire d\u2019Europe, on est en train de nous enlever la mer, qu\u2019est-ce qui va nous rester<\/i><i>\u00a0<\/i><i>?<\/i>\u00a0\u00bb Avec un enjeu particulier\u00a0: celui de la p\u00eache, qui repr\u00e9senterait localement entre 100 et 300\u00a0emplois. Un comit\u00e9 de liaison a \u00e9t\u00e9 mis en place par EDF Power solutions pour \u00ab\u00a0<i>construire, anticiper les travaux et partager les r\u00e9sultats des \u00e9tudes d\u2019impacts<\/i>\u00a0\u00bb avec les acteurs du secteur.<\/p>\n<p>Charg\u00e9e de projet, Am\u00e9lie Cuba assure que l\u2019\u00e9nerg\u00e9ticien a \u00e0 c\u0153ur de \u00ab\u00a0<i>travailler avec des acteurs du territoire sur des th\u00e9matiques transverses, parce qu\u2019on est sur des projets qui sont \u00e0 l\u2019interface en lien avec la question de la biodiversit\u00e9, du tourisme, de l\u2019emploi<\/i>\u00a0\u00bb. Dans le budget global d\u2019un\u00a0milliard d\u2019euros environ, 5\u00a0millions d\u2019euros seront allou\u00e9s \u00e0 ces actions. La filiale renouvelable d\u2019EDF participe d\u00e9j\u00e0 au projet Fishwind, en partenariat avec l\u2019organisation Sathoan (une coop\u00e9rative de p\u00eacheurs m\u00e9diterran\u00e9ens), sur la notion de co-activit\u00e9 de p\u00eache et de r\u00e9cifs \u00e9cocon\u00e7us destin\u00e9s \u00e0 \u00eatre pos\u00e9s au sein des futurs parcs commerciaux.<\/p>\n<\/p><\/div>\n","protected":false},"excerpt":{"rendered":"Les pales des trois immenses &eacute;oliennes de la ferme pilote &laquo;&nbsp;Provence grand large&nbsp;&raquo; sont visibles depuis la c&ocirc;te Saint-Louisienne. &Agrave; l&rsquo;horizon 2032, 12 &agrave; 19&nbsp;nouvelles infrastructures &#8230;","protected":false},"author":1,"featured_media":34643,"comment_status":"open","ping_status":"open","sticky":false,"template":"","format":"standard","meta":{"footnotes":""},"categories":[3926,3925,333,20],"tags":[10,532,753,5984,4639,1366,1984,128,3873,1983,4610],"news-destination":[3944],"news-source":[475],"is_homepage":[],"ta_other":[],"class_list":["post-34642","post","type-post","status-publish","format-standard","has-post-thumbnail","hentry","category-accueil-merge","category-accueil-third","category-environnement","category-societe","tag-bouches-du-rhone","tag-edf","tag-emplois","tag-eolien-offshore","tag-eoliennes","tag-filiere","tag-martial-alvarez","tag-mediterranee","tag-pecheurs","tag-port-saint-louis-du-rhone","tag-souverainete-energetique","news-destination-homepage","news-source-website"],"_links":{"self":[{"href":"https:\/\/euapp01.newsmemory.com\/lamarseillaise\/news\/wp-json\/wp\/v2\/posts\/34642","targetHints":{"allow":["GET"]}}],"collection":[{"href":"https:\/\/euapp01.newsmemory.com\/lamarseillaise\/news\/wp-json\/wp\/v2\/posts"}],"about":[{"href":"https:\/\/euapp01.newsmemory.com\/lamarseillaise\/news\/wp-json\/wp\/v2\/types\/post"}],"author":[{"embeddable":true,"href":"https:\/\/euapp01.newsmemory.com\/lamarseillaise\/news\/wp-json\/wp\/v2\/users\/1"}],"replies":[{"embeddable":true,"href":"https:\/\/euapp01.newsmemory.com\/lamarseillaise\/news\/wp-json\/wp\/v2\/comments?post=34642"}],"version-history":[{"count":1,"href":"https:\/\/euapp01.newsmemory.com\/lamarseillaise\/news\/wp-json\/wp\/v2\/posts\/34642\/revisions"}],"predecessor-version":[{"id":34644,"href":"https:\/\/euapp01.newsmemory.com\/lamarseillaise\/news\/wp-json\/wp\/v2\/posts\/34642\/revisions\/34644"}],"wp:featuredmedia":[{"embeddable":true,"href":"https:\/\/euapp01.newsmemory.com\/lamarseillaise\/news\/wp-json\/wp\/v2\/media\/34643"}],"wp:attachment":[{"href":"https:\/\/euapp01.newsmemory.com\/lamarseillaise\/news\/wp-json\/wp\/v2\/media?parent=34642"}],"wp:term":[{"taxonomy":"category","embeddable":true,"href":"https:\/\/euapp01.newsmemory.com\/lamarseillaise\/news\/wp-json\/wp\/v2\/categories?post=34642"},{"taxonomy":"post_tag","embeddable":true,"href":"https:\/\/euapp01.newsmemory.com\/lamarseillaise\/news\/wp-json\/wp\/v2\/tags?post=34642"},{"taxonomy":"news-destination","embeddable":true,"href":"https:\/\/euapp01.newsmemory.com\/lamarseillaise\/news\/wp-json\/wp\/v2\/news-destination?post=34642"},{"taxonomy":"news-source","embeddable":true,"href":"https:\/\/euapp01.newsmemory.com\/lamarseillaise\/news\/wp-json\/wp\/v2\/news-source?post=34642"},{"taxonomy":"is_homepage","embeddable":true,"href":"https:\/\/euapp01.newsmemory.com\/lamarseillaise\/news\/wp-json\/wp\/v2\/is_homepage?post=34642"},{"taxonomy":"ta_other","embeddable":true,"href":"https:\/\/euapp01.newsmemory.com\/lamarseillaise\/news\/wp-json\/wp\/v2\/ta_other?post=34642"}],"curies":[{"name":"wp","href":"https:\/\/api.w.org\/{rel}","templated":true}]}}