{"id":34639,"date":"2026-06-30T07:56:00","date_gmt":"2026-06-30T05:56:00","guid":{"rendered":"https:\/\/euapp01.newsmemory.com\/lamarseillaise\/news\/?p=34639"},"modified":"2026-07-04T08:04:38","modified_gmt":"2026-07-04T06:04:38","slug":"sensibiliser-les-festivaliers-a-la-sante-des-femmes","status":"publish","type":"post","link":"https:\/\/euapp01.newsmemory.com\/lamarseillaise\/news\/2026\/06\/30\/sensibiliser-les-festivaliers-a-la-sante-des-femmes\/","title":{"rendered":"Sensibiliser les festivaliers \u00e0 la sant\u00e9 des femmes"},"content":{"rendered":"<div class=\"paragraph\">\n<p>Bingo des r\u00e8gles, quiz sur les st\u00e9r\u00e9otypes li\u00e9s aux menstruations, cartographie des appareils g\u00e9nitaux, pr\u00e9sentation du violentom\u00e8tre&#8230; Au festival Marsatac les 12, 13 et 14\u00a0juin derniers, la mutuelle marseillaise Solimut, en partenariat avec l\u2019association R\u00e8gles \u00e9l\u00e9mentaires, a sensibilis\u00e9 les festivaliers aux diff\u00e9rents enjeux autour de la sant\u00e9 des femmes et son in\u00e9gal acc\u00e8s. Un stand qui se tiendra aussi du 23 au 26\u00a0juillet, lors du Delta Festival.<\/p>\n<p>\u00ab\u00a0<i>L\u2019id\u00e9e est de faire de la pr\u00e9vention autour de la sant\u00e9 menstruelle avec des activit\u00e9s un peu ludiques<\/i><i>\u00a0<\/i>\u00bb, explique Florence L\u00e9pine, responsable de l\u2019antenne Paca de l\u2019association R\u00e8gles \u00e9l\u00e9mentaires. L\u2019association, cr\u00e9\u00e9e en 2016 pour l\u2019\u00e9galit\u00e9, l\u2019\u00e9ducation et la justice menstruelle, participe pour la premi\u00e8re fois \u00e0 un stand de pr\u00e9vention aux c\u00f4t\u00e9s de Solimut. L\u2019objectif est \u00e9galement de rediriger des personnes vers des associations de r\u00e9f\u00e9rence sur d\u2019\u00e9ventuelles pathologies ou des troubles li\u00e9s aux r\u00e8gles.<\/p>\n<\/p><\/div>\n<div class=\"intext\"> In\u00e9gal acc\u00e8s \u00e0 la sant\u00e9\n              <\/div>\n<div class=\"paragraph\">\n<p>Si la th\u00e9matique de la sant\u00e9 menstruelle est centrale, le stand de sensibilisation de Solimut permet \u00e9galement d\u2019aborder le sujet plus large de la sant\u00e9 des femmes. \u00ab\u00a0<i><span class=\"mln_uppercase_mln\">\u00e0<\/span><\/i><i> Marsatac, avec le violentom\u00e8tre <\/i>[outil permettant de mesurer le degr\u00e9 de violence] <i>on a pu voir que tout le monde n\u2019a pas la m\u00eame \u00e9chelle de valeurs sur les violences ce qui a permis de discuter et d\u2019ouvrir la discussion \u00e0 ce sujet<\/i><i>\u00a0<\/i>\u00bb, relate Magali Planas, coordinatrice pr\u00e9vention et promotion de la sant\u00e9 chez Solimut.<\/p>\n<p>La mutuelle a \u00e9galement distribu\u00e9 un questionnaire sur les in\u00e9galit\u00e9s genr\u00e9es de la prise en charge m\u00e9dicale, et en particulier des maladies cardiovasculaires. De nombreuses \u00e9tudes montrent en effet que les infarctus sont moins bien pris en charge chez les femmes que chez les hommes, car les sympt\u00f4mes les plus connus sont moins fr\u00e9quents chez les femmes.<\/p>\n<\/p><\/div>\n<div class=\"intext\"> Sensibiliser les plus jeunes\n              <\/div>\n<div class=\"paragraph\">\n<p>Un travail de sensibilisation des festivaliers important pour Solimut. \u00ab\u00a0<i>Si on vient dans ces deux festivals, c\u2019est parce qu\u2019il y a un public cible<\/i><i>\u00a0<\/i><i>: ce sont des jeunes<\/i><i>\u00a0<\/i>\u00bb, soutient Pierre M\u00e9ry, vice-pr\u00e9sident de Solimut Mutuelle France. Ce dont t\u00e9moigne Florence L\u00e9pine\u00a0: \u00ab\u00a0<i>on a pu \u00e9changer avec pas mal de pr\u00e9ados ou d\u2019ados qui avaient tr\u00e8s peu de connaissances sur les r\u00e8gles.<\/i><i>\u00a0<\/i>\u00bb<\/p>\n<p>Des stands de pr\u00e9ventions sur les in\u00e9galit\u00e9s entre hommes et femmes au niveau de la sant\u00e9 qui s\u2019inscrivent dans une ambition plus large de la part de la mutuelle. \u00ab\u00a0<i>Ces actions sont la continuit\u00e9 de notre approche politique et f\u00e9ministe de la sant\u00e9<\/i><i>\u00a0<\/i>\u00bb, affirme Pierre M\u00e9ry, vice-pr\u00e9sident de Solimut Mutuelle France.<\/p>\n<p>D\u00e9j\u00e0 au niveau de leur structure, Soli mut a mis en place \u00ab\u00a0l\u2019arr\u00eat menstruel\u00a0\u00bb, qui permet aux femmes souffrant de r\u00e8gles particuli\u00e8rement douloureuses de b\u00e9n\u00e9ficier de jours de repos. Mis en place l\u2019ann\u00e9e derni\u00e8re, la soci\u00e9t\u00e9 a \u00e9t\u00e9 accompagn\u00e9e pour cela par l\u2019association R\u00e8gles \u00e9l\u00e9mentaires. \u00ab\u00a0<i>C\u2019est une mesure qui fonctionne bien pour les personnes qui en ont besoin, mais aussi avec les managers, car il y a eu un bon accompagnement<\/i><i>\u00a0<\/i>\u00bb, se f\u00e9licite Pierre M\u00e9ry qui ajoute cependant \u00ab\u00a0<i>m\u00eame si on peut sans doute progresser<\/i><i>\u00a0<\/i><i>\u00bb. <\/i>Une exp\u00e9rimentation d\u2019autant plus importante qu\u2019elle pourra servir d\u2019exemple pour \u00e9largir le dispositif au niveau national. \u00ab\u00a0<i><span class=\"mln_uppercase_mln\">\u00e7<\/span><\/i><i>a nous permet d\u2019avoir des exemples concrets et qui fonctionnent pour porter des plaidoyers<\/i>\u00a0\u00bb, explique la responsable de l\u2019antenne Paca de l\u2019association R\u00e8gles \u00e9l\u00e9mentaires.<\/p>\n<p>Un engagement politique et f\u00e9ministe en lien avec le r\u00f4le social que veut porter Soli Mut pour \u00ab\u00a0<i>agir sur les in\u00e9galit\u00e9s d\u2019acc\u00e8s et sur la sant\u00e9 des femmes<\/i><i>\u00a0<\/i>\u00bb, rappelle Pierre M\u00e9ry.<\/p>\n<\/p><\/div>\n<div class=\"paragraph\">\n<p>\u00ab\u00a0Ces actions sont la continuit\u00e9 de notre approche politique <br \/>et f\u00e9ministe <br \/>de la sant\u00e9\u00a0\u00bb<\/p>\n<\/p><\/div>\n","protected":false},"excerpt":{"rendered":"Bingo des r&egrave;gles, quiz sur les st&eacute;r&eacute;otypes li&eacute;s aux menstruations, cartographie des appareils g&eacute;nitaux, pr&eacute;sentation du violentom&egrave;tre&#8230; Au festival Marsatac les 12, 13 et 14&nbsp;juin derniers, la &#8230;","protected":false},"author":1,"featured_media":34640,"comment_status":"open","ping_status":"open","sticky":false,"template":"","format":"standard","meta":{"footnotes":""},"categories":[3926,3925,32,20],"tags":[1513,10,1270,387,397,4130,16,431,256,1085,4105],"news-destination":[3944],"news-source":[475],"is_homepage":[],"ta_other":[],"class_list":["post-34639","post","type-post","status-publish","format-standard","has-post-thumbnail","hentry","category-accueil-merge","category-accueil-third","category-culture","category-societe","tag-action","tag-bouches-du-rhone","tag-delta-festival","tag-femmes","tag-festivals","tag-marsatac","tag-marseille","tag-prevention","tag-sante","tag-sensibilisation","tag-solimut","news-destination-homepage","news-source-website"],"_links":{"self":[{"href":"https:\/\/euapp01.newsmemory.com\/lamarseillaise\/news\/wp-json\/wp\/v2\/posts\/34639","targetHints":{"allow":["GET"]}}],"collection":[{"href":"https:\/\/euapp01.newsmemory.com\/lamarseillaise\/news\/wp-json\/wp\/v2\/posts"}],"about":[{"href":"https:\/\/euapp01.newsmemory.com\/lamarseillaise\/news\/wp-json\/wp\/v2\/types\/post"}],"author":[{"embeddable":true,"href":"https:\/\/euapp01.newsmemory.com\/lamarseillaise\/news\/wp-json\/wp\/v2\/users\/1"}],"replies":[{"embeddable":true,"href":"https:\/\/euapp01.newsmemory.com\/lamarseillaise\/news\/wp-json\/wp\/v2\/comments?post=34639"}],"version-history":[{"count":1,"href":"https:\/\/euapp01.newsmemory.com\/lamarseillaise\/news\/wp-json\/wp\/v2\/posts\/34639\/revisions"}],"predecessor-version":[{"id":34641,"href":"https:\/\/euapp01.newsmemory.com\/lamarseillaise\/news\/wp-json\/wp\/v2\/posts\/34639\/revisions\/34641"}],"wp:featuredmedia":[{"embeddable":true,"href":"https:\/\/euapp01.newsmemory.com\/lamarseillaise\/news\/wp-json\/wp\/v2\/media\/34640"}],"wp:attachment":[{"href":"https:\/\/euapp01.newsmemory.com\/lamarseillaise\/news\/wp-json\/wp\/v2\/media?parent=34639"}],"wp:term":[{"taxonomy":"category","embeddable":true,"href":"https:\/\/euapp01.newsmemory.com\/lamarseillaise\/news\/wp-json\/wp\/v2\/categories?post=34639"},{"taxonomy":"post_tag","embeddable":true,"href":"https:\/\/euapp01.newsmemory.com\/lamarseillaise\/news\/wp-json\/wp\/v2\/tags?post=34639"},{"taxonomy":"news-destination","embeddable":true,"href":"https:\/\/euapp01.newsmemory.com\/lamarseillaise\/news\/wp-json\/wp\/v2\/news-destination?post=34639"},{"taxonomy":"news-source","embeddable":true,"href":"https:\/\/euapp01.newsmemory.com\/lamarseillaise\/news\/wp-json\/wp\/v2\/news-source?post=34639"},{"taxonomy":"is_homepage","embeddable":true,"href":"https:\/\/euapp01.newsmemory.com\/lamarseillaise\/news\/wp-json\/wp\/v2\/is_homepage?post=34639"},{"taxonomy":"ta_other","embeddable":true,"href":"https:\/\/euapp01.newsmemory.com\/lamarseillaise\/news\/wp-json\/wp\/v2\/ta_other?post=34639"}],"curies":[{"name":"wp","href":"https:\/\/api.w.org\/{rel}","templated":true}]}}