{"id":34636,"date":"2026-06-30T07:34:00","date_gmt":"2026-06-30T05:34:00","guid":{"rendered":"https:\/\/euapp01.newsmemory.com\/lamarseillaise\/news\/?p=34636"},"modified":"2026-06-30T10:26:00","modified_gmt":"2026-06-30T08:26:00","slug":"des-carreaux-dans-le-metro-avec-les-champions-bonetto","status":"publish","type":"post","link":"https:\/\/euapp01.newsmemory.com\/lamarseillaise\/news\/2026\/06\/30\/des-carreaux-dans-le-metro-avec-les-champions-bonetto\/","title":{"rendered":"Des carreaux dans le m\u00e9tro avec les champions Bonetto"},"content":{"rendered":"<div class=\"paragraph\">\n<p>Une partie de p\u00e9tanque en plein c\u0153ur d\u2019une station de m\u00e9tro. L\u2019id\u00e9e peut surprendre, mais c\u2019est bien le d\u00e9fi relev\u00e9, lundi, par la R\u00e9gie des transports m\u00e9tropolitains (RTM), qui a transform\u00e9 le hall de la station Joliette en boulodrome \u00e9ph\u00e9m\u00e8re le temps d\u2019une animation plac\u00e9e sous le signe de la convivialit\u00e9. Pour l\u2019occasion, Micka\u00ebl Bonetto, r\u00e9cent champion d\u2019Europe en t\u00eate-\u00e0-t\u00eate, et son \u00e9pouse Marine Bonetto, double championne de France en doublette mixte \u00e0 ses c\u00f4t\u00e9s, ont \u00e9chang\u00e9 quelques carreaux sous le regard des voyageurs.<\/p>\n<p>Intrigu\u00e9s, de nombreux usagers se sont arr\u00eat\u00e9s autour du tapis rouge install\u00e9 pour l\u2019\u00e9v\u00e9nement afin d\u2019admirer les deux champions \u00e0 l\u2019\u0153uvre. \u00ab<i>\u00a0<\/i><i>C\u2019est tr\u00e8s impressionnant de les voir d\u2019aussi pr\u00e8s<\/i><i>\u00a0<\/i>\u00bb, sourit Laetitia, passionn\u00e9e de p\u00e9tanque, venue avec ses trois enfants. Tous licenci\u00e9s au club des Amis de Saint-Julien, les jeunes boulistes n\u2019ont pas laiss\u00e9 passer l\u2019occasion de d\u00e9fier le couple star lors d\u2019une partie de p\u00e9tanque indoor, une variante disput\u00e9e avec des boules souples en plastique.<\/p>\n<\/p><\/div>\n<div class=\"intext\"> Jeunes invit\u00e9s de marque\n              <\/div>\n<div class=\"paragraph\">\n<p>Une parenth\u00e8se conviviale, certes, mais o\u00f9 l\u2019esprit de comp\u00e9tition n\u2019a jamais vraiment disparu. \u00ab<i>\u00a0<\/i><i>Je vais faire un carreau<\/i><i>\u00a0<\/i>\u00bb, annonce Micka\u00ebl Bonetto avant de joindre le geste \u00e0 la parole. Le champion istr\u00e9en a prouv\u00e9 que son adresse ne d\u00e9pendait pas du m\u00e9tal de ses boules, se montrant tout aussi pr\u00e9cis avec les sph\u00e8res en plastique utilis\u00e9es pour cette version indoor. Si les plus jeunes avaient des \u00e9toiles plein les yeux, plusieurs adolescents se sont \u00e9galement pr\u00eat\u00e9s au jeu. Parmi eux, Farid et Ryan ont particuli\u00e8rement tap\u00e9 dans l\u2019\u0153il de Maryan Barth\u00e9l\u00e9my, directeur des \u00e9v\u00e9nements du groupe La\u00a0Marseillaise. S\u00e9duit par leur enthousiasme et leur aisance, le nouveau patron du Mondial leur a offert une inscription pour participer au prestigieux tournoi, dimanche matin, au parc Bor\u00e9ly. Une r\u00e9compense inesp\u00e9r\u00e9e pour les deux n\u00e9ophytes, qui ont peut-\u00eatre v\u00e9cu, dans les couloirs du m\u00e9tro marseillais, le d\u00e9but d\u2019une belle aventure. \u00ab<i>\u00a0<\/i><i>Je n\u2019arrive pas \u00e0 r\u00e9aliser que je vais participer au plus grand concours de p\u00e9tanque au monde<\/i><i>\u00a0<\/i>\u00bb, s\u2019enthousiasme Farid, convaincu, avec son acolyte, d\u2019avoir les moyens de franchir le premier tour.<\/p>\n<p>Fascin\u00e9es par la pr\u00e9cision de Marine Bonetto \u00e0 l\u2019appoint, deux jeunes filles se sont, elles aussi, illustr\u00e9es sur le tapis rouge. \u00ab<i>\u00a0<\/i><i>Je n\u2019avais jamais jou\u00e9 \u00e0 la p\u00e9tanque<\/i><i>\u00a0<\/i>\u00bb, confie Myriam, pourtant \u00e9tonnamment \u00e0 l\u2019aise dans ses premi\u00e8res tentatives. Au point de donner du fil \u00e0 retordre \u00e0 Micka\u00ebl Bonetto, v\u00e9ritable m\u00e9tronome au tir. Comme Farid et Ryan, les deux adolescentes ont \u00e9t\u00e9 r\u00e9compens\u00e9es de leurs performances par une invitation \u00e0 participer, vendredi matin, au Grand Prix f\u00e9minin Paprec.<\/p>\n<\/p><\/div>\n","protected":false},"excerpt":{"rendered":"Une partie de p&eacute;tanque en plein c&oelig;ur d&rsquo;une station de m&eacute;tro. L&rsquo;id&eacute;e peut surprendre, mais c&rsquo;est bien le d&eacute;fi relev&eacute;, lundi, par la R&eacute;gie des transports m&eacute;tropolitains (RTM), &#8230;","protected":false},"author":1,"featured_media":34637,"comment_status":"open","ping_status":"open","sticky":false,"template":"","format":"standard","meta":{"footnotes":""},"categories":[7],"tags":[1307,10,59,4581,5560,5260,16,1937,4082,4647,4580,1013],"news-destination":[],"news-source":[475],"is_homepage":[],"ta_other":[],"class_list":["post-34636","post","type-post","status-publish","format-standard","has-post-thumbnail","hentry","category-sports","tag-animation","tag-bouches-du-rhone","tag-jeunes","tag-la-marseillaise-2026","tag-le-mondial-la-marseillaise-2026","tag-les-carreaux-du-coeur","tag-marseille","tag-metro","tag-mickael-bonetto","tag-mlm2026","tag-mondial-la-marseillaise-2026","tag-petanque","news-source-website"],"_links":{"self":[{"href":"https:\/\/euapp01.newsmemory.com\/lamarseillaise\/news\/wp-json\/wp\/v2\/posts\/34636","targetHints":{"allow":["GET"]}}],"collection":[{"href":"https:\/\/euapp01.newsmemory.com\/lamarseillaise\/news\/wp-json\/wp\/v2\/posts"}],"about":[{"href":"https:\/\/euapp01.newsmemory.com\/lamarseillaise\/news\/wp-json\/wp\/v2\/types\/post"}],"author":[{"embeddable":true,"href":"https:\/\/euapp01.newsmemory.com\/lamarseillaise\/news\/wp-json\/wp\/v2\/users\/1"}],"replies":[{"embeddable":true,"href":"https:\/\/euapp01.newsmemory.com\/lamarseillaise\/news\/wp-json\/wp\/v2\/comments?post=34636"}],"version-history":[{"count":1,"href":"https:\/\/euapp01.newsmemory.com\/lamarseillaise\/news\/wp-json\/wp\/v2\/posts\/34636\/revisions"}],"predecessor-version":[{"id":34638,"href":"https:\/\/euapp01.newsmemory.com\/lamarseillaise\/news\/wp-json\/wp\/v2\/posts\/34636\/revisions\/34638"}],"wp:featuredmedia":[{"embeddable":true,"href":"https:\/\/euapp01.newsmemory.com\/lamarseillaise\/news\/wp-json\/wp\/v2\/media\/34637"}],"wp:attachment":[{"href":"https:\/\/euapp01.newsmemory.com\/lamarseillaise\/news\/wp-json\/wp\/v2\/media?parent=34636"}],"wp:term":[{"taxonomy":"category","embeddable":true,"href":"https:\/\/euapp01.newsmemory.com\/lamarseillaise\/news\/wp-json\/wp\/v2\/categories?post=34636"},{"taxonomy":"post_tag","embeddable":true,"href":"https:\/\/euapp01.newsmemory.com\/lamarseillaise\/news\/wp-json\/wp\/v2\/tags?post=34636"},{"taxonomy":"news-destination","embeddable":true,"href":"https:\/\/euapp01.newsmemory.com\/lamarseillaise\/news\/wp-json\/wp\/v2\/news-destination?post=34636"},{"taxonomy":"news-source","embeddable":true,"href":"https:\/\/euapp01.newsmemory.com\/lamarseillaise\/news\/wp-json\/wp\/v2\/news-source?post=34636"},{"taxonomy":"is_homepage","embeddable":true,"href":"https:\/\/euapp01.newsmemory.com\/lamarseillaise\/news\/wp-json\/wp\/v2\/is_homepage?post=34636"},{"taxonomy":"ta_other","embeddable":true,"href":"https:\/\/euapp01.newsmemory.com\/lamarseillaise\/news\/wp-json\/wp\/v2\/ta_other?post=34636"}],"curies":[{"name":"wp","href":"https:\/\/api.w.org\/{rel}","templated":true}]}}