{"id":34630,"date":"2026-06-30T07:40:00","date_gmt":"2026-06-30T05:40:00","guid":{"rendered":"https:\/\/euapp01.newsmemory.com\/lamarseillaise\/news\/?p=34630"},"modified":"2026-06-30T10:26:00","modified_gmt":"2026-06-30T08:26:00","slug":"les-bleus-passent-aux-choses-serieuses-face-a-la-suede","status":"publish","type":"post","link":"https:\/\/euapp01.newsmemory.com\/lamarseillaise\/news\/2026\/06\/30\/les-bleus-passent-aux-choses-serieuses-face-a-la-suede\/","title":{"rendered":"Les Bleus passent aux choses s\u00e9rieuses face \u00e0 la Su\u00e8de"},"content":{"rendered":"<div class=\"paragraph\">\n<p>Contrairement \u00e0 plusieurs pr\u00e9tendants au titre mondial, comme l\u2019Angleterre, le Portugal, l\u2019Espagne ou encore l\u2019Allemagne, les Bleus ont survol\u00e9 leur phase de poules sans v\u00e9ritablement \u00eatre inqui\u00e9t\u00e9s. Mais d\u00e9sormais, tout repart \u00e0 z\u00e9ro\u00a0: la moindre contre-performance peut mettre fin \u00e0 l\u2019aventure des qualifi\u00e9s. Pour une s\u00e9lection qui vise une place en finale le 19\u00a0juillet au MetLife Stadium, o\u00f9 elle pourrait notamment croiser les Scandinaves, un tel sc\u00e9nario tiendrait du fiasco, au regard des attentes suscit\u00e9es par ses premi\u00e8res sorties et de la puissance offensive affich\u00e9e par les hommes de Didier Deschamps.<\/p>\n<p>Face \u00e0 la Su\u00e8de, adversaire largement \u00e0 sa port\u00e9e, l\u2019\u00e9quipe de France aborde son huiti\u00e8me de finale avec une solide dose de certitudes.<i> <\/i>\u00ab<i>\u00a0<\/i><i>Vous avez la confiance, vous avez \u00e9t\u00e9 capables de faire de tr\u00e8s bonnes choses. Il faut se nourrir de cette confiance sans en avoir \u00e0 l\u2019exc\u00e8s parce que, plus on avance, plus on monte la montagne, et en face on aura de plus en plus de r\u00e9pondant. Pensons d\u00e9j\u00e0 aux Su\u00e9dois, \u00e7a vient vite. Mais on a encore beaucoup de choses \u00e0 aller chercher<\/i><i>\u00a0<\/i>\u00bb, a rappel\u00e9 Didier Deschamps \u00e0 ses joueurs samedi, dans une vid\u00e9o diffus\u00e9e par la F\u00e9d\u00e9ration fran\u00e7aise de football. Avec quatre buts chacun, le capitaine Kylian Mbapp\u00e9 et Ousmane Demb\u00e9l\u00e9 ont lanc\u00e9 leur tournoi tambour battant.<\/p>\n<\/p><\/div>\n<div class=\"intext\"> R\u00e9\u00e9quilibrer le onze\n              <\/div>\n<div class=\"paragraph\">\n<p>Le premier, fid\u00e8le \u00e0 son terrain de jeu favori, tentera de maintenir le rythme infernal de Lionel Messi, d\u00e9j\u00e0 auteur de six r\u00e9alisations et qui le devance de trois unit\u00e9s au classement des meilleurs buteurs en phase finale (19). Mais la star fran\u00e7aise a aussi montr\u00e9 une autre facette de son registre, plus tourn\u00e9e vers le collectif, avec deux passes d\u00e9cisives contre la Norv\u00e8ge, balay\u00e9e 4-1 vendredi. Les Su\u00e9dois, troisi\u00e8mes du groupe\u00a0F apr\u00e8s un parcours en montagnes russes (large victoire 5-1 contre la Tunisie, lourde d\u00e9faite 5-1 face aux Pays-Bas, nul 1-1 contre le Japon), mesurent l\u2019ampleur du d\u00e9fi. \u00ab<i>\u00a0<\/i><i>Nous avons beau \u00eatre outsiders, nous croyons en nous. Il faudra \u00eatre \u00e0 notre meilleur niveau, avec une organisation d\u00e9fensive quasi parfaite, et savoir convertir les occasions que nous aurons<\/i><i>\u00a0<\/i>\u00bb, a estim\u00e9 l\u2019attaquant vedette su\u00e9dois Viktor Gy\u00f6keres, r\u00e9f\u00e9rence offensive de sa s\u00e9lection.<\/p>\n<p>Avec le sch\u00e9ma en 4-2-3-1 introduit en mars\u00a02025 dans le sillage de l\u2019\u00e9mergence de Michael Olise, la d\u00e9fense fran\u00e7aise appara\u00eet plus expos\u00e9e et la question de l\u2019\u00e9quilibre collectif reste en suspens. Didier Deschamps ne semble toutefois pas pr\u00eat \u00e0 renoncer \u00e0 cette philosophie plus offensive, conscient de disposer d\u2019un potentiel offensif hors-norme. M\u00eame si Dayot Upamecano s\u2019est montr\u00e9 f\u00e9brile face \u00e0 la Norv\u00e8ge, le retour de William Saliba permet au s\u00e9lectionneur de reconstituer une charni\u00e8re centrale parmi les plus solides du monde. Les lat\u00e9raux, en revanche, inspirent encore davantage de prudence, notamment dans leur capacit\u00e9 \u00e0 g\u00e9rer les espaces dans leur dos en transition.<\/p>\n<p>Sur le papier, toutefois, l\u2019ensemble demeure largement sup\u00e9rieur \u00e0 celui des Su\u00e9dois. Encore faut-il le confirmer sur le terrain, dans un format o\u00f9 les certitudes accumul\u00e9es en phase de groupes ne p\u00e8sent plus bien lourd face \u00e0 l\u2019exigence du tr\u00e8s haut niveau.<\/p>\n<\/p><\/div>\n<div class=\"paragraph\">\n<p><b>ET AUSSI<\/b><\/p>\n<p><b>Un mort dans une fanzone en Californie<\/b><\/p>\n<p>Une fusillade survenue samedi soir \u00e0 San Jose, en Californie, a fait un mort et un bless\u00e9 grave dans un secteur utilis\u00e9 ces derniers jours comme une fan zone pour les supporters de la Coupe du Monde 2026. L\u2019attaque s\u2019est produite sur San Pedro Square, un quartier anim\u00e9 de la baie de San Francisco regroupant bars et restaurants et servant ponctuellement de fan zone durant le tournoi. La police de San Jose a pr\u00e9cis\u00e9 qu\u2019aucun match n\u2019\u00e9tait en cours au moment des faits.<\/p>\n<p>Une victime a \u00e9t\u00e9 d\u00e9clar\u00e9e morte sur place tandis qu\u2019une seconde a \u00e9t\u00e9 transport\u00e9e \u00e0 l\u2019h\u00f4pital dans un \u00e9tat critique.<\/p>\n<p>Les autorit\u00e9s ont imm\u00e9diatement ouvert une enqu\u00eate pour homicide.<\/p>\n<p><b>D\u00e9mission du pr\u00e9sident Saoudien<\/b><\/p>\n<p>La seule \u00e9quipe \u00e0 avoir battu l\u2019Argentine au Qatar est cette fois pass\u00e9e au travers de la Coupe du monde 2026, et Yasser al-Misehal a d\u00e9cid\u00e9 d\u2019en assumer les cons\u00e9quences en d\u00e9missionnant de son poste de pr\u00e9sident de la f\u00e9d\u00e9ration saoudienne de football. \u00ab<i> L\u2019\u00e9chec de l\u2019\u00e9quipe nationale \u00e0 se qualifier pour le prochain tour de la Coupe du monde est un r\u00e9sultat en de\u00e7\u00e0 de toutes nos ambitions, et j\u2019en assume l\u2019enti\u00e8re responsabilit\u00e9. Je pr\u00e9sente mes excuses \u00e0 tous ceux qui esp\u00e9raient voir notre \u00e9quipe dans une meilleure position <\/i>\u00bb, a \u00e9crit M. Misehal sur X.<\/p>\n<p><b>France-Argentine en finale ?<\/b><\/p>\n<p>\u00c0 l\u2019issue de la phase de groupes de la Coupe du monde, les dynamiques de certaines nations ont chang\u00e9 en vue de la victoire finale. Selon les pr\u00e9dictions d\u2019Opta, la France est d\u00e9sormais favorite pour remporter le troph\u00e9e avec en adversaire principal l\u2019Argentine.<\/p>\n<\/p><\/div>\n","protected":false},"excerpt":{"rendered":"Contrairement &agrave; plusieurs pr&eacute;tendants au titre mondial, comme l&rsquo;Angleterre, le Portugal, l&rsquo;Espagne ou encore l&rsquo;Allemagne, les Bleus ont survol&eacute; leur phase de poules sans v&eacute;ritablement &ecirc;tre &#8230;","protected":false},"author":1,"featured_media":34631,"comment_status":"open","ping_status":"open","sticky":false,"template":"","format":"standard","meta":{"footnotes":""},"categories":[7],"tags":[1097,1000,999,276,5818,13,572,2072,1001,4256],"news-destination":[],"news-source":[475],"is_homepage":[],"ta_other":[],"class_list":["post-34630","post","type-post","status-publish","format-standard","has-post-thumbnail","hentry","category-sports","tag-coupe-du-monde","tag-didier-deschamps","tag-equipe-de-france","tag-etats-unis","tag-fifa","tag-football","tag-france","tag-mbappe","tag-ousmane-dembele","tag-suede","news-source-website"],"_links":{"self":[{"href":"https:\/\/euapp01.newsmemory.com\/lamarseillaise\/news\/wp-json\/wp\/v2\/posts\/34630","targetHints":{"allow":["GET"]}}],"collection":[{"href":"https:\/\/euapp01.newsmemory.com\/lamarseillaise\/news\/wp-json\/wp\/v2\/posts"}],"about":[{"href":"https:\/\/euapp01.newsmemory.com\/lamarseillaise\/news\/wp-json\/wp\/v2\/types\/post"}],"author":[{"embeddable":true,"href":"https:\/\/euapp01.newsmemory.com\/lamarseillaise\/news\/wp-json\/wp\/v2\/users\/1"}],"replies":[{"embeddable":true,"href":"https:\/\/euapp01.newsmemory.com\/lamarseillaise\/news\/wp-json\/wp\/v2\/comments?post=34630"}],"version-history":[{"count":1,"href":"https:\/\/euapp01.newsmemory.com\/lamarseillaise\/news\/wp-json\/wp\/v2\/posts\/34630\/revisions"}],"predecessor-version":[{"id":34632,"href":"https:\/\/euapp01.newsmemory.com\/lamarseillaise\/news\/wp-json\/wp\/v2\/posts\/34630\/revisions\/34632"}],"wp:featuredmedia":[{"embeddable":true,"href":"https:\/\/euapp01.newsmemory.com\/lamarseillaise\/news\/wp-json\/wp\/v2\/media\/34631"}],"wp:attachment":[{"href":"https:\/\/euapp01.newsmemory.com\/lamarseillaise\/news\/wp-json\/wp\/v2\/media?parent=34630"}],"wp:term":[{"taxonomy":"category","embeddable":true,"href":"https:\/\/euapp01.newsmemory.com\/lamarseillaise\/news\/wp-json\/wp\/v2\/categories?post=34630"},{"taxonomy":"post_tag","embeddable":true,"href":"https:\/\/euapp01.newsmemory.com\/lamarseillaise\/news\/wp-json\/wp\/v2\/tags?post=34630"},{"taxonomy":"news-destination","embeddable":true,"href":"https:\/\/euapp01.newsmemory.com\/lamarseillaise\/news\/wp-json\/wp\/v2\/news-destination?post=34630"},{"taxonomy":"news-source","embeddable":true,"href":"https:\/\/euapp01.newsmemory.com\/lamarseillaise\/news\/wp-json\/wp\/v2\/news-source?post=34630"},{"taxonomy":"is_homepage","embeddable":true,"href":"https:\/\/euapp01.newsmemory.com\/lamarseillaise\/news\/wp-json\/wp\/v2\/is_homepage?post=34630"},{"taxonomy":"ta_other","embeddable":true,"href":"https:\/\/euapp01.newsmemory.com\/lamarseillaise\/news\/wp-json\/wp\/v2\/ta_other?post=34630"}],"curies":[{"name":"wp","href":"https:\/\/api.w.org\/{rel}","templated":true}]}}