{"id":34621,"date":"2026-06-30T07:16:00","date_gmt":"2026-06-30T05:16:00","guid":{"rendered":"https:\/\/euapp01.newsmemory.com\/lamarseillaise\/news\/?p=34621"},"modified":"2026-07-04T08:15:00","modified_gmt":"2026-07-04T06:15:00","slug":"une-reforme-de-facade-sur-le-sport-professionnel","status":"publish","type":"post","link":"https:\/\/euapp01.newsmemory.com\/lamarseillaise\/news\/2026\/06\/30\/une-reforme-de-facade-sur-le-sport-professionnel\/","title":{"rendered":"Une \u00ab&nbsp;r\u00e9forme de fa\u00e7ade&nbsp;\u00bb sur le sport professionnel"},"content":{"rendered":"<div class=\"paragraph\">\n<p>Pr\u00e9sent\u00e9e comme une refonte destin\u00e9e \u00e0 moderniser la gouvernance du sport professionnel fran\u00e7ais, cette r\u00e9forme, adopt\u00e9e au S\u00e9nat il y a un an, divise entre promesses de comp\u00e9titivit\u00e9 accrue et critiques d\u2019un mod\u00e8le jug\u00e9 \u00e0 bout de souffle.<\/p>\n<p>Cette proposition de loi, port\u00e9e par les s\u00e9nateurs Laurent Lafon (Union centriste) et Michel Savin (LR), a \u00e9t\u00e9 adopt\u00e9e en premi\u00e8re lecture lundi \u00e0 l\u2019Assembl\u00e9e nationale avec 75\u00a0votes pour et 2\u00a0votes contre.<\/p>\n<p>Elle vise notamment \u00e0 adapter l\u2019organisation du sport professionnel en lui donnant les outils n\u00e9cessaires pour gagner en comp\u00e9titivit\u00e9 dans un environnement de plus en plus concurrentiel.<\/p>\n<p>Cette r\u00e9forme entend \u00e9galement renforcer le r\u00f4le du minist\u00e8re des Sports dans ses relations avec les F\u00e9d\u00e9rations et les Ligues, et s\u2019articule autour de quatre grands axes pr\u00e9sent\u00e9s, lundi matin, par la ministre Marina Ferrari\u00a0: la lutte contre le piratage, la r\u00e9affirmation de l\u2019architecture du mod\u00e8le sportif fran\u00e7ais, le soutien au d\u00e9veloppement du sport professionnel f\u00e9minin, ainsi que la r\u00e9forme de la gouvernance du football professionnel.<\/p>\n<p>Sur le papier, le programme appara\u00eet structur\u00e9 et comporte plusieurs pistes jug\u00e9es s\u00e9rieuses \u00e0 explorer. Mais pour Soumya Bourouaha, d\u00e9put\u00e9e communiste de la 4<sup>e<\/sup>\u00a0circonscription de Seine-Saint-Denis et membre du groupe de la Gauche d\u00e9mocrate et r\u00e9publicaine, le constat est bien plus r\u00e9aliste. \u00ab<i>\u00a0<\/i><i>Ce texte ne r\u00e9forme rien de fondamental. Il y avait pourtant \u00e0 faire, tant le mod\u00e8le du sport professionnel est un \u00e9chec<\/i><i>\u00a0<\/i>\u00bb, a-t-elle r\u00e9agi.<\/p>\n<\/p><\/div>\n<div class=\"intext\"> Chute de 80% en six ans\n              <\/div>\n<div class=\"paragraph\">\n<p>Elle d\u00e9nonce notamment une strat\u00e9gie qu\u2019elle qualifie de \u00ab<i>\u00a0<\/i><i>locomotive<\/i><i>\u00a0<\/i>\u00bb, consistant, au sujet du football, \u00e0 concentrer toujours davantage de ressources sur un seul club, le PSG. \u00ab<i>\u00a0<\/i><i>Elle est inefficiente. Nous avons tout sacrifi\u00e9<\/i><i>\u00a0<\/i><i>: la solidarit\u00e9 entre les clubs, les liens entre le football professionnel et amateur, le sport f\u00e9minin, les int\u00e9r\u00eats des supporters, au nom d\u2019une pr\u00e9tendue comp\u00e9titivit\u00e9 \u00e9conomique<\/i><i>\u00a0<\/i>\u00bb, ajoute Soumya Bourouaha.<\/p>\n<p>Pour quel r\u00e9sultat\u00a0? \u00ab<i>\u00a0<\/i><i>Les in\u00e9galit\u00e9s ont explos\u00e9, l\u2019al\u00e9a sportif a quasiment disparu, une partie des clubs professionnels est au bord de la faillite et les droits t\u00e9l\u00e9visuels sont revenus \u00e0 leur niveau d\u2019il y a trente ans. La th\u00e9orie du ruissellement n\u2019existe pas, le tout business n\u2019a construit aucun business<\/i><i>\u00a0<\/i>\u00bb, affirme-t-elle. Des villes comme Auxerre, Sochaux ou Guingamp n\u2019existent souvent plus qu\u2019au rythme des fermetures d\u2019usines ou des exploits de leurs clubs. L\u2019\u00e9lue francilienne revient \u00e9galement sur la crise profonde que traverse le football professionnel, malgr\u00e9 \u00ab<i>\u00a0<\/i><i>l\u2019apport d\u2019oxyg\u00e8ne<\/i><i>\u00a0<\/i>\u00bb<i> <\/i>amen\u00e9 par le fonds CVC, en 2022. Selon elle, la baisse des droits t\u00e9l\u00e9vis\u00e9s et les conflits entre diffuseurs ont mis en lumi\u00e8re les limites du mod\u00e8le \u00e9conomique actuel et les difficult\u00e9s structurelles de gouvernance.<\/p>\n<p>Les droits audiovisuels, qui s\u2019\u00e9levaient \u00e0 1,153\u00a0milliard d\u2019euros en 2021, pourraient chuter \u00e0 environ 205\u00a0millions d\u2019euros en 2026, soit une baisse estim\u00e9e de plus de 80% en six ans. Un effondrement qui, selon elle, illustre les fragilit\u00e9s d\u2019un syst\u00e8me arriv\u00e9 \u00e0 bout de souffle.<\/p>\n<p>Mais que contient r\u00e9ellement cette proposition de loi\u00a0? Un renforcement du contr\u00f4le exerc\u00e9 par les F\u00e9d\u00e9rations sur les Ligues\u00a0? \u00ab<i>\u00a0<\/i><i>Une mesure bienvenue, mais d\u2019une port\u00e9e limit\u00e9e tant les F\u00e9d\u00e9rations restent soumises aux m\u00eames logiques de march\u00e9<\/i><i>\u00a0<\/i>\u00bb, estime-t-elle. Un encadrement des droits t\u00e9l\u00e9visuels\u00a0? \u00ab<i>\u00a0<\/i><i>Minimaliste et largement vid\u00e9 de sa substance par de nombreuses exceptions.<\/i>\u00a0\u00bb Un renforcement des pouvoirs de la DNCG, le gendarme du football fran\u00e7ais\u00a0? \u00ab<i>\u00a0<\/i><i>Souhaitable, mais fragilis\u00e9 par le manque d\u2019ind\u00e9pendance de cette instance.<\/i>\u00a0\u00bb Des engagements en faveur de la visibilit\u00e9 des comp\u00e9titions sportives f\u00e9minines\u00a0? \u00ab<i>\u00a0<\/i><i>N\u00e9cessaires, mais insuffisants pour consolider durablement leur mod\u00e8le \u00e9conomique<\/i><i>\u00a0<\/i>\u00bb, poursuit la d\u00e9put\u00e9e communiste, en indiquant que ce texte \u00ab<i>\u00a0<\/i><i>fait le choix de la r\u00e9pression<\/i><i>\u00a0<\/i>\u00bb.<\/p>\n<\/p><\/div>\n","protected":false},"excerpt":{"rendered":"Pr&eacute;sent&eacute;e comme une refonte destin&eacute;e &agrave; moderniser la gouvernance du sport professionnel fran&ccedil;ais, cette r&eacute;forme, adopt&eacute;e au S&eacute;nat il y a un an, divise entre promesses de &#8230;","protected":false},"author":1,"featured_media":34622,"comment_status":"open","ping_status":"open","sticky":false,"template":"","format":"standard","meta":{"footnotes":""},"categories":[3926,3925,7],"tags":[820,5983,1014,13,572,16,250,191,1920],"news-destination":[3944],"news-source":[475],"is_homepage":[],"ta_other":[],"class_list":["post-34621","post","type-post","status-publish","format-standard","has-post-thumbnail","hentry","category-accueil-merge","category-accueil-third","category-sports","tag-assemblee-nationale","tag-droits-tv","tag-feminin","tag-football","tag-france","tag-marseille","tag-pcf","tag-politique","tag-senat","news-destination-homepage","news-source-website"],"_links":{"self":[{"href":"https:\/\/euapp01.newsmemory.com\/lamarseillaise\/news\/wp-json\/wp\/v2\/posts\/34621","targetHints":{"allow":["GET"]}}],"collection":[{"href":"https:\/\/euapp01.newsmemory.com\/lamarseillaise\/news\/wp-json\/wp\/v2\/posts"}],"about":[{"href":"https:\/\/euapp01.newsmemory.com\/lamarseillaise\/news\/wp-json\/wp\/v2\/types\/post"}],"author":[{"embeddable":true,"href":"https:\/\/euapp01.newsmemory.com\/lamarseillaise\/news\/wp-json\/wp\/v2\/users\/1"}],"replies":[{"embeddable":true,"href":"https:\/\/euapp01.newsmemory.com\/lamarseillaise\/news\/wp-json\/wp\/v2\/comments?post=34621"}],"version-history":[{"count":1,"href":"https:\/\/euapp01.newsmemory.com\/lamarseillaise\/news\/wp-json\/wp\/v2\/posts\/34621\/revisions"}],"predecessor-version":[{"id":34623,"href":"https:\/\/euapp01.newsmemory.com\/lamarseillaise\/news\/wp-json\/wp\/v2\/posts\/34621\/revisions\/34623"}],"wp:featuredmedia":[{"embeddable":true,"href":"https:\/\/euapp01.newsmemory.com\/lamarseillaise\/news\/wp-json\/wp\/v2\/media\/34622"}],"wp:attachment":[{"href":"https:\/\/euapp01.newsmemory.com\/lamarseillaise\/news\/wp-json\/wp\/v2\/media?parent=34621"}],"wp:term":[{"taxonomy":"category","embeddable":true,"href":"https:\/\/euapp01.newsmemory.com\/lamarseillaise\/news\/wp-json\/wp\/v2\/categories?post=34621"},{"taxonomy":"post_tag","embeddable":true,"href":"https:\/\/euapp01.newsmemory.com\/lamarseillaise\/news\/wp-json\/wp\/v2\/tags?post=34621"},{"taxonomy":"news-destination","embeddable":true,"href":"https:\/\/euapp01.newsmemory.com\/lamarseillaise\/news\/wp-json\/wp\/v2\/news-destination?post=34621"},{"taxonomy":"news-source","embeddable":true,"href":"https:\/\/euapp01.newsmemory.com\/lamarseillaise\/news\/wp-json\/wp\/v2\/news-source?post=34621"},{"taxonomy":"is_homepage","embeddable":true,"href":"https:\/\/euapp01.newsmemory.com\/lamarseillaise\/news\/wp-json\/wp\/v2\/is_homepage?post=34621"},{"taxonomy":"ta_other","embeddable":true,"href":"https:\/\/euapp01.newsmemory.com\/lamarseillaise\/news\/wp-json\/wp\/v2\/ta_other?post=34621"}],"curies":[{"name":"wp","href":"https:\/\/api.w.org\/{rel}","templated":true}]}}