{"id":34618,"date":"2026-06-30T07:16:00","date_gmt":"2026-06-30T05:16:00","guid":{"rendered":"https:\/\/euapp01.newsmemory.com\/lamarseillaise\/news\/?p=34618"},"modified":"2026-07-04T08:04:38","modified_gmt":"2026-07-04T06:04:38","slug":"les-feux-de-foret-principal-peril-estival-dans-le-var","status":"publish","type":"post","link":"https:\/\/euapp01.newsmemory.com\/lamarseillaise\/news\/2026\/06\/30\/les-feux-de-foret-principal-peril-estival-dans-le-var\/","title":{"rendered":"Les feux de for\u00eat, principal p\u00e9ril estival dans le Var"},"content":{"rendered":"<div class=\"paragraph\">\n<p>C\u2019est une rengaine dont on se passerait volontiers. Chaque \u00e9t\u00e9, le Var figure parmi les territoires fran\u00e7ais les plus expos\u00e9s au risque d\u2019incendie. Entre les fortes chaleurs, une population estivale multipli\u00e9e par deux, le vent et ses 388 000 hectares de for\u00eats, le d\u00e9partement pr\u00e9sente tous les ingr\u00e9dients propices aux d\u00e9parts de feu. Avec 67 % de sa superficie bois\u00e9e, il est d\u2019ailleurs le troisi\u00e8me d\u00e9partement le plus forestier de France en proportion.<\/p>\n<p>Un cocktail encore plus explosif cet \u00e9t\u00e9 que les autres, avec un mercure qui a atteint des niveaux jamais enregistr\u00e9s dans le pays, entra\u00eenant \u00ab\u00a0<i>trois semaines d\u2019avance en termes de s\u00e9cheresse<\/i><i>\u00a0<\/i>\u00bb, alerte Eric Grohin, directeur du Sdis du Var. \u00ab\u00a0<i>Des conditions de feu<\/i>\u00a0\u00bb rendues d\u2019autant plus pr\u00e9occupantes par \u00ab\u00a0<i>le vent important<\/i>\u00a0\u00bb attendu dans les prochains jours, et \u00ab\u00a0<i>une saison qui rappelle beaucoup l\u2019ann\u00e9e 2003<\/i>\u00a0\u00bb, s\u2019inqui\u00e8te-t-il.<\/p>\n<p>C\u2019est dans ce contexte que <a rel=\"noopener noreferrer\" href=\"https:\/\/www.lamarseillaise.fr\/politique\/l-armee-et-la-securite-civile-unies-face-aux-incendies-HE20424157\" target=\"_blank\">la ministre des Arm\u00e9es, Catherine Vautrin, a rendu visite au 7<sup>e<\/sup>\u00a0R\u00e9giment d\u2019instruction et d\u2019intervention de la S\u00e9curit\u00e9 civile (Riisc) de Brignoles<\/a>, qui appuie les services de s\u00e9curit\u00e9 civile dans la lutte contre les catastrophes naturelles, jeudi dernier. Et annonc\u00e9 le d\u00e9clenchement avanc\u00e9 de l\u2019op\u00e9ration H\u00e9pha\u00efstos, mission estivale de vigilance contre les incendies.<\/p>\n<\/p><\/div>\n<div class=\"intext\"> \u00ab\u00a0Le meilleur feu, celui<br \/>\n               <br \/>qui ne se d\u00e9clenche pas\u00a0\u00bb\n              <\/div>\n<div class=\"paragraph\">\n<p>Alors que l\u2019on d\u00e9plore d\u00e9j\u00e0 cinq fois plus de d\u00e9parts de feu et de surfaces parcourues qu\u2019\u00e0 la m\u00eame p\u00e9riode l\u2019an dernier, m\u00eame si les incendies sont rest\u00e9s de taille modeste, la pr\u00e9vention demeure le premier levier d\u2019action. Car \u00ab\u00a0<i>le meilleur feu est celui qui ne se d\u00e9clenche pas<\/i>\u00a0\u00bb, mart\u00e8le le pr\u00e9fet du Var, Simon Babre.<\/p>\n<p>Outre le rappel des obligations l\u00e9gales de d\u00e9broussaillement, des campagnes de sensibilisation contre les jets de m\u00e9gots et les feux de camp ont \u00e9t\u00e9 d\u00e9ploy\u00e9es. \u00c0 cela s\u2019ajoutent 44 patrouilles de surveillance et d\u2019intervention pr\u00e9sentes dans les massifs forestiers. La carte d\u2019acc\u00e8s aux massifs est actualis\u00e9e quotidiennement pour informer les usagers des restrictions. Si la pr\u00e9vention ne suffit pas, les contrevenants s\u2019exposent \u00e0 des amendes pouvant atteindre 1\u00a0000\u00a0euros pour un m\u00e9got jet\u00e9 en for\u00eat, voire \u00e0 des peines de prison en cas d\u2019incendie.<\/p>\n<p>Sur le terrain, jusqu\u2019\u00e0 1\u00a0150\u00a0pompiers pourront \u00eatre mobilis\u00e9s chaque jour, renforc\u00e9s, si besoin, par des moyens militaires. C\u00f4t\u00e9 mat\u00e9riel, le Sdis s\u2019appuye sur quatre h\u00e9licopt\u00e8res bombardiers d\u2019eau, 100\u00a0camions-citernes feux de for\u00eat moyens, 37\u00a0fourgons pompe-tonne de 3\u00a0000\u00a0litres de capacit\u00e9, de v\u00e9hicules tout-terrain et drones. \u00ab\u00a0<i>Chez nous, la r\u00e9ponse, c\u2019est les grandes capacit\u00e9s d\u2019eau et la capacit\u00e9 \u00e0 l\u2019acheminer dans les zones recul\u00e9es<\/i>\u00a0\u00bb, soutient le pr\u00e9fet. Des moyens act\u00e9s par quatre conventions sign\u00e9es entre D\u00e9partement et \u00c9tat, \u00ab\u00a0<i>avec une aide au Sdis passant de 51 \u00e0 63<\/i><i>\u00a0<\/i><i>millions<\/i><i>\u00a0<\/i>\u00bb, souligne Jean-Louis Masson, pr\u00e9sident du D\u00e9partement.<\/p>\n<\/p><\/div>\n","protected":false},"excerpt":{"rendered":"C&rsquo;est une rengaine dont on se passerait volontiers. Chaque &eacute;t&eacute;, le Var figure parmi les territoires fran&ccedil;ais les plus expos&eacute;s au risque d&rsquo;incendie. Entre les fortes chaleurs, une population estivale &#8230;","protected":false},"author":1,"featured_media":34619,"comment_status":"open","ping_status":"open","sticky":false,"template":"","format":"standard","meta":{"footnotes":""},"categories":[3926,3925,20],"tags":[1081,208,316,4015,319,1396,1260,320,178,431,1504,5879,4877,1397,1613,88,1395,31,2087],"news-destination":[3944],"news-source":[475],"is_homepage":[],"ta_other":[],"class_list":["post-34618","post","type-post","status-publish","format-standard","has-post-thumbnail","hentry","category-accueil-merge","category-accueil-third","category-societe","tag-1081","tag-collectivites","tag-feu-de-foret","tag-feux-de-foret","tag-incendie","tag-incendies","tag-lutte","tag-pompiers","tag-population","tag-prevention","tag-repression","tag-sdis","tag-sdis83","tag-secheresse","tag-securite-civile","tag-surveillance","tag-temperatures","tag-var","tag-vigilance","news-destination-homepage","news-source-website"],"_links":{"self":[{"href":"https:\/\/euapp01.newsmemory.com\/lamarseillaise\/news\/wp-json\/wp\/v2\/posts\/34618","targetHints":{"allow":["GET"]}}],"collection":[{"href":"https:\/\/euapp01.newsmemory.com\/lamarseillaise\/news\/wp-json\/wp\/v2\/posts"}],"about":[{"href":"https:\/\/euapp01.newsmemory.com\/lamarseillaise\/news\/wp-json\/wp\/v2\/types\/post"}],"author":[{"embeddable":true,"href":"https:\/\/euapp01.newsmemory.com\/lamarseillaise\/news\/wp-json\/wp\/v2\/users\/1"}],"replies":[{"embeddable":true,"href":"https:\/\/euapp01.newsmemory.com\/lamarseillaise\/news\/wp-json\/wp\/v2\/comments?post=34618"}],"version-history":[{"count":1,"href":"https:\/\/euapp01.newsmemory.com\/lamarseillaise\/news\/wp-json\/wp\/v2\/posts\/34618\/revisions"}],"predecessor-version":[{"id":34620,"href":"https:\/\/euapp01.newsmemory.com\/lamarseillaise\/news\/wp-json\/wp\/v2\/posts\/34618\/revisions\/34620"}],"wp:featuredmedia":[{"embeddable":true,"href":"https:\/\/euapp01.newsmemory.com\/lamarseillaise\/news\/wp-json\/wp\/v2\/media\/34619"}],"wp:attachment":[{"href":"https:\/\/euapp01.newsmemory.com\/lamarseillaise\/news\/wp-json\/wp\/v2\/media?parent=34618"}],"wp:term":[{"taxonomy":"category","embeddable":true,"href":"https:\/\/euapp01.newsmemory.com\/lamarseillaise\/news\/wp-json\/wp\/v2\/categories?post=34618"},{"taxonomy":"post_tag","embeddable":true,"href":"https:\/\/euapp01.newsmemory.com\/lamarseillaise\/news\/wp-json\/wp\/v2\/tags?post=34618"},{"taxonomy":"news-destination","embeddable":true,"href":"https:\/\/euapp01.newsmemory.com\/lamarseillaise\/news\/wp-json\/wp\/v2\/news-destination?post=34618"},{"taxonomy":"news-source","embeddable":true,"href":"https:\/\/euapp01.newsmemory.com\/lamarseillaise\/news\/wp-json\/wp\/v2\/news-source?post=34618"},{"taxonomy":"is_homepage","embeddable":true,"href":"https:\/\/euapp01.newsmemory.com\/lamarseillaise\/news\/wp-json\/wp\/v2\/is_homepage?post=34618"},{"taxonomy":"ta_other","embeddable":true,"href":"https:\/\/euapp01.newsmemory.com\/lamarseillaise\/news\/wp-json\/wp\/v2\/ta_other?post=34618"}],"curies":[{"name":"wp","href":"https:\/\/api.w.org\/{rel}","templated":true}]}}