{"id":34615,"date":"2026-06-30T07:18:00","date_gmt":"2026-06-30T05:18:00","guid":{"rendered":"https:\/\/euapp01.newsmemory.com\/lamarseillaise\/news\/?p=34615"},"modified":"2026-07-04T08:04:38","modified_gmt":"2026-07-04T06:04:38","slug":"viols-et-prostitution-denfants-le-coup-de-gueule-de-maitre-amas","status":"publish","type":"post","link":"https:\/\/euapp01.newsmemory.com\/lamarseillaise\/news\/2026\/06\/30\/viols-et-prostitution-denfants-le-coup-de-gueule-de-maitre-amas\/","title":{"rendered":"Viols et prostitution d\u2019enfants&nbsp;: le coup de gueule de ma\u00eetre Amas"},"content":{"rendered":"<div class=\"paragraph\">\n<p>De bon matin, devant le palais de justice de Marseille, ce lundi 29\u00a0juin, Michel Amas est en croisade, comme il le reconna\u00eet volontiers. Face \u00e0 ce qu\u2019il consid\u00e8re comme l\u2019inaction du gouvernement, l\u2019avocat au barreau de Marseille s\u2019appuie sur son exp\u00e9rience de terrain pour sensibiliser \u00e0 \u00ab\u00a0<i>l\u2019absence de politique, en France, de lutte coordonn\u00e9e contre les p\u00e9dophiles<\/i><i>\u00a0<\/i>\u00bb.<\/p>\n<p>Bien avant l\u2019affaire de la petite Lyhanna, il a alert\u00e9 sur la prostitution des mineures, particuli\u00e8rement dans les foyers de l\u2019Aide sociale \u00e0 l\u2019enfance (ASE). <a href=\"https:\/\/www.lamarseillaise.fr\/societe\/prostitution-d-enfants-places-des-avocats-assignent-vassal-DN18044564\">Au nom de familles, il avait d\u00e9j\u00e0 assign\u00e9, en avril\u00a02025, la pr\u00e9sidente du D\u00e9partement des Bouches-du-Rh\u00f4ne, Martine Vassal (DVD), en charge de l\u2019ASE, pour faute lourde. <\/a>Des foyers \u00ab\u00a0<i>ouverts<\/i>\u00a0\u00bb d\u00e9plore-t-il, permettant aux enfants plac\u00e9es de sortir et de tomber sous la coupe de prox\u00e9n\u00e8tes.<\/p>\n<p>Selon lui, c\u2019est tout un syst\u00e8me \u00e0 revoir quand 40% des agressions sexuelles sont le fait aussi d\u2019\u00ab\u00a0<i>un mineur sur un mineur<\/i><i>\u00a0<\/i>\u00bb. \u00ab\u00a0<i>Au foyer, on ne prend pas en charge l\u2019agresseur, on le d\u00e9place. Pas plus que la victime, qui n\u2019est pas trait\u00e9e sur son traumatisme<\/i><i>\u00a0<\/i>\u00bb, s\u2019indigne-t-il. R\u00e9sultat, \u00ab\u00a0<i>on a des gamins qui se constituent sur une adolescence enti\u00e8re de viols, d\u2019agressions sexuelles<\/i><i>\u00a0<\/i>\u00bb, pousse-t-il.<\/p>\n<p>Autre cheval de bataille, un \u00ab\u00a0<i>site internet rep\u00e9r\u00e9 depuis juin<\/i>\u00a0\u00bb, l\u2019ann\u00e9e derni\u00e8re, sur lequel des \u00ab\u00a0<i>enfants sont commercialis\u00e9s<\/i>\u00a0\u00bb, selon lui. Il indique que le minist\u00e8re de l\u2019Int\u00e9rieur et de la Justice lui avait promis de le fermer. Il revient sur son quotidien, \u00ab\u00a0<i>des enfants de 11<\/i><i>\u00a0<\/i><i>ans, 12<\/i><i>\u00a0<\/i><i>ans, 13<\/i><i>\u00a0<\/i><i>ans, 14<\/i><i>\u00a0<\/i><i>ans, 15<\/i><i>\u00a0<\/i><i>ans, prostitu\u00e9es, vendues jour et nuit sur ce site<\/i><i>\u00a0<\/i>\u00bb. Des gamines qui pourraient \u00ab\u00a0<i>faire jusqu\u2019\u00e0 12<\/i><i>\u00a0<\/i><i>passes par jour<\/i><i>\u00a0<\/i><i>\u00bb <\/i>\u00e0 raison de 1\u00a0000 \u00e0 1\u00a0500\u00a0euros, balance l\u2019avocat.<\/p>\n<\/p><\/div>\n<div class=\"intext\"> \u00ab\u00a0J\u2019accuse\u00a0\u00bb\n              <\/div>\n<div class=\"paragraph\">\n<p>Il affirme\u00a0: \u00ab\u00a0<i>Bruno Retailleau \u00e9tait tout feu tout flamme, mais il est parti un mois apr\u00e8s que nous ayons eu le rendez-vous. Depuis, ils ont fait une plateforme interminist\u00e9rielle Justice, Enfance, Int\u00e9rieur et Sant\u00e9 et puis plus de son, plus d\u2019image.<\/i>\u00a0\u00bb<\/p>\n<p>\u00c0 la fa\u00e7on d\u2019un \u00c9mile Zola, ma\u00eetre Amas s\u2019enflamme\u00a0: \u00ab\u00a0<i>Moi, j\u2019accuse le ministre de la Justice d\u2019inaction. Je l\u2019accuse de ne pas avoir ferm\u00e9 le site sur lequel des enfants sont vendues. Je l\u2019accuse de ne pas avoir mis en place imm\u00e9diatement un suivi m\u00e9dical de ces enfants, une proc\u00e9dure pour suivre leur addictologie.<\/i>\u00a0\u00bb Pour lui, le ministre de la Justice ne r\u00e9agit que \u00ab\u00a0<i>par rapport aux faits divers<\/i>\u00a0\u00bb. Le seul acte pos\u00e9, retient-il, \u00ab\u00a0<i>\u00e7a a \u00e9t\u00e9 de faire une liste noire des agresseurs sexuels et de mettre les enfants chez les grands-parents. Mais \u00e7a existe d\u00e9j\u00e0<\/i><i>\u00a0<\/i>\u00bb.<\/p>\n<p>L\u2019avocat explique avoir travaill\u00e9, avec plusieurs magistrats de Vienne, Marseille et Avignon, \u00e0 une proposition de directive qui aurait pu \u00eatre mise en \u0153uvre rapidement. Elle visait notamment, selon lui, \u00e0 mettre fin au principe des foyers ouverts.<\/p>\n<p>L\u2019avocat revient aussi sur l\u2019impunit\u00e9 de ceux qui ont recours \u00e0 ces services abjects. \u00ab\u00a0<i>En France, \u00e7a co\u00fbte moins cher d\u2019avoir une relation sexuelle tarif\u00e9e avec un enfant<\/i><i>\u00a0\u2013<\/i><i> la plupart des gens qui [les] violent prennent 500<\/i><i>\u00a0<\/i><i>euros<\/i><i>\u00a0\u2013<\/i><i> plut\u00f4t que d\u2019avoir une relation sexuelle avec une ch\u00e8vre<\/i>\u00a0\u00bb, compare-t-il, rappelant qu\u2019un violeur de caprin a \u00e9t\u00e9 condamn\u00e9, la semaine derni\u00e8re \u00e0 Marseille, \u00e0 30\u00a0mois de prison.<\/p>\n<p>Contact\u00e9 par nos soins, le minist\u00e8re de la Justice n\u2019a pu r\u00e9agir.<\/p>\n<p>\u00c0 noter que, dans sa lettre en date du 10\u00a0avril 2026 sur le syst\u00e8me prostitutionnel en France, l\u2019Observatoire national des violences faites aux femmes recense 704\u00a0victimes, dont 94% sont des filles. Se basant sur les chiffres du service national d\u2019accueil t\u00e9l\u00e9phonique de l\u2019enfance en danger, le 119, le rapport indique que \u00ab\u00a0<i>la majorit\u00e9 des victimes dont l\u2019\u00e2ge \u00e9tait connu avait entre 15 et 17<\/i><i>\u00a0<\/i><i>ans (70%). Une sur cinq avait entre 12 et 14<\/i><i>\u00a0<\/i><i>ans (20%)<\/i>\u00a0\u00bb.<\/p>\n<\/p><\/div>\n","protected":false},"excerpt":{"rendered":"De bon matin, devant le palais de justice de Marseille, ce lundi 29&nbsp;juin, Michel Amas est en croisade, comme il le reconna&icirc;t volontiers. Face &agrave; ce qu&rsquo;il consid&egrave;re comme l&rsquo;inaction du gouvernement, l&rsquo;avocat &#8230;","protected":false},"author":1,"featured_media":34616,"comment_status":"open","ping_status":"open","sticky":false,"template":"","format":"standard","meta":{"footnotes":""},"categories":[3926,3925,20],"tags":[1114,10,57,200,1260,5815,16,3427,2955,5982],"news-destination":[3944],"news-source":[475],"is_homepage":[],"ta_other":[],"class_list":["post-34615","post","type-post","status-publish","format-standard","has-post-thumbnail","hentry","category-accueil-merge","category-accueil-third","category-societe","tag-avocats","tag-bouches-du-rhone","tag-enfants","tag-justice","tag-lutte","tag-lyhanna","tag-marseille","tag-prostitution","tag-protection-de-lenfance","tag-violences-faites-aux-enfants","news-destination-homepage","news-source-website"],"_links":{"self":[{"href":"https:\/\/euapp01.newsmemory.com\/lamarseillaise\/news\/wp-json\/wp\/v2\/posts\/34615","targetHints":{"allow":["GET"]}}],"collection":[{"href":"https:\/\/euapp01.newsmemory.com\/lamarseillaise\/news\/wp-json\/wp\/v2\/posts"}],"about":[{"href":"https:\/\/euapp01.newsmemory.com\/lamarseillaise\/news\/wp-json\/wp\/v2\/types\/post"}],"author":[{"embeddable":true,"href":"https:\/\/euapp01.newsmemory.com\/lamarseillaise\/news\/wp-json\/wp\/v2\/users\/1"}],"replies":[{"embeddable":true,"href":"https:\/\/euapp01.newsmemory.com\/lamarseillaise\/news\/wp-json\/wp\/v2\/comments?post=34615"}],"version-history":[{"count":1,"href":"https:\/\/euapp01.newsmemory.com\/lamarseillaise\/news\/wp-json\/wp\/v2\/posts\/34615\/revisions"}],"predecessor-version":[{"id":34617,"href":"https:\/\/euapp01.newsmemory.com\/lamarseillaise\/news\/wp-json\/wp\/v2\/posts\/34615\/revisions\/34617"}],"wp:featuredmedia":[{"embeddable":true,"href":"https:\/\/euapp01.newsmemory.com\/lamarseillaise\/news\/wp-json\/wp\/v2\/media\/34616"}],"wp:attachment":[{"href":"https:\/\/euapp01.newsmemory.com\/lamarseillaise\/news\/wp-json\/wp\/v2\/media?parent=34615"}],"wp:term":[{"taxonomy":"category","embeddable":true,"href":"https:\/\/euapp01.newsmemory.com\/lamarseillaise\/news\/wp-json\/wp\/v2\/categories?post=34615"},{"taxonomy":"post_tag","embeddable":true,"href":"https:\/\/euapp01.newsmemory.com\/lamarseillaise\/news\/wp-json\/wp\/v2\/tags?post=34615"},{"taxonomy":"news-destination","embeddable":true,"href":"https:\/\/euapp01.newsmemory.com\/lamarseillaise\/news\/wp-json\/wp\/v2\/news-destination?post=34615"},{"taxonomy":"news-source","embeddable":true,"href":"https:\/\/euapp01.newsmemory.com\/lamarseillaise\/news\/wp-json\/wp\/v2\/news-source?post=34615"},{"taxonomy":"is_homepage","embeddable":true,"href":"https:\/\/euapp01.newsmemory.com\/lamarseillaise\/news\/wp-json\/wp\/v2\/is_homepage?post=34615"},{"taxonomy":"ta_other","embeddable":true,"href":"https:\/\/euapp01.newsmemory.com\/lamarseillaise\/news\/wp-json\/wp\/v2\/ta_other?post=34615"}],"curies":[{"name":"wp","href":"https:\/\/api.w.org\/{rel}","templated":true}]}}