{"id":34612,"date":"2026-06-30T07:21:00","date_gmt":"2026-06-30T05:21:00","guid":{"rendered":"https:\/\/euapp01.newsmemory.com\/lamarseillaise\/news\/?p=34612"},"modified":"2026-07-04T08:04:38","modified_gmt":"2026-07-04T06:04:38","slug":"entretien-gilbert-garrel-on-demasque-lextreme-droite-par-lhistoire","status":"publish","type":"post","link":"https:\/\/euapp01.newsmemory.com\/lamarseillaise\/news\/2026\/06\/30\/entretien-gilbert-garrel-on-demasque-lextreme-droite-par-lhistoire\/","title":{"rendered":"[Entretien] Gilbert Garrel : \u00ab On d\u00e9masque l\u2019extr\u00eame droite par l\u2019histoire&nbsp;\u00bb"},"content":{"rendered":"<div class=\"paragraph\">\n<p>L\u2019ancien cheminot \u00e9tait l\u2019invit\u00e9, jeudi, de l\u2019assembl\u00e9e g\u00e9n\u00e9rale de l\u2019IHS CGT de Vaucluse, \u00e0 Entraigues (lire ci-contre). Dans un d\u00e9partement o\u00f9 le RN est bien implant\u00e9, il a anim\u00e9 un d\u00e9bat sur les combats de la CGT contre l\u2019extr\u00eame droite.<\/p>\n<p><b>La Marseillaise :<\/b> <b>La CGT a toujours \u00e9t\u00e9 hostile \u00e0 l\u2019extr\u00eame droite. Pourquoi et comment lutter contre sa progression dans le monde du travail ? <\/b><\/p>\n<p>Gilbert Garrel : L\u2019institut est l\u00e0 pour d\u00e9masquer l\u2019extr\u00eame droite par l\u2019histoire. Depuis toujours, ce que porte l\u2019extr\u00eame droite est contraire \u00e0 ce que d\u00e9fend la CGT\u00a0: un syndicat internationaliste, pour des valeurs de solidarit\u00e9, contre toutes les formes de nationalisme de l\u2019extr\u00eame droite. On organise ce genre de d\u00e9bat et, surtout, sa diffusion pour d\u00e9montrer la supercherie de l\u2019extr\u00eame droite qui essaie aujourd\u2019hui d\u2019avoir un discours ouvri\u00e9riste, social. Sur le c\u00f4t\u00e9 plus pr\u00e9sent, il faut mettre en \u00e9vidence les votes du RN qui s\u2019opposent au progr\u00e8s social comme sur l\u2019opposition \u00e0 la revalorisation du Smic ou des retraites index\u00e9es sur l\u2019inflation, \u00e0 la cr\u00e9ation du Smic europ\u00e9en, \u00e0 la nationalisation d\u2019ArcelorMittal ou encore le RN qui a laiss\u00e9 passer la loi sur le travail le 1<sup>er<\/sup>-Mai.<\/p>\n<p><b>Cette dichotomie est-elle encore plus pr\u00e9gnante en regardant l\u2019histoire<\/b><b>\u00a0<\/b><b>?<\/b><\/p>\n<p>G.G. : Historiquement, il y a eu des connivences entre le patronat et l\u2019extr\u00eame droite. D\u00e8s le d\u00e9but du syndicalisme, le patronat cr\u00e9e les syndicats jaunes, les briseurs de gr\u00e8ve. Dans l\u2019entre-deux-guerres, il cr\u00e9e la Conf\u00e9d\u00e9ration fran\u00e7aise du travail, des nervis de l\u2019extr\u00eame droite qui traquaient les syndicalistes, qui obligeaient par la force les travailleurs immigr\u00e9s \u00e0 briser les gr\u00e8ves. Dans cette continuit\u00e9, sous P\u00e9tain, il y a l\u2019interdiction des conf\u00e9d\u00e9rations et du droit de gr\u00e8ve. Pendant la guerre d\u2019Alg\u00e9rie, l\u2019OAS a \u00e9t\u00e9 une force contre la CGT, avec notamment une attaque contre l\u2019UD CGT \u00e0 Pau. La naissance de Le\u00a0Pen et du Front national sont promues avec le poujadisme, c\u2019est-\u00e0-dire des forces d\u2019extr\u00eame droite alli\u00e9es au patronat. Chaque fois que le patronat se rend compte que la droite classique risque de perdre, que la gauche peut passer, il se tourne vers l\u2019extr\u00eame droite pour garantir ses int\u00e9r\u00eats. La peur du rouge, c\u2019est historique. On retrouve \u00e7a aujourd\u2019hui avec le Medef qui re\u00e7oit Jordan Bardella. Historiquement aussi, il y a une connivence patronat\/extr\u00eame droite sur le nationalisme\u00a0: au lieu de chercher l\u2019ennemi du c\u00f4t\u00e9 du capital, on va le chercher du c\u00f4t\u00e9 des travailleurs immigr\u00e9s pour d\u00e9tourner le regard des ouvriers. L\u2019extr\u00eame droite, dans son histoire, a toujours su se m\u00e9tamorphoser et adapter son discours pour gagner les classes populaires. Syndicalement, nous avons un r\u00f4le pour \u00e9clairer et montrer \u00e0 miroir comment l\u2019histoire peut se reproduire.<\/p>\n<p><b>Vous alertez aussi sur le fait que l\u2019extr\u00eame droite se diffuse par plusieurs canaux m\u00e9diatiques.<\/b><\/p>\n<p>G.G. : Oui, elle a cette capacit\u00e9 \u00e0 revisiter l\u2019histoire \u00e0 sa mani\u00e8re. L\u2019extr\u00eame droite s\u2019accapare des r\u00e9seaux, des m\u00e9dias pour permettre une large diffusion de son discours. Par exemple, si on prend la Cit\u00e9 de l\u2019histoire sous l\u2019arche de la D\u00e9fense \u00e0 Paris, c\u2019est Amaclio productions qui la g\u00e8re et la d\u00e9tient, dirig\u00e9e par l\u2019extr\u00eame droite [Fran\u00e7ois Nicolas]. Et si vous allez dans ce mus\u00e9e, qu\u2019est-ce que vous retrouvez\u00a0? Hitler a sauv\u00e9 l\u2019Allemagne du risque du communisme, P\u00e9tain a sauv\u00e9 les juifs fran\u00e7ais&#8230; Tout cela avec le soutien de la R\u00e9gion \u00cele-de-France o\u00f9 on envoie des lyc\u00e9ens. On aussi Pierre-\u00c9douard St\u00e9rin, derri\u00e8re son label des plus belles f\u00eates de France. Sous l\u2019aspect traditionaliste, on dit qu\u2019il y a les Fran\u00e7ais de souche, les bons Fran\u00e7ais, et puis il y a l\u2019ennemi, l\u2019\u00e9tranger. Alors que l\u2019histoire de France s\u2019est construite dans le multiculturalisme.<\/p>\n<\/p><\/div>\n<div class=\"paragraph\">\n<p><b>Andr\u00e9 Castelli reconduit pr\u00e9sident<\/b><\/p>\n<p>S\u2019il fut le fondateur de l\u2019Institut d\u2019histoire sociale CGT de Vaucluse il y a 40 ans, Andr\u00e9 Castelli a laiss\u00e9 la pr\u00e9sidence pendant ses ann\u00e9es d\u2019\u00e9lu PCF avant d\u2019en reprendre la t\u00eate il y a trois ans. Il a \u00e9t\u00e9 reconduit pr\u00e9sident, jeudi, \u00e0 l\u2019issue de l\u2019assembl\u00e9e g\u00e9n\u00e9rale. \u00ab <i>On compte pr\u00e8s de 100 adh\u00e9rents, c\u2019est l\u2019un des plus importants de la conf\u00e9d\u00e9ration<\/i> \u00bb, souligne-t-il. Parmi les rendez-vous de l\u2019ann\u00e9e, la pr\u00e9paration des 90 ans du club des cheminots de Vaucluse. \u00ab <i>On envisage aussi de nouer un partenariat avec le secteur universitaire pour que les \u00e9tudiants se nourrissent de l\u2019histoire du travail et des travailleurs du d\u00e9partement<\/i> \u00bb, projette Andr\u00e9 Castelli.<\/p>\n<\/p><\/div>\n","protected":false},"excerpt":{"rendered":"L&rsquo;ancien cheminot &eacute;tait l&rsquo;invit&eacute;, jeudi, de l&rsquo;assembl&eacute;e g&eacute;n&eacute;rale de l&rsquo;IHS CGT de Vaucluse, &agrave; Entraigues (lire ci-dessous). Dans un d&eacute;partement o&ugrave; le RN est bien &#8230;","protected":false},"author":1,"featured_media":34613,"comment_status":"open","ping_status":"open","sticky":false,"template":"","format":"standard","meta":{"footnotes":""},"categories":[3926,3925,331],"tags":[495,113,343,441,2659,1733,5084,859,843,2042,4453,841,544,171],"news-destination":[3944],"news-source":[475],"is_homepage":[],"ta_other":[],"class_list":["post-34612","post","type-post","status-publish","format-standard","has-post-thumbnail","hentry","category-accueil-merge","category-accueil-third","category-social","tag-495","tag-cgt","tag-entretien","tag-extreme-droite","tag-front-national","tag-histoire-politique","tag-jean-marie-le-pen","tag-jordan-bardella","tag-medef","tag-medias","tag-monde-du-travail","tag-patronat","tag-rassemblement-national","tag-vaucluse","news-destination-homepage","news-source-website"],"_links":{"self":[{"href":"https:\/\/euapp01.newsmemory.com\/lamarseillaise\/news\/wp-json\/wp\/v2\/posts\/34612","targetHints":{"allow":["GET"]}}],"collection":[{"href":"https:\/\/euapp01.newsmemory.com\/lamarseillaise\/news\/wp-json\/wp\/v2\/posts"}],"about":[{"href":"https:\/\/euapp01.newsmemory.com\/lamarseillaise\/news\/wp-json\/wp\/v2\/types\/post"}],"author":[{"embeddable":true,"href":"https:\/\/euapp01.newsmemory.com\/lamarseillaise\/news\/wp-json\/wp\/v2\/users\/1"}],"replies":[{"embeddable":true,"href":"https:\/\/euapp01.newsmemory.com\/lamarseillaise\/news\/wp-json\/wp\/v2\/comments?post=34612"}],"version-history":[{"count":4,"href":"https:\/\/euapp01.newsmemory.com\/lamarseillaise\/news\/wp-json\/wp\/v2\/posts\/34612\/revisions"}],"predecessor-version":[{"id":35163,"href":"https:\/\/euapp01.newsmemory.com\/lamarseillaise\/news\/wp-json\/wp\/v2\/posts\/34612\/revisions\/35163"}],"wp:featuredmedia":[{"embeddable":true,"href":"https:\/\/euapp01.newsmemory.com\/lamarseillaise\/news\/wp-json\/wp\/v2\/media\/34613"}],"wp:attachment":[{"href":"https:\/\/euapp01.newsmemory.com\/lamarseillaise\/news\/wp-json\/wp\/v2\/media?parent=34612"}],"wp:term":[{"taxonomy":"category","embeddable":true,"href":"https:\/\/euapp01.newsmemory.com\/lamarseillaise\/news\/wp-json\/wp\/v2\/categories?post=34612"},{"taxonomy":"post_tag","embeddable":true,"href":"https:\/\/euapp01.newsmemory.com\/lamarseillaise\/news\/wp-json\/wp\/v2\/tags?post=34612"},{"taxonomy":"news-destination","embeddable":true,"href":"https:\/\/euapp01.newsmemory.com\/lamarseillaise\/news\/wp-json\/wp\/v2\/news-destination?post=34612"},{"taxonomy":"news-source","embeddable":true,"href":"https:\/\/euapp01.newsmemory.com\/lamarseillaise\/news\/wp-json\/wp\/v2\/news-source?post=34612"},{"taxonomy":"is_homepage","embeddable":true,"href":"https:\/\/euapp01.newsmemory.com\/lamarseillaise\/news\/wp-json\/wp\/v2\/is_homepage?post=34612"},{"taxonomy":"ta_other","embeddable":true,"href":"https:\/\/euapp01.newsmemory.com\/lamarseillaise\/news\/wp-json\/wp\/v2\/ta_other?post=34612"}],"curies":[{"name":"wp","href":"https:\/\/api.w.org\/{rel}","templated":true}]}}