{"id":34609,"date":"2026-06-30T07:05:00","date_gmt":"2026-06-30T05:05:00","guid":{"rendered":"https:\/\/euapp01.newsmemory.com\/lamarseillaise\/news\/?p=34609"},"modified":"2026-07-04T08:04:39","modified_gmt":"2026-07-04T06:04:39","slug":"avocats-et-magistrats-font-bloc-contre-la-reforme","status":"publish","type":"post","link":"https:\/\/euapp01.newsmemory.com\/lamarseillaise\/news\/2026\/06\/30\/avocats-et-magistrats-font-bloc-contre-la-reforme\/","title":{"rendered":"Avocats et magistrats font bloc contre la r\u00e9forme"},"content":{"rendered":"<div class=\"paragraph\">\n<p>Les dysfonctionnements entourant l\u2019affaire Lyhanna ont remis un coup de projecteur sur une institution en souffrance. L\u2019Assembl\u00e9e nationale examine, ce mardi, le projet de loi Sure (\u00ab\u00a0Sanction utile, rapide et effective\u00a0\u00bb) portant sur la justice criminelle et le respect des victimes, d\u00e9fendu par G\u00e9rald Darmanin, sur lequel le gouvernement a engag\u00e9 une proc\u00e9dure acc\u00e9l\u00e9r\u00e9e.<\/p>\n<p>Voil\u00e0 plus d\u2019un an que le garde des Sceaux tente de faire passer ce texte, critiqu\u00e9 de toutes parts. Il a d\u2019ores et d\u00e9j\u00e0 \u00e9t\u00e9 contraint \u00e0 retirer sa mesure phare et la plus controvers\u00e9e\u00a0: le plaider-coupable criminel pour les infractions les plus graves. Mais les articles restants, comme l\u2019allongement de la d\u00e9tention provisoire et la r\u00e9forme des cours criminelles d\u00e9partementales, scandalisent.<\/p>\n<\/p><\/div>\n<div class=\"intext\"> Avocats, magistrats<br \/>\n               <br \/>et police judiciaire\n              <\/div>\n<div class=\"paragraph\">\n<p>Des rassemblements se sont tenus partout en France, de Brest \u00e0 Cayenne en passant par Angers, Paris, Toulouse, Montpellier, Aix-en-Provence, Marseille et Ajaccio, ce lundi devant les tribunaux (lire ci-contre), afin d\u2019exiger le retrait du texte. Une large part des 78\u00a0000\u00a0avocats de France \u00e9taient en gr\u00e8ve. \u00ab\u00a0<i>Abandon de la cour d\u2019assises, \u00e9loignement du jury populaire, extension du fichage g\u00e9n\u00e9tique, recul des droits fondamentaux, tel est le projet aberrant du garde des Sceaux<\/i><i>\u00a0<\/i>\u00bb, fustige, dans un communiqu\u00e9, le Syndicat des avocats de France (SAF), qui d\u00e9nonce un \u00ab\u00a0<i>projet d\u00e9vastateur pour la justice et les libert\u00e9s fondamentales<\/i><i>\u00a0<\/i>\u00bb.<\/p>\n<p>De son c\u00f4t\u00e9, l\u2019Union syndicale des magistrats (USM), qui repr\u00e9sente 60% de la profession, a appel\u00e9 \u00e0 des d\u00e9brayages. Son secr\u00e9taire g\u00e9n\u00e9ral adjoint, Aur\u00e9lien Martini, s\u2019est livr\u00e9 vendredi \u00e0 une violente charge contre son ministre de tutelle, lors d\u2019une r\u00e9union \u00e0 la Chancellerie\u00a0: \u00ab\u00a0<i>Vous avez perdu la confiance des magistrats, elle est aujourd\u2019hui bris\u00e9e<\/i><i>\u00a0<\/i>\u00bb, a-t-il lanc\u00e9 en l\u2019absence de G\u00e9rald Darmanin. Dans un long texte, le procureur adjoint de la R\u00e9publique de Meaux pr\u00e9vient\u00a0: \u00ab\u00a0<i>Nos moyens, vos directives, notre environnement institutionnel et juridique ne permettent pas \u00e0 l\u2019institution de pr\u00e9venir de telles situations. Il y aura d\u2019autres drames. Malgr\u00e9 tout l\u2019engagement des magistrats, il y a dans les stocks de proc\u00e9dures, \u00e0 l\u2019\u00e9vidence, des dossiers semblables. Et il faudra plus que des mesures d\u00e9magogiques laissant croire que l\u2019on peut traiter efficacement 70<\/i><i>\u00a0<\/i><i>000<\/i><i>\u00a0<\/i><i>proc\u00e9dures en un mois ou d\u00e9mat\u00e9rialiser toutes nos proc\u00e9dures en six mois pour que le probl\u00e8me soit derri\u00e8re nous.<\/i><i>\u00a0<\/i>\u00bb<\/p>\n<p>L\u2019association nationale de la police judiciaire (ANPJ) s\u2019est jointe \u00e0 la mobilisation\u00a0: \u00ab<i>\u00a0<\/i><i>Apr\u00e8s avoir perdu la confiance des policiers quand vous \u00e9tiez ministre de l\u2019Int\u00e9rieur, vous avez d\u00e9sormais aussi perdu celle des magistrats<\/i><i>\u00a0<\/i>\u00bb, \u00e9crit-elle dans une lettre. \u00ab\u00a0<i>Il est accablant d\u2019\u00e9luder la question du manque de moyens (&#8230;) qui contraint les services de police et de la justice \u00e0 fonctionner avec des process et des modes d\u00e9grad\u00e9s, au d\u00e9triment des victimes, et sous la pression d\u2019orientations politiques et opportunistes qui varient au gr\u00e9 de l\u2019actualit\u00e9<\/i><i>\u00a0<\/i>\u00bb, d\u00e9nonce-t-elle.<\/p>\n<\/p><\/div>\n<div class=\"intext\"> G\u00e9rald Darmanin<br \/>\n               <br \/>en difficult\u00e9 extr\u00eame\n              <\/div>\n<div class=\"paragraph\">\n<p>\u00c0 la fronde des professionnels s\u2019ajoute celle des parlementaires. Le texte a \u00e9t\u00e9 rejet\u00e9 le 10\u00a0juin dernier lors de son examen en commission des Lois, par 16 voix contre, celles de la gauche, et 10\u00a0voix pour, celles du bloc central, tandis que le Rassemblement national s\u2019est abstenu. Sur les 72\u00a0d\u00e9put\u00e9s que compte cette commission, la plupart ont d\u00e9sert\u00e9, favorisant la mise en \u00e9chec du texte. Un camouflet pour G\u00e9rald Darmanin, mis en extr\u00eame difficult\u00e9 depuis le d\u00e9but de l\u2019affaire Lyhanna. Les appels \u00e0 sa d\u00e9mission s\u2019encha\u00eenent. L\u2019avenir de ce texte pourrait remettre en question sa place au sein du gouvernement.<\/p>\n<\/p><\/div>\n","protected":false},"excerpt":{"rendered":"Les dysfonctionnements entourant l&rsquo;affaire Lyhanna ont remis un coup de projecteur sur une institution en souffrance. L&rsquo;Assembl&eacute;e nationale examine, ce mardi, le projet de loi Sure (&laquo;&nbsp;Sanction utile, rapide et &#8230;","protected":false},"author":1,"featured_media":34610,"comment_status":"open","ping_status":"open","sticky":false,"template":"","format":"standard","meta":{"footnotes":""},"categories":[3926,3925,1854,4383],"tags":[2152,572,249,876,5307,5815,1541,2390,1980,3169,613,1401,3077,1304],"news-destination":[3944],"news-source":[475],"is_homepage":[],"ta_other":[],"class_list":["post-34609","post","type-post","status-publish","format-standard","has-post-thumbnail","hentry","category-accueil-merge","category-accueil-third","category-france","category-justice","tag-detention","tag-france","tag-gerald-darmanin","tag-greve","tag-justice-criminelle","tag-lyhanna","tag-magistrats","tag-police-judiciaire","tag-procureur","tag-projet-de-loi","tag-rassemblement","tag-reforme","tag-robes-noires","tag-violences-sexuelles","news-destination-homepage","news-source-website"],"_links":{"self":[{"href":"https:\/\/euapp01.newsmemory.com\/lamarseillaise\/news\/wp-json\/wp\/v2\/posts\/34609","targetHints":{"allow":["GET"]}}],"collection":[{"href":"https:\/\/euapp01.newsmemory.com\/lamarseillaise\/news\/wp-json\/wp\/v2\/posts"}],"about":[{"href":"https:\/\/euapp01.newsmemory.com\/lamarseillaise\/news\/wp-json\/wp\/v2\/types\/post"}],"author":[{"embeddable":true,"href":"https:\/\/euapp01.newsmemory.com\/lamarseillaise\/news\/wp-json\/wp\/v2\/users\/1"}],"replies":[{"embeddable":true,"href":"https:\/\/euapp01.newsmemory.com\/lamarseillaise\/news\/wp-json\/wp\/v2\/comments?post=34609"}],"version-history":[{"count":1,"href":"https:\/\/euapp01.newsmemory.com\/lamarseillaise\/news\/wp-json\/wp\/v2\/posts\/34609\/revisions"}],"predecessor-version":[{"id":34611,"href":"https:\/\/euapp01.newsmemory.com\/lamarseillaise\/news\/wp-json\/wp\/v2\/posts\/34609\/revisions\/34611"}],"wp:featuredmedia":[{"embeddable":true,"href":"https:\/\/euapp01.newsmemory.com\/lamarseillaise\/news\/wp-json\/wp\/v2\/media\/34610"}],"wp:attachment":[{"href":"https:\/\/euapp01.newsmemory.com\/lamarseillaise\/news\/wp-json\/wp\/v2\/media?parent=34609"}],"wp:term":[{"taxonomy":"category","embeddable":true,"href":"https:\/\/euapp01.newsmemory.com\/lamarseillaise\/news\/wp-json\/wp\/v2\/categories?post=34609"},{"taxonomy":"post_tag","embeddable":true,"href":"https:\/\/euapp01.newsmemory.com\/lamarseillaise\/news\/wp-json\/wp\/v2\/tags?post=34609"},{"taxonomy":"news-destination","embeddable":true,"href":"https:\/\/euapp01.newsmemory.com\/lamarseillaise\/news\/wp-json\/wp\/v2\/news-destination?post=34609"},{"taxonomy":"news-source","embeddable":true,"href":"https:\/\/euapp01.newsmemory.com\/lamarseillaise\/news\/wp-json\/wp\/v2\/news-source?post=34609"},{"taxonomy":"is_homepage","embeddable":true,"href":"https:\/\/euapp01.newsmemory.com\/lamarseillaise\/news\/wp-json\/wp\/v2\/is_homepage?post=34609"},{"taxonomy":"ta_other","embeddable":true,"href":"https:\/\/euapp01.newsmemory.com\/lamarseillaise\/news\/wp-json\/wp\/v2\/ta_other?post=34609"}],"curies":[{"name":"wp","href":"https:\/\/api.w.org\/{rel}","templated":true}]}}