{"id":34606,"date":"2026-06-30T06:50:00","date_gmt":"2026-06-30T04:50:00","guid":{"rendered":"https:\/\/euapp01.newsmemory.com\/lamarseillaise\/news\/?p=34606"},"modified":"2026-06-30T10:26:00","modified_gmt":"2026-06-30T08:26:00","slug":"un-ministre-sous-pression","status":"publish","type":"post","link":"https:\/\/euapp01.newsmemory.com\/lamarseillaise\/news\/2026\/06\/30\/un-ministre-sous-pression\/","title":{"rendered":"Un ministre sous pression"},"content":{"rendered":"<div class=\"paragraph\">\n<p>G\u00e9rald Darmanin pr\u00e9sente sa r\u00e9forme de la justice criminelle aujourd\u2019hui \u00e0 l\u2019Assembl\u00e9e nationale.<\/p>\n<p>Elle est contest\u00e9e un peu partout dans notre r\u00e9gion, comme dans le reste du pays, par les professionnels de la Justice. Mais pas seulement\u00a0: alors que ce texte devait \u00e9tendre la proc\u00e9dure du plaider-coupable \u00e0 des crimes alors qu\u2019elle est aujourd\u2019hui limit\u00e9e \u00e0 certains d\u00e9lits, les d\u00e9put\u00e9s ont rejet\u00e9 la mesure en commission, le 10\u00a0juin, obligeant le ministre \u00e0 revoir sa copie et \u00e0 reconna\u00eetre qu\u2019il n\u2019y avait \u00ab\u00a0<i>pas de majorit\u00e9 \u00e0 l\u2019Assembl\u00e9e nationale<\/i><i>\u00a0<\/i>\u00bb sur ce point.<\/p>\n<p><b>L\u2019aust\u00e9rit\u00e9 est un poison qui tue<\/b><\/p>\n<p>Simultan\u00e9ment, la tragique affaire Lyhanna a soulev\u00e9 un v\u00e9ritable sentiment de r\u00e9volte dans la population vis-\u00e0-vis d\u2019une Justice incapable de prot\u00e9ger les enfants des violeurs et des assassins.<\/p>\n<p>La d\u00e9cision du garde des Sceaux de sanctionner une magistrate comme victime expiatoire de cette faillite du syst\u00e8me judiciaire a achev\u00e9 de creuser un foss\u00e9 de d\u00e9fiance entre les juges et leur ministre.<\/p>\n<p>Quant \u00e0 sa circulaire ordonnant aux procureurs g\u00e9n\u00e9raux<br \/>le r\u00e9examen de 70\u00a0000\u00a0plaintes concernant des violences sexuelles sur mineurs, elle est apparue aux Fran\u00e7ais comme d\u00e9connect\u00e9e des moyens r\u00e9ellement mis \u00e0 disposition de l\u2019institution judiciaire.<\/p>\n<p>Plus que jamais depuis qu\u2019il participe \u00e0 un gouvernement de l\u2019\u00e8re Macron, G\u00e9rald Darmanin est sous pression.<\/p>\n<p>Certains r\u00e9clament sa d\u00e9mission, mais plus que d\u2019un changement de ministre, c\u2019est d\u2019un changement de politique qu\u2019a besoin notre Justice. L\u2019aust\u00e9rit\u00e9 est un poison qui tue.<\/p>\n<\/p><\/div>\n","protected":false},"excerpt":{"rendered":"G&eacute;rald Darmanin pr&eacute;sente sa r&eacute;forme de la justice criminelle aujourd&rsquo;hui &agrave; l&rsquo;Assembl&eacute;e nationale.Elle est contest&eacute;e un peu partout dans notre r&eacute;gion, comme dans le reste du pays, par les &#8230;","protected":false},"author":1,"featured_media":34607,"comment_status":"open","ping_status":"open","sticky":false,"template":"","format":"standard","meta":{"footnotes":""},"categories":[332],"tags":[874,1114,10,1372,249,200,5815,16,1401,3077,1304],"news-destination":[],"news-source":[475],"is_homepage":[],"ta_other":[],"class_list":["post-34606","post","type-post","status-publish","format-standard","has-post-thumbnail","hentry","category-edito","tag-austerite","tag-avocats","tag-bouches-du-rhone","tag-editoriaux","tag-gerald-darmanin","tag-justice","tag-lyhanna","tag-marseille","tag-reforme","tag-robes-noires","tag-violences-sexuelles","news-source-website"],"_links":{"self":[{"href":"https:\/\/euapp01.newsmemory.com\/lamarseillaise\/news\/wp-json\/wp\/v2\/posts\/34606","targetHints":{"allow":["GET"]}}],"collection":[{"href":"https:\/\/euapp01.newsmemory.com\/lamarseillaise\/news\/wp-json\/wp\/v2\/posts"}],"about":[{"href":"https:\/\/euapp01.newsmemory.com\/lamarseillaise\/news\/wp-json\/wp\/v2\/types\/post"}],"author":[{"embeddable":true,"href":"https:\/\/euapp01.newsmemory.com\/lamarseillaise\/news\/wp-json\/wp\/v2\/users\/1"}],"replies":[{"embeddable":true,"href":"https:\/\/euapp01.newsmemory.com\/lamarseillaise\/news\/wp-json\/wp\/v2\/comments?post=34606"}],"version-history":[{"count":1,"href":"https:\/\/euapp01.newsmemory.com\/lamarseillaise\/news\/wp-json\/wp\/v2\/posts\/34606\/revisions"}],"predecessor-version":[{"id":34608,"href":"https:\/\/euapp01.newsmemory.com\/lamarseillaise\/news\/wp-json\/wp\/v2\/posts\/34606\/revisions\/34608"}],"wp:featuredmedia":[{"embeddable":true,"href":"https:\/\/euapp01.newsmemory.com\/lamarseillaise\/news\/wp-json\/wp\/v2\/media\/34607"}],"wp:attachment":[{"href":"https:\/\/euapp01.newsmemory.com\/lamarseillaise\/news\/wp-json\/wp\/v2\/media?parent=34606"}],"wp:term":[{"taxonomy":"category","embeddable":true,"href":"https:\/\/euapp01.newsmemory.com\/lamarseillaise\/news\/wp-json\/wp\/v2\/categories?post=34606"},{"taxonomy":"post_tag","embeddable":true,"href":"https:\/\/euapp01.newsmemory.com\/lamarseillaise\/news\/wp-json\/wp\/v2\/tags?post=34606"},{"taxonomy":"news-destination","embeddable":true,"href":"https:\/\/euapp01.newsmemory.com\/lamarseillaise\/news\/wp-json\/wp\/v2\/news-destination?post=34606"},{"taxonomy":"news-source","embeddable":true,"href":"https:\/\/euapp01.newsmemory.com\/lamarseillaise\/news\/wp-json\/wp\/v2\/news-source?post=34606"},{"taxonomy":"is_homepage","embeddable":true,"href":"https:\/\/euapp01.newsmemory.com\/lamarseillaise\/news\/wp-json\/wp\/v2\/is_homepage?post=34606"},{"taxonomy":"ta_other","embeddable":true,"href":"https:\/\/euapp01.newsmemory.com\/lamarseillaise\/news\/wp-json\/wp\/v2\/ta_other?post=34606"}],"curies":[{"name":"wp","href":"https:\/\/api.w.org\/{rel}","templated":true}]}}