{"id":34594,"date":"2026-06-29T20:25:00","date_gmt":"2026-06-29T18:25:00","guid":{"rendered":"https:\/\/euapp01.newsmemory.com\/lamarseillaise\/news\/?p=34594"},"modified":"2026-07-04T08:04:39","modified_gmt":"2026-07-04T06:04:39","slug":"sabena-technics-jette-leponge-et-ses-soixante-dix-salaries","status":"publish","type":"post","link":"https:\/\/euapp01.newsmemory.com\/lamarseillaise\/news\/2026\/06\/29\/sabena-technics-jette-leponge-et-ses-soixante-dix-salaries\/","title":{"rendered":"\u00c0 Marignane, Sabena technics jette l\u2019\u00e9ponge et ses soixante-dix salari\u00e9s"},"content":{"rendered":"<div class=\"paragraph\">\n<p>B<i>onjour, on a appris la fermeture du site et on vient vous proposer notre aide et notre solidarit\u00e9<\/i>\u00a0\u00bb, lance Fran\u00e7ois Le Verne au premier automobiliste se pr\u00e9sentant au portail de Sabena Technics, \u00e0 Marignane. Ce lundi, d\u00e8s 5h30, ce militant retrait\u00e9 de l\u2019Union locale CGT de Vitrolles-Marignane, accompagn\u00e9 d\u2019autres syndicalistes, s\u2019est pr\u00e9sent\u00e9 devant les embl\u00e9matiques hangars Boussiron, investis par l\u2019entreprise de maintenance a\u00e9ronautique sp\u00e9cialis\u00e9e dans les h\u00e9licopt\u00e8res.<\/p>\n<p>Certains travailleurs s\u2019arr\u00eatent et \u00e9changent quelques mots. D\u2019autres passent, la mine grise. Pour l\u2019un d\u2019entre eux, \u00ab\u00a0<i>c\u2019est fini<\/i><i>\u00a0<\/i><i>! Je prends ma retraite<\/i>\u00a0\u00bb, lance-t-il. Car l\u2019entreprise ferme, aussi \u00e9tonnant que cela puisse para\u00eetre dans le secteur a\u00e9ronautique. 70\u00a0emplois directs sont menac\u00e9s. Le climat est \u00e9videmment morose. \u00ab\u00a0<i>C\u2019est incompr\u00e9hensible. Il n\u2019y a que col\u00e8re et d\u00e9go\u00fbt<\/i>\u00a0\u00bb, livre ce m\u00e9canicien, pr\u00e9sent depuis trois ans dans l\u2019entreprise. \u00ab\u00a0<i>Il n\u2019y a quasiment que des jeunes dans l\u2019\u00e9quipe, et si tu dis quelque chose, tu te fais d\u00e9gager<\/i><i>\u00a0<\/i>\u00bb, d\u00e9peint-il, estimant que \u00ab\u00a0<i>l\u2019a\u00e9ronautique est un petit monde, faut pas faire de bruit si on veut travailler \u00e0 c\u00f4t\u00e9<\/i>\u00a0\u00bb. Un autre salari\u00e9<i> <\/i>dit attendre juillet<i> \u00ab<\/i><i>\u00a0<\/i><i>pour se d\u00e9cider, si on bouge<\/i>\u00a0\u00bb, en fonction des annonces de la direction.<\/p>\n<\/p><\/div>\n<div class=\"intext\"> \u00ab\u00a0La Ville doit agir\u00a0\u00bb\n              <\/div>\n<div class=\"paragraph\">\n<p>Le milieu de l\u2019\u00e9t\u00e9 est donc la p\u00e9riode durant laquelle les travailleurs rencontr\u00e9s estiment que sera mis en place le plan de sauvegarde de l\u2019emploi. Dans ce contexte, l\u2019Union locale CGT de Vitrolles-Marignane joue son r\u00f4le. \u00ab\u00a0<i>On a une permanence juridique \u00e0 Vitrolles avec un expert des lois qui si\u00e8ge aux prud\u2019hommes<\/i>\u00a0\u00bb, explique Fran\u00e7ois Le Verne aux salari\u00e9s. \u00ab\u00a0<i>Si on te propose un PSE avec juste les indemnit\u00e9s l\u00e9gales, c\u2019est pas la peine. Se mobiliser d\u2019une mani\u00e8re ou d\u2019une autre peut permettre d\u2019aller chercher un peu plus<\/i><i>\u00a0<\/i>\u00bb, lance directement le syndicaliste \u00e0 l\u2019un d\u2019entre eux. La d\u00e9marche est assum\u00e9e\u00a0: \u00ab\u00a0<i>Nous, on am\u00e8ne la solidarit\u00e9 et on accompagne l\u2019\u00e9ventuel mouvement social. Mais ce sont les salari\u00e9s qui d\u00e9cident<\/i>\u00a0\u00bb, assure le syndicaliste.<\/p>\n<p>Dans le m\u00eame temps, la conseill\u00e8re municipale d\u2019opposition (PCF), Ariane Lombardi, pr\u00e9sente avec son colistier Youssef El Ouanaghly (PS), s\u2019interroge\u00a0: \u00ab\u00a0<i>On parle de 70<\/i><i>\u00a0<\/i><i>emplois directs, mais combien d\u2019indirects<\/i><i>\u00a0<\/i><i>?<\/i>\u00a0\u00bb. \u00ab\u00a0<i>Nous sommes aux c\u00f4t\u00e9s de la CGT, en soutien des salari\u00e9s, dans cette p\u00e9riode difficile. Ils n\u2019ont pas \u00e0 subir des d\u00e9cisions prises sans eux<\/i>\u00a0\u00bb, affirme l\u2019\u00e9lue. \u00ab\u00a0<i>Nous demandons \u00e0 la mairie de prendre conscience de la situation et d\u2019aller demander le reclassement digne des salari\u00e9s aupr\u00e8s de la direction. La majorit\u00e9 ne peut pas se dispenser de cette initiative quand la casse sociale a lieu sur son territoire<\/i>\u00a0\u00bb, estime Ariane Lombardi.<\/p>\n<p>Sollicit\u00e9e, la direction de Sabena Technics n\u2019a pas donn\u00e9 suite \u00e0 nos demandes.<\/p>\n<\/p><\/div>\n","protected":false},"excerpt":{"rendered":"Bonjour, on a appris la fermeture du site et on vient vous proposer notre aide et notre solidarit&eacute; &raquo;, lance Fran&ccedil;ois Le Verne au premier automobiliste se pr&eacute;sentant au portail de Sabena Technics, &agrave; Marignane. Ce &#8230;","protected":false},"author":1,"featured_media":34595,"comment_status":"open","ping_status":"open","sticky":false,"template":"","format":"standard","meta":{"footnotes":""},"categories":[3926,3925,331],"tags":[1352,10,5981,113,1497,148,753,540,1349,852,250,842,2124,962,260,137,910],"news-destination":[3944],"news-source":[475],"is_homepage":[],"ta_other":[],"class_list":["post-34594","post","type-post","status-publish","format-standard","has-post-thumbnail","hentry","category-accueil-merge","category-accueil-third","category-social","tag-aeronautique","tag-bouches-du-rhone","tag-casse","tag-cgt","tag-colere","tag-conseil-municipal","tag-emplois","tag-gauche","tag-marignane","tag-mouvement-social","tag-pcf","tag-plan-de-sauvegarde","tag-pse","tag-salaries","tag-solidarite","tag-territoire","tag-travailleurs","news-destination-homepage","news-source-website"],"_links":{"self":[{"href":"https:\/\/euapp01.newsmemory.com\/lamarseillaise\/news\/wp-json\/wp\/v2\/posts\/34594","targetHints":{"allow":["GET"]}}],"collection":[{"href":"https:\/\/euapp01.newsmemory.com\/lamarseillaise\/news\/wp-json\/wp\/v2\/posts"}],"about":[{"href":"https:\/\/euapp01.newsmemory.com\/lamarseillaise\/news\/wp-json\/wp\/v2\/types\/post"}],"author":[{"embeddable":true,"href":"https:\/\/euapp01.newsmemory.com\/lamarseillaise\/news\/wp-json\/wp\/v2\/users\/1"}],"replies":[{"embeddable":true,"href":"https:\/\/euapp01.newsmemory.com\/lamarseillaise\/news\/wp-json\/wp\/v2\/comments?post=34594"}],"version-history":[{"count":4,"href":"https:\/\/euapp01.newsmemory.com\/lamarseillaise\/news\/wp-json\/wp\/v2\/posts\/34594\/revisions"}],"predecessor-version":[{"id":34714,"href":"https:\/\/euapp01.newsmemory.com\/lamarseillaise\/news\/wp-json\/wp\/v2\/posts\/34594\/revisions\/34714"}],"wp:featuredmedia":[{"embeddable":true,"href":"https:\/\/euapp01.newsmemory.com\/lamarseillaise\/news\/wp-json\/wp\/v2\/media\/34595"}],"wp:attachment":[{"href":"https:\/\/euapp01.newsmemory.com\/lamarseillaise\/news\/wp-json\/wp\/v2\/media?parent=34594"}],"wp:term":[{"taxonomy":"category","embeddable":true,"href":"https:\/\/euapp01.newsmemory.com\/lamarseillaise\/news\/wp-json\/wp\/v2\/categories?post=34594"},{"taxonomy":"post_tag","embeddable":true,"href":"https:\/\/euapp01.newsmemory.com\/lamarseillaise\/news\/wp-json\/wp\/v2\/tags?post=34594"},{"taxonomy":"news-destination","embeddable":true,"href":"https:\/\/euapp01.newsmemory.com\/lamarseillaise\/news\/wp-json\/wp\/v2\/news-destination?post=34594"},{"taxonomy":"news-source","embeddable":true,"href":"https:\/\/euapp01.newsmemory.com\/lamarseillaise\/news\/wp-json\/wp\/v2\/news-source?post=34594"},{"taxonomy":"is_homepage","embeddable":true,"href":"https:\/\/euapp01.newsmemory.com\/lamarseillaise\/news\/wp-json\/wp\/v2\/is_homepage?post=34594"},{"taxonomy":"ta_other","embeddable":true,"href":"https:\/\/euapp01.newsmemory.com\/lamarseillaise\/news\/wp-json\/wp\/v2\/ta_other?post=34594"}],"curies":[{"name":"wp","href":"https:\/\/api.w.org\/{rel}","templated":true}]}}