{"id":34591,"date":"2026-06-29T21:54:00","date_gmt":"2026-06-29T19:54:00","guid":{"rendered":"https:\/\/euapp01.newsmemory.com\/lamarseillaise\/news\/?p=34591"},"modified":"2026-07-04T08:04:39","modified_gmt":"2026-07-04T06:04:39","slug":"finances-circulation-cours-decole-conseil-tendu-en-vue","status":"publish","type":"post","link":"https:\/\/euapp01.newsmemory.com\/lamarseillaise\/news\/2026\/06\/29\/finances-circulation-cours-decole-conseil-tendu-en-vue\/","title":{"rendered":"Finances, circulation, cours d\u2019\u00e9cole&#8230; conseil tendu en vue"},"content":{"rendered":"<div class=\"paragraph\">\n<p>Chaud dedans et chaud dehors. Le conseil municipal se r\u00e9unit ce mardi (18h, H\u00f4tel de ville) avec 55\u00a0d\u00e9lib\u00e9rations \u00e0 l\u2019ordre du jour. Un menu tr\u00e8s charg\u00e9 autour des diff\u00e9rents bilans financiers 2025, le rapport de la chambre r\u00e9gionale des comptes (CRC) sur la gestion de la Ville, l\u2019adoption du r\u00e8glement int\u00e9rieur ou les subventions aux associations revues \u00e0 la baisse.<\/p>\n<p>Le tout alors que le maire a d\u00e9voil\u00e9, <a rel=\"noopener noreferrer\" href=\"https:\/\/www.lamarseillaise.fr\/politique\/avignon-galzi-accuse-l-ex-majorite-d-avoir-manipule-les-comptes-OE20428732\" target=\"_blank\">vendredi, un audit sur les finances municipales qu\u2019il a command\u00e9<\/a> \u00e0 son arriv\u00e9e et dont<a rel=\"noopener noreferrer\" href=\"https:\/\/www.lamarseillaise.fr\/politique\/finances-la-gauche-avignonnaise-denonce-une-operation-de-communication-GF20431337\" target=\"_blank\"> l\u2019analyse est d\u00e9j\u00e0 remise en cause par l\u2019opposition de gauche.<\/a> \u00ab\u00a0<i>Un champ de ruines<\/i>\u00a0\u00bb, a pest\u00e9 Olivier Galzi (DVD), accusant l\u2019ancienne majorit\u00e9 d\u2019avoir manipul\u00e9 les comptes, pr\u00e9parant ainsi les esprits \u00e0 la rigueur. Ce lundi matin, \u00ab\u00a0<i>face \u00e0 l\u2019\u00e9tat catastrophique des finances dont nous h\u00e9ritons<\/i><i>\u00a0<\/i>\u00bb et \u00ab\u00a0<i>la n\u00e9cessit\u00e9 de faire d\u2019immenses efforts collectifs pour \u00e9viter le naufrage<\/i>\u00a0\u00bb, il annonce revenir sur l\u2019augmentation des indemnit\u00e9s de ses adjoints qui avait fait pol\u00e9mique en ouverture de mandat (+35%). De 1\u00a0200\u00a0euros bruts, les adjoints \u00e9taient pass\u00e9s \u00e0 1\u00a0700\u00a0euros. Selon nos calculs, ce revirement permet une \u00e9conomie de 120\u00a0000\u00a0euros par an. Soit la moiti\u00e9 de travaux pour v\u00e9g\u00e9taliser les cours d\u2019\u00e9coles.<\/p>\n<p>Une comparaison loin d\u2019\u00eatre anodine puisque la Ville vient de geler le programme Fraich\u2019 cours. Cet \u00e9t\u00e9, seule l\u2019\u00e9cole Louis Gros sera v\u00e9g\u00e9talis\u00e9e contre six pr\u00e9vues initialement. \u00ab\u00a0<i>Une seule a \u00e9t\u00e9 budg\u00e9t\u00e9e. Donc aujourd\u2019hui, les parents d\u2019\u00e9l\u00e8ves qui vous disent \u201cla mairie ne fait pas les travaux pour les cinq cours que vous avez promis\u201d, oui, c\u2019est vrai. Merci, Madame C\u00e9cile Helle [ex-maire], merci, Jo\u00ebl Peyre [ex-\u00e9lu aux finances]<\/i><i>\u00a0<\/i><i>\u00bb<\/i>, se d\u00e9douane Olivier Galzi. En amont du conseil municipal, des parents d\u2019\u00e9l\u00e8ves sont attendus pour marquer leur d\u00e9sapprobation. Ils seront aussi accompagn\u00e9s par<a rel=\"noopener noreferrer\" href=\"https:\/\/www.lamarseillaise.fr\/societe\/a-avignon-la-revision-du-plan-faubourg-contestee-par-des-habitants-II20287395\" target=\"_blank\"> plusieurs collectifs et associations oppos\u00e9s<\/a> \u00e0 la <a rel=\"noopener noreferrer\" href=\"https:\/\/www.lamarseillaise.fr\/politique\/a-avignon-le-maire-lance-la-revision-du-plan-de-circulation-faubourg-BC20220313\" target=\"_blank\">refonte du plan Faubourgs de circulation routi\u00e8re<\/a>.<\/p>\n<\/p><\/div>\n","protected":false},"excerpt":{"rendered":"Chaud dedans et chaud dehors. Le conseil municipal se r&eacute;unit ce mardi (18h, H&ocirc;tel de ville) avec 55&nbsp;d&eacute;lib&eacute;rations &agrave; l&rsquo;ordre du jour. Un menu tr&egrave;s charg&eacute; autour des diff&eacute;rents bilans &#8230;","protected":false},"author":1,"featured_media":34592,"comment_status":"open","ping_status":"open","sticky":false,"template":"","format":"standard","meta":{"footnotes":""},"categories":[3926,3925,330],"tags":[495,174,1420,148,803,913,731,4914,171,1547],"news-destination":[3944],"news-source":[475],"is_homepage":[],"ta_other":[],"class_list":["post-34591","post","type-post","status-publish","format-standard","has-post-thumbnail","hentry","category-accueil-merge","category-accueil-third","category-politique","tag-495","tag-avignon","tag-circulation","tag-conseil-municipal","tag-ecole","tag-finances","tag-mandat","tag-olivier-galzi","tag-vaucluse","tag-vegetalisation","news-destination-homepage","news-source-website"],"_links":{"self":[{"href":"https:\/\/euapp01.newsmemory.com\/lamarseillaise\/news\/wp-json\/wp\/v2\/posts\/34591","targetHints":{"allow":["GET"]}}],"collection":[{"href":"https:\/\/euapp01.newsmemory.com\/lamarseillaise\/news\/wp-json\/wp\/v2\/posts"}],"about":[{"href":"https:\/\/euapp01.newsmemory.com\/lamarseillaise\/news\/wp-json\/wp\/v2\/types\/post"}],"author":[{"embeddable":true,"href":"https:\/\/euapp01.newsmemory.com\/lamarseillaise\/news\/wp-json\/wp\/v2\/users\/1"}],"replies":[{"embeddable":true,"href":"https:\/\/euapp01.newsmemory.com\/lamarseillaise\/news\/wp-json\/wp\/v2\/comments?post=34591"}],"version-history":[{"count":2,"href":"https:\/\/euapp01.newsmemory.com\/lamarseillaise\/news\/wp-json\/wp\/v2\/posts\/34591\/revisions"}],"predecessor-version":[{"id":34605,"href":"https:\/\/euapp01.newsmemory.com\/lamarseillaise\/news\/wp-json\/wp\/v2\/posts\/34591\/revisions\/34605"}],"wp:featuredmedia":[{"embeddable":true,"href":"https:\/\/euapp01.newsmemory.com\/lamarseillaise\/news\/wp-json\/wp\/v2\/media\/34592"}],"wp:attachment":[{"href":"https:\/\/euapp01.newsmemory.com\/lamarseillaise\/news\/wp-json\/wp\/v2\/media?parent=34591"}],"wp:term":[{"taxonomy":"category","embeddable":true,"href":"https:\/\/euapp01.newsmemory.com\/lamarseillaise\/news\/wp-json\/wp\/v2\/categories?post=34591"},{"taxonomy":"post_tag","embeddable":true,"href":"https:\/\/euapp01.newsmemory.com\/lamarseillaise\/news\/wp-json\/wp\/v2\/tags?post=34591"},{"taxonomy":"news-destination","embeddable":true,"href":"https:\/\/euapp01.newsmemory.com\/lamarseillaise\/news\/wp-json\/wp\/v2\/news-destination?post=34591"},{"taxonomy":"news-source","embeddable":true,"href":"https:\/\/euapp01.newsmemory.com\/lamarseillaise\/news\/wp-json\/wp\/v2\/news-source?post=34591"},{"taxonomy":"is_homepage","embeddable":true,"href":"https:\/\/euapp01.newsmemory.com\/lamarseillaise\/news\/wp-json\/wp\/v2\/is_homepage?post=34591"},{"taxonomy":"ta_other","embeddable":true,"href":"https:\/\/euapp01.newsmemory.com\/lamarseillaise\/news\/wp-json\/wp\/v2\/ta_other?post=34591"}],"curies":[{"name":"wp","href":"https:\/\/api.w.org\/{rel}","templated":true}]}}