{"id":34588,"date":"2026-07-02T17:39:00","date_gmt":"2026-07-02T15:39:00","guid":{"rendered":"https:\/\/euapp01.newsmemory.com\/lamarseillaise\/news\/?p=34588"},"modified":"2026-07-06T09:55:54","modified_gmt":"2026-07-06T07:55:54","slug":"les-cent-jours-de-mandat-qui-ont-deja-change-nimes","status":"publish","type":"post","link":"https:\/\/euapp01.newsmemory.com\/lamarseillaise\/news\/2026\/07\/02\/les-cent-jours-de-mandat-qui-ont-deja-change-nimes\/","title":{"rendered":"Les cent jours de mandat qui ont d\u00e9j\u00e0 chang\u00e9 N\u00eemes"},"content":{"rendered":"<div class=\"paragraph\">\n<p>Vincent Bouget r\u00e9ussit-il une entr\u00e9e en mati\u00e8re quasiment parfaite\u00a0? Pour l\u2019heure, ni l\u2019opposition de droite, toujours fractur\u00e9e par les divisions, ni la d\u00e9magogie du RN ne sont parvenues \u00e0 faire tanguer la nouvelle \u00e9quipe.<\/p>\n<p>Pourtant, apr\u00e8s 25\u00a0ans sans alternance, lancer une nouvelle dynamique dans une administration centrale peu habitu\u00e9e \u00e0 s\u2019adapter \u00e9tait un v\u00e9ritable d\u00e9fi. Mais le nouveau maire de N\u00eemes s\u2019est attach\u00e9 en premier lieu \u00e0 travailler avec les agents de la collectivit\u00e9. C\u2019est d\u2019ailleurs sur ce point que Vincent Bouget a ouvert sa conf\u00e9rence de presse consacr\u00e9e aux cent premiers jours de son mandat. \u00ab\u00a0<i>Nous avons r\u00e9alis\u00e9 huit r\u00e9unions, organis\u00e9 60<\/i><i>\u00a0<\/i><i>ateliers avec 1<\/i><i>\u00a0<\/i><i>300<\/i><i>\u00a0<\/i><i>agents o\u00f9 la parole a \u00e9t\u00e9 libre. Il fallait entendre les agents qui portaient des questions personnelles et globales. Ils ont fait 1<\/i><i>\u00a0<\/i><i>600<\/i><i>\u00a0<\/i><i>propositions pour rendre un meilleur service public<\/i>\u00a0\u00bb, a pr\u00e9sent\u00e9 l\u2019\u00e9dile en pr\u00e9cisant qu\u2019un projet d\u2019administration serait r\u00e9alis\u00e9 \u00e0 l\u2019automne.<\/p>\n<p>Ce dialogue, Vincent Bouget l\u2019a \u00e9galement lanc\u00e9 avec les habitants de la Ville gr\u00e2ce \u00e0 l\u2019organisation de sept r\u00e9unions publiques. Une restitution publique de ces discussions se tiendra d\u2019ailleurs le 8\u00a0juillet \u00e0 18h30 au Parnasse.<\/p>\n<\/p><\/div>\n<div class=\"intext\"> Des avanc\u00e9es concr\u00e8tes\n              <\/div>\n<div class=\"paragraph\">\n<p>Outre la m\u00e9thode, Vincent Bouget s\u2019est aussi f\u00e9licit\u00e9 de plusieurs r\u00e9alisations concr\u00e8tes malgr\u00e9 \u00ab<i>\u00a0<\/i><i>un budget 2026 d\u00e9cid\u00e9 par l\u2019ancienne \u00e9quipe<\/i>\u00a0\u00bb. Parmi elles, le maire note la bonne organisation de la feria avec la mise en place des transports gratuits le week-end, exp\u00e9rience qui sera renouvel\u00e9e pour la feria des Vendanges.<\/p>\n<p>\u00ab\u00a0<i>Nous sommes aussi all\u00e9s plus vite que pr\u00e9vu pour le d\u00e9blocage de fonds et de moyens humains pour le poste de police de Pissevin<\/i>\u00a0\u00bb, s\u2019est-il f\u00e9licit\u00e9. En effet, lors de son d\u00e9placement dans la capitale du Gard, Laurent Nu\u00f1ez, le ministre de l\u2019Int\u00e9rieur, avait annonc\u00e9 le d\u00e9blocage d\u2019une enveloppe de 620\u00a0000\u00a0euros pour la construction du poste de police dans le quartier populaire n\u00eemois et l\u2019arriv\u00e9e de 16\u00a0policiers au 1<sup>er<\/sup>\u00a0septembre au commissariat de N\u00eemes. Vincent Bouget a \u00e9galement confirm\u00e9 que les \u00e9lus de la majorit\u00e9 avan\u00e7aient sur \u00ab\u00a0<i>les projets au long cours<\/i>\u00a0\u00bb comme la v\u00e9g\u00e9talisation de la ville et de ses \u00e9coles, la cr\u00e9ation des fameuses places communes, les questions de mobilit\u00e9 et la r\u00e9habilitation du stade des Costi\u00e8res.<\/p>\n<p>S\u2019il n\u2019a pas voulu s\u2019\u00e9terniser sur les squelettes laiss\u00e9s dans le placard par l\u2019\u00e9quipe pr\u00e9c\u00e9dente, il a confirm\u00e9 qu\u2019en plus du fort endettement de N\u00eemes M\u00e9tropole et de la situation du stade des Costi\u00e8res, qui \u00e9taient connus, la Ville conna\u00eet une \u00ab\u00a0<i>dette grise<\/i>\u00a0\u00bb, c\u2019est-\u00e0-dire que nombre d\u2019infrastructures n\u2019ont pas \u00e9t\u00e9 entretenues ou r\u00e9nov\u00e9es. \u00ab\u00a0<i>Deux \u00e9coles ont connu une r\u00e9novation \u00e9nerg\u00e9tique, il en reste 81. Ici, au Carr\u00e9 d\u2019art, le toit fuit quand il pleut<\/i>\u00a0\u00bb, a-t-il illustr\u00e9.<\/p>\n<\/p><\/div>\n<div class=\"intext\"> Gratuit\u00e9 des biblioth\u00e8ques\n              <\/div>\n<div class=\"paragraph\">\n<p>Si Vincent Bouget a tenu \u00e0 r\u00e9unir la presse au Carr\u00e9 d\u2019Art, c\u2019est surtout pour annoncer plusieurs nouveaut\u00e9s concernant la culture et l\u2019\u00e9ducation. Ainsi, les biblioth\u00e8ques seront gratuites \u00e0 partir du 1<sup>er<\/sup>\u00a0septembre \u00ab\u00a0<i>comme dans 60% des collectivit\u00e9s de France<\/i><i>\u00a0<\/i>\u00bb. Le co\u00fbt de la mesure est estim\u00e9 \u00e0 75\u00a0000\u00a0euros. En parall\u00e8le, tous les enfants entrant en CP recevront d\u00e9sormais une carte de biblioth\u00e8que. Concernant la jeunesse \u00e9rig\u00e9e en \u00ab<i>\u00a0<\/i><i>priorit\u00e9<\/i><i>\u00a0<\/i>\u00bb, 10\u00a0euros de fournitures scolaires ont aussi \u00e9t\u00e9 d\u00e9bloqu\u00e9s par \u00e9l\u00e8ve de primaire, s\u2019ajoutant aux 50\u00a0euros de dotation totale par enfant d\u00e9j\u00e0 consentis. La mesure co\u00fbtera 50\u00a0000\u00a0euros.<\/p>\n<p>Vincent Bouget a aussi confirm\u00e9 la gratuit\u00e9 totale du mus\u00e9e des cultures taurines \u00e0 la rentr\u00e9e et l\u2019extension de la gratuit\u00e9 dans les trois autres mus\u00e9es municipaux (mus\u00e9e des beaux-arts, mus\u00e9um d\u2019histoire naturelle et mus\u00e9e du vieux N\u00eemes) pour les moins de 26\u00a0ans. Toutes ces mesures seront vot\u00e9es lors du conseil municipal du 4\u00a0juillet.<\/p>\n<p>Vincent Bouget a conclu en donnant rendez-vous aux habitants le 13\u00a0juillet aux Jardins de la Fontaine pour un nouveau rendez-vous\u00a0: \u00ab\u00a0\u00c0 la Table de Marianne\u00a0\u00bb. Le principe est simple, les Jardins seront ouverts jusqu\u2019\u00e0 minuit pour un \u00ab\u00a0<i>pique-nique g\u00e9ant familial<\/i><i>\u00a0<\/i>\u00bb, o\u00f9 le partage autour des valeurs r\u00e9publicaines sera \u00e0 l\u2019honneur, avec en prime des animations culturelles.<\/p>\n<\/p><\/div>\n","protected":false},"excerpt":{"rendered":"Vincent Bouget r&eacute;ussit-il une entr&eacute;e en mati&egrave;re quasiment parfaite&nbsp;? Pour l&rsquo;heure, ni l&rsquo;opposition de droite, toujours fractur&eacute;e par les divisions, ni la d&eacute;magogie du RN ne sont parvenues &agrave; &#8230;","protected":false},"author":1,"featured_media":35085,"comment_status":"open","ping_status":"open","sticky":false,"template":"","format":"standard","meta":{"footnotes":""},"categories":[3926,3925,330],"tags":[247,1995,465,35,410,238,515,2464,1777,478,241,4440,284,250,763,111,4864,2418],"news-destination":[3944],"news-source":[475],"is_homepage":[],"ta_other":[],"class_list":["post-34588","post","type-post","status-publish","format-standard","has-post-thumbnail","hentry","category-accueil-merge","category-accueil-third","category-politique","tag-247","tag-bibliotheques","tag-communistes","tag-culture","tag-education","tag-gard","tag-gestion","tag-gratuite","tag-mediatheque","tag-municipales","tag-nimes","tag-nimes-en-commun","tag-occitanie","tag-pcf","tag-police","tag-securite","tag-stade-des-costieres","tag-vincent-bouget","news-destination-homepage","news-source-website"],"_links":{"self":[{"href":"https:\/\/euapp01.newsmemory.com\/lamarseillaise\/news\/wp-json\/wp\/v2\/posts\/34588","targetHints":{"allow":["GET"]}}],"collection":[{"href":"https:\/\/euapp01.newsmemory.com\/lamarseillaise\/news\/wp-json\/wp\/v2\/posts"}],"about":[{"href":"https:\/\/euapp01.newsmemory.com\/lamarseillaise\/news\/wp-json\/wp\/v2\/types\/post"}],"author":[{"embeddable":true,"href":"https:\/\/euapp01.newsmemory.com\/lamarseillaise\/news\/wp-json\/wp\/v2\/users\/1"}],"replies":[{"embeddable":true,"href":"https:\/\/euapp01.newsmemory.com\/lamarseillaise\/news\/wp-json\/wp\/v2\/comments?post=34588"}],"version-history":[{"count":2,"href":"https:\/\/euapp01.newsmemory.com\/lamarseillaise\/news\/wp-json\/wp\/v2\/posts\/34588\/revisions"}],"predecessor-version":[{"id":35086,"href":"https:\/\/euapp01.newsmemory.com\/lamarseillaise\/news\/wp-json\/wp\/v2\/posts\/34588\/revisions\/35086"}],"wp:featuredmedia":[{"embeddable":true,"href":"https:\/\/euapp01.newsmemory.com\/lamarseillaise\/news\/wp-json\/wp\/v2\/media\/35085"}],"wp:attachment":[{"href":"https:\/\/euapp01.newsmemory.com\/lamarseillaise\/news\/wp-json\/wp\/v2\/media?parent=34588"}],"wp:term":[{"taxonomy":"category","embeddable":true,"href":"https:\/\/euapp01.newsmemory.com\/lamarseillaise\/news\/wp-json\/wp\/v2\/categories?post=34588"},{"taxonomy":"post_tag","embeddable":true,"href":"https:\/\/euapp01.newsmemory.com\/lamarseillaise\/news\/wp-json\/wp\/v2\/tags?post=34588"},{"taxonomy":"news-destination","embeddable":true,"href":"https:\/\/euapp01.newsmemory.com\/lamarseillaise\/news\/wp-json\/wp\/v2\/news-destination?post=34588"},{"taxonomy":"news-source","embeddable":true,"href":"https:\/\/euapp01.newsmemory.com\/lamarseillaise\/news\/wp-json\/wp\/v2\/news-source?post=34588"},{"taxonomy":"is_homepage","embeddable":true,"href":"https:\/\/euapp01.newsmemory.com\/lamarseillaise\/news\/wp-json\/wp\/v2\/is_homepage?post=34588"},{"taxonomy":"ta_other","embeddable":true,"href":"https:\/\/euapp01.newsmemory.com\/lamarseillaise\/news\/wp-json\/wp\/v2\/ta_other?post=34588"}],"curies":[{"name":"wp","href":"https:\/\/api.w.org\/{rel}","templated":true}]}}