{"id":34585,"date":"2026-06-29T11:11:00","date_gmt":"2026-06-29T09:11:00","guid":{"rendered":"https:\/\/euapp01.newsmemory.com\/lamarseillaise\/news\/?p=34585"},"modified":"2026-07-04T08:04:39","modified_gmt":"2026-07-04T06:04:39","slug":"une-fete-qui-cree-de-lintelligence-collective","status":"publish","type":"post","link":"https:\/\/euapp01.newsmemory.com\/lamarseillaise\/news\/2026\/06\/29\/une-fete-qui-cree-de-lintelligence-collective\/","title":{"rendered":"\u00ab&nbsp;Une f\u00eate qui cr\u00e9e de l\u2019intelligence collective&nbsp;\u00bb"},"content":{"rendered":"<div class=\"paragraph\">\n<p>Il y a ceux qui font la f\u00eate pour \u00ab\u00a0oublier\u00a0\u00bb, pas nous. Nous, nous la faisons pour nous rassembler, nous organiser, r\u00e9fl\u00e9chir et lutter pour ne pas rester seul dans cette soci\u00e9t\u00e9 o\u00f9 l\u2019individualisme et la comp\u00e9tition entre les citoyens sont \u00e9rig\u00e9s en valeurs supr\u00eames. Cette soci\u00e9t\u00e9 o\u00f9 la culpabilit\u00e9 est renvoy\u00e9e \u00e0 celui qui est en difficult\u00e9. Tu ne trouves pas de travail ? C\u2019est de ta faute. Tu n\u2019arrives pas \u00e0 boucler ton budget, c\u2019est de ta faute. Ton gamin ne s\u2019en sort pas, c\u2019est de ta faute. La plan\u00e8te br\u00fble, c\u2019est de ta faute&#8230;<\/p>\n<p>Si les services publics, la sant\u00e9, la justice dysfonctionnent, c\u2019est s\u00fbrement de la faute de certaines personnes et on ne remet jamais en cause ce syst\u00e8me ultralib\u00e9ral.<\/p>\n<p>Alors non, ce n\u2019est pas notre faute \u00e0 nous si la soci\u00e9t\u00e9 va mal, tr\u00e8s mal. En revanche, c\u2019est notre responsabilit\u00e9 collective de faire face. Ce ne sera jamais une r\u00e9ponse individuelle qui pourra r\u00e9soudre quoi que ce soit.<\/p>\n<p>Voil\u00e0 pourquoi nous sommes communistes et pas populistes et que nous luttons depuis toujours contre les forces d\u2019extr\u00eame droite.<\/p>\n<p>Si nous sommes ici aujourd\u2019hui, c\u2019est pour faire la f\u00eate, une f\u00eate qui cr\u00e9e de l\u2019intelligence collective, une f\u00eate de luttes, une f\u00eate de fraternit\u00e9.\u00a0\u00bb<\/p>\n<\/p><\/div>\n","protected":false},"excerpt":{"rendered":"Il y a ceux qui font la f&ecirc;te pour &laquo;&nbsp;oublier&nbsp;&raquo;, pas nous. Nous, nous la faisons pour nous rassembler, nous organiser, r&eacute;fl&eacute;chir et lutter pour ne pas rester seul dans cette soci&eacute;t&eacute; o&ugrave; &#8230;","protected":false},"author":1,"featured_media":34586,"comment_status":"open","ping_status":"open","sticky":false,"template":"","format":"standard","meta":{"footnotes":""},"categories":[3926,3925,330,20],"tags":[4768,302,5311,250,256,484,3756,53],"news-destination":[3944],"news-source":[475],"is_homepage":[],"ta_other":[],"class_list":["post-34585","post","type-post","status-publish","format-standard","has-post-thumbnail","hentry","category-accueil-merge","category-accueil-third","category-politique","category-societe","tag-alpes","tag-emploi","tag-fete-de-la-marseillaise","tag-pcf","tag-sante","tag-services-publics","tag-sophie-delfino","tag-travail","news-destination-homepage","news-source-website"],"_links":{"self":[{"href":"https:\/\/euapp01.newsmemory.com\/lamarseillaise\/news\/wp-json\/wp\/v2\/posts\/34585","targetHints":{"allow":["GET"]}}],"collection":[{"href":"https:\/\/euapp01.newsmemory.com\/lamarseillaise\/news\/wp-json\/wp\/v2\/posts"}],"about":[{"href":"https:\/\/euapp01.newsmemory.com\/lamarseillaise\/news\/wp-json\/wp\/v2\/types\/post"}],"author":[{"embeddable":true,"href":"https:\/\/euapp01.newsmemory.com\/lamarseillaise\/news\/wp-json\/wp\/v2\/users\/1"}],"replies":[{"embeddable":true,"href":"https:\/\/euapp01.newsmemory.com\/lamarseillaise\/news\/wp-json\/wp\/v2\/comments?post=34585"}],"version-history":[{"count":1,"href":"https:\/\/euapp01.newsmemory.com\/lamarseillaise\/news\/wp-json\/wp\/v2\/posts\/34585\/revisions"}],"predecessor-version":[{"id":34587,"href":"https:\/\/euapp01.newsmemory.com\/lamarseillaise\/news\/wp-json\/wp\/v2\/posts\/34585\/revisions\/34587"}],"wp:featuredmedia":[{"embeddable":true,"href":"https:\/\/euapp01.newsmemory.com\/lamarseillaise\/news\/wp-json\/wp\/v2\/media\/34586"}],"wp:attachment":[{"href":"https:\/\/euapp01.newsmemory.com\/lamarseillaise\/news\/wp-json\/wp\/v2\/media?parent=34585"}],"wp:term":[{"taxonomy":"category","embeddable":true,"href":"https:\/\/euapp01.newsmemory.com\/lamarseillaise\/news\/wp-json\/wp\/v2\/categories?post=34585"},{"taxonomy":"post_tag","embeddable":true,"href":"https:\/\/euapp01.newsmemory.com\/lamarseillaise\/news\/wp-json\/wp\/v2\/tags?post=34585"},{"taxonomy":"news-destination","embeddable":true,"href":"https:\/\/euapp01.newsmemory.com\/lamarseillaise\/news\/wp-json\/wp\/v2\/news-destination?post=34585"},{"taxonomy":"news-source","embeddable":true,"href":"https:\/\/euapp01.newsmemory.com\/lamarseillaise\/news\/wp-json\/wp\/v2\/news-source?post=34585"},{"taxonomy":"is_homepage","embeddable":true,"href":"https:\/\/euapp01.newsmemory.com\/lamarseillaise\/news\/wp-json\/wp\/v2\/is_homepage?post=34585"},{"taxonomy":"ta_other","embeddable":true,"href":"https:\/\/euapp01.newsmemory.com\/lamarseillaise\/news\/wp-json\/wp\/v2\/ta_other?post=34585"}],"curies":[{"name":"wp","href":"https:\/\/api.w.org\/{rel}","templated":true}]}}