{"id":34579,"date":"2026-06-29T09:57:00","date_gmt":"2026-06-29T07:57:00","guid":{"rendered":"https:\/\/euapp01.newsmemory.com\/lamarseillaise\/news\/?p=34579"},"modified":"2026-07-03T12:28:00","modified_gmt":"2026-07-03T10:28:00","slug":"christian-bastid-une-vie-au-service-du-collectif","status":"publish","type":"post","link":"https:\/\/euapp01.newsmemory.com\/lamarseillaise\/news\/2026\/06\/29\/christian-bastid-une-vie-au-service-du-collectif\/","title":{"rendered":"Christian Bastid, une vie au service du collectif"},"content":{"rendered":"<div class=\"paragraph\">\n<p>Bien s\u00fbr il a particip\u00e9 \u00e0 la bataille pour d\u00e9fendre Nelson Mandela. Mais contrairement \u00e0 de nombreux militants, pouss\u00e9s dans le grand bain politique par les tumultes du monde, les injustices nationales ou les lectures de Marx, l\u2019engagement de Christian Bastid est n\u00e9 dans les batailles locales. \u00ab\u00a0<i>J\u2019ai adh\u00e9r\u00e9 au Parti communiste en 1983 lorsqu\u2019on a perdu la Ville de N\u00eemes. J\u2019\u00e9tais sympathisant mais \u00e0 ce moment-l\u00e0, je me suis dit qu\u2019il fallait \u00eatre partie prenante pour contribuer \u00e0 reconqu\u00e9rir la ville de N\u00eemes, ce qui est arriv\u00e9 \u00e0 deux reprises<\/i>\u00a0\u00bb, explique-t-il.<\/p>\n<p>Natif de la capitale du Gard, Christian Bastid a d\u2019abord multipli\u00e9 les m\u00e9tiers dans le priv\u00e9, monteur, \u00e9lagueur, m\u00e9tallurgiste&#8230; des postes d\u2019ouvriers qui lui ont permis de \u00ab\u00a0<i>comprendre ce qu\u2019\u00e9tait l\u2019exploitation par le capital<\/i>\u00a0\u00bb. Puis, il int\u00e8gre les collectivit\u00e9s territoriales. Dans le m\u00eame temps, c\u2019est d\u2019abord l\u2019engagement syndical qui marque son parcours, en adh\u00e9rant \u00e0 la CGT puis en devenant secr\u00e9taire de l\u2019union locale CGT de N\u00eemes. \u00ab\u00a0<i>N\u00eemes est une ville de cheminots mais l\u2019industrie y \u00e9tait aussi tr\u00e8s forte. Le PCF a toujours eu un r\u00f4le important dans cette ville<\/i>\u00a0\u00bb, ajoute-t-il.<\/p>\n<p>Ce passionn\u00e9 de football et de rugby, mais aussi de sp\u00e9l\u00e9ologie qui lui a permis d\u2019ouvrir tr\u00e8s t\u00f4t les yeux sur les probl\u00e9matiques environnementales, est \u00e9lu conseiller g\u00e9n\u00e9ral pour la premi\u00e8re fois en 2011 sur le canton de N\u00eemes 3. Marqu\u00e9 par le mandat et la personnalit\u00e9 d\u2019Alain Clary, il a d\u2019abord lutt\u00e9 pendant la premi\u00e8re partie du XXI<sup>e<\/sup>\u00a0si\u00e8cle contre une droite h\u00e9g\u00e9monique \u00e0 N\u00eemes avant d\u2019engranger les responsabilit\u00e9s. Au D\u00e9partement, il est en effet vice-pr\u00e9sident d\u00e9l\u00e9gu\u00e9 \u00e0 l\u2019Habitat, au logement et au renouvellement urbain et il pr\u00e9side aussi la Coop\u00e9rative des \u00e9lu.e.s communistes r\u00e9publicain.e.s et citoyen.ne.s du Gard. Depuis mars, il est aussi conseiller municipal d\u00e9l\u00e9gu\u00e9 \u00e0 la M\u00e9moire, aux Anciens combattants et \u00e0 la Culture de paix et si\u00e8ge \u00e9galement comme conseiller communautaire.<\/p>\n<\/p><\/div>\n<div class=\"intext\"> Pr\u00e9parer 2027\n              <\/div>\n<div class=\"paragraph\">\n<p>L\u2019\u00e9lu n\u00eemois, reconnu pour son exp\u00e9rience et son attachement au Parti, a souhait\u00e9 placer son \u00e9lection sous le signe \u00ab\u00a0<i>du rassemblement et de l\u2019unit\u00e9 de tous les communistes<\/i>\u00a0\u00bb. Parmi, ses priorit\u00e9s, il veut engager une r\u00e9flexion sur \u00ab\u00a0<i>quel Parti nous voulons pour demain<\/i>\u00a0\u00bb. Pour cela, il souhaite s\u2019emparer des th\u00e9matiques de \u00ab<i>\u00a0<\/i><i>la jeunesse, la paix, des questions sociales, la lutte pour l\u2019emploi, la pr\u00e9carit\u00e9, l\u2019\u00e9galit\u00e9 entre les hommes et les femmes et la lutte contre le racisme<\/i><i>\u00a0<\/i>\u00bb. \u00ab\u00a0<i>Ces axes sont \u00e9troitement li\u00e9s avec les probl\u00e9matiques du d\u00e9partement du Gard<\/i>\u00a0\u00bb, pr\u00e9cise-t-il.<\/p>\n<p>Mais Christian Bastid devra aussi pr\u00e9parer les prochaines \u00e9ch\u00e9ances \u00e9lectorales de 2027 avec en ligne de mire l\u2019\u00e9lection pr\u00e9sidentielle et les l\u00e9gislatives. \u00ab<i>\u00a0<\/i><i>L\u2019enjeu, c\u2019est de savoir quel r\u00f4le aura le PCF, parce que nous proposons des choses diff\u00e9rentes, dans un contexte o\u00f9 il y a un risque d\u2019\u00e9lection de l\u2019extr\u00eame droite<\/i>\u00a0\u00bb, conclut-il.<\/p>\n<\/p><\/div>\n","protected":false},"excerpt":{"rendered":"Bien s&ucirc;r il a particip&eacute; &agrave; la bataille pour d&eacute;fendre Nelson Mandela. Mais contrairement &agrave; de nombreux militants, pouss&eacute;s dans le grand bain politique par les tumultes du monde, les injustices nationales ou les &#8230;","protected":false},"author":1,"featured_media":34580,"comment_status":"open","ping_status":"open","sticky":false,"template":"","format":"standard","meta":{"footnotes":""},"categories":[3926,3925,330],"tags":[247,5022,113,869,2446,2532,441,4452,13,238,540,241,284,2352,250,191,904],"news-destination":[3944],"news-source":[475],"is_homepage":[],"ta_other":[],"class_list":["post-34579","post","type-post","status-publish","format-standard","has-post-thumbnail","hentry","category-accueil-merge","category-accueil-third","category-politique","tag-247","tag-antiracisme","tag-cgt","tag-cheminot","tag-christian-bastid","tag-egalite-hommes-femmes","tag-extreme-droite","tag-federation-pcf-du-gard","tag-football","tag-gard","tag-gauche","tag-nimes","tag-occitanie","tag-ouvriers","tag-pcf","tag-politique","tag-rugby","news-destination-homepage","news-source-website"],"_links":{"self":[{"href":"https:\/\/euapp01.newsmemory.com\/lamarseillaise\/news\/wp-json\/wp\/v2\/posts\/34579","targetHints":{"allow":["GET"]}}],"collection":[{"href":"https:\/\/euapp01.newsmemory.com\/lamarseillaise\/news\/wp-json\/wp\/v2\/posts"}],"about":[{"href":"https:\/\/euapp01.newsmemory.com\/lamarseillaise\/news\/wp-json\/wp\/v2\/types\/post"}],"author":[{"embeddable":true,"href":"https:\/\/euapp01.newsmemory.com\/lamarseillaise\/news\/wp-json\/wp\/v2\/users\/1"}],"replies":[{"embeddable":true,"href":"https:\/\/euapp01.newsmemory.com\/lamarseillaise\/news\/wp-json\/wp\/v2\/comments?post=34579"}],"version-history":[{"count":1,"href":"https:\/\/euapp01.newsmemory.com\/lamarseillaise\/news\/wp-json\/wp\/v2\/posts\/34579\/revisions"}],"predecessor-version":[{"id":34581,"href":"https:\/\/euapp01.newsmemory.com\/lamarseillaise\/news\/wp-json\/wp\/v2\/posts\/34579\/revisions\/34581"}],"wp:featuredmedia":[{"embeddable":true,"href":"https:\/\/euapp01.newsmemory.com\/lamarseillaise\/news\/wp-json\/wp\/v2\/media\/34580"}],"wp:attachment":[{"href":"https:\/\/euapp01.newsmemory.com\/lamarseillaise\/news\/wp-json\/wp\/v2\/media?parent=34579"}],"wp:term":[{"taxonomy":"category","embeddable":true,"href":"https:\/\/euapp01.newsmemory.com\/lamarseillaise\/news\/wp-json\/wp\/v2\/categories?post=34579"},{"taxonomy":"post_tag","embeddable":true,"href":"https:\/\/euapp01.newsmemory.com\/lamarseillaise\/news\/wp-json\/wp\/v2\/tags?post=34579"},{"taxonomy":"news-destination","embeddable":true,"href":"https:\/\/euapp01.newsmemory.com\/lamarseillaise\/news\/wp-json\/wp\/v2\/news-destination?post=34579"},{"taxonomy":"news-source","embeddable":true,"href":"https:\/\/euapp01.newsmemory.com\/lamarseillaise\/news\/wp-json\/wp\/v2\/news-source?post=34579"},{"taxonomy":"is_homepage","embeddable":true,"href":"https:\/\/euapp01.newsmemory.com\/lamarseillaise\/news\/wp-json\/wp\/v2\/is_homepage?post=34579"},{"taxonomy":"ta_other","embeddable":true,"href":"https:\/\/euapp01.newsmemory.com\/lamarseillaise\/news\/wp-json\/wp\/v2\/ta_other?post=34579"}],"curies":[{"name":"wp","href":"https:\/\/api.w.org\/{rel}","templated":true}]}}