{"id":34576,"date":"2026-06-29T09:58:00","date_gmt":"2026-06-29T07:58:00","guid":{"rendered":"https:\/\/euapp01.newsmemory.com\/lamarseillaise\/news\/?p=34576"},"modified":"2026-07-03T19:02:12","modified_gmt":"2026-07-03T17:02:12","slug":"des-voix-selevent-contre-un-projet-agrivoltaique-a-servas","status":"publish","type":"post","link":"https:\/\/euapp01.newsmemory.com\/lamarseillaise\/news\/2026\/06\/29\/des-voix-selevent-contre-un-projet-agrivoltaique-a-servas\/","title":{"rendered":"Des voix s\u2019\u00e9l\u00e8vent contre un projet agrivolta\u00efque \u00e0 Servas"},"content":{"rendered":"<div class=\"paragraph\">\n<p>Partout en France, des projets agrivolta\u00efques fleurissent sur le territoire et divisent les citoyens. La commune de Servas, dans le Gard, ne fait pas exception. Le dernier projet en date est celui des Martinets, port\u00e9 par Verso \u00c9nergie, qui concerne une quinzaine d\u2019hectares dans le Nord de la commune. Il \u00e9tait pr\u00e9sent\u00e9 ce 22\u00a0juin aux \u00e9lus municipaux.<\/p>\n<p>Pour l\u2019occasion, la Conf\u00e9d\u00e9ration paysanne du Gard avait appel\u00e9 \u00e0 un rassemblement devant la mairie \u00e0 18h, afin d\u2019alerter sur le fait que les installations agrivolta\u00efques \u00e0 Servas pourraient impacter jusqu\u2019\u00e0 129\u00a0hectares de terres agricoles, soit pr\u00e8s de 12% du territoire communal.<i> \u00ab<\/i><i>\u00a0<\/i><i>Nous \u00e9tions une petite cinquantaine, <\/i>rapporte S\u00e9bastien Espagne, co-r\u00e9f\u00e9rent d\u00e9partemental des Ami.e.s de la Conf\u00e9d\u00e9ration paysanne du Gard<i>. Notre association \u00e9tait pr\u00e9sente aux c\u00f4t\u00e9s de la Conf\u00e9d\u00e9ration paysanne, mais aussi de l\u2019association Agir<\/i><i>\u00a0<\/i><i>30 et d\u2019habitants du village.<\/i><i>\u00a0<\/i><i>\u00bb<\/i><\/p>\n<p><i>\u00ab<\/i><i>\u00a0<\/i><i>On a vu passer une quinzaine de projets de ce type ces 18<\/i><i>\u00a0<\/i><i>derniers mois<\/i>, explique de son c\u00f4t\u00e9 Simon Le Berre, porte-parole de la Conf\u00e9d\u00e9ration paysanne du Gard. <i>Nous ne sommes ni contre le progr\u00e8s, ni contre les \u00e9nergies renouvelables, bien au contraire. Nous voulons simplement demander une v\u00e9ritable r\u00e9flexion collective sur ces projets et surtout, qu\u2019ils soient envisag\u00e9s en priorit\u00e9 sur des terres d\u00e9j\u00e0 artificialis\u00e9es.<\/i><i>\u00a0<\/i><i>\u00bb<\/i><\/p>\n<p>S\u00e9bastien Espagne se montre satisfait de cette premi\u00e8re mobilisation\u00a0:<i> \u00ab<\/i><i>\u00a0<\/i><i>Nous avons \u00e9t\u00e9 tr\u00e8s bien accueillis par les habitants et la soci\u00e9t\u00e9 Verso \u00c9nergie a propos\u00e9 aux collectifs pr\u00e9sents de les rencontrer plus tard, pour leur pr\u00e9senter le projet plus en d\u00e9tail.<\/i><i>\u00a0<\/i><i>\u00bb <\/i>De leur c\u00f4t\u00e9, les \u00e9lus devront voter le projet au prochain conseil municipal, apr\u00e8s s\u2019y \u00eatre d\u00e9j\u00e0 oppos\u00e9s une premi\u00e8re fois.<\/p>\n<\/p><\/div>\n<div class=\"intext\"> Augmentation du foncier\n              <\/div>\n<div class=\"paragraph\">\n<p>Ce n\u2019est pas un hasard si les projets agrivolta\u00efques se multiplient dans le Gard. Depuis un d\u00e9cret d\u2019avril 2024, les installations de production d\u2019\u00e9nergie photovolta\u00efque ne peuvent \u00eatre implant\u00e9es que sur des terrains identifi\u00e9s dans un document-cadre sp\u00e9cifique \u00e0 chaque d\u00e9partement. Or, dans le Gard, ce dernier est tr\u00e8s restrictif et ne laisse que peu de parcelles libres pour le photovolta\u00efque au sol. C\u2019est la raison pour laquelle les entreprises se tournent vers l\u2019alternative de l\u2019agrivolta\u00efsme, c\u2019est-\u00e0-dire l\u2019installation de panneaux solaires au-dessus d\u2019une parcelle d\u2019activit\u00e9 agricole. C\u2019est d\u2019ailleurs ce qui explique que les opposants \u00e0 ces projets parlent g\u00e9n\u00e9ralement de \u00ab\u00a0caution\u00a0\u00bb agricole.<\/p>\n<p>Selon Simon Le Berre, le sc\u00e9nario se d\u00e9roule pratiquement toujours de la m\u00eame fa\u00e7on. Un propri\u00e9taire qui veut valoriser son terrain contacte ou se fait d\u00e9marcher par une entreprise. Il trouve ensuite un agriculteur qui accepte de faire p\u00e2turer ses b\u00eates ou de cultiver sur une parcelle qui sera d\u00e9di\u00e9e \u00e0 l\u2019agrivolta\u00efsme, en \u00e9change d\u2019une partie des gains de revente de l\u2019\u00e9lectricit\u00e9.<i> \u00ab<\/i><i>\u00a0<\/i><i>L\u2019id\u00e9e de l\u2019agrivolta\u00efsme, c\u2019est d\u2019apporter un gain pour l\u2019activit\u00e9 agricole, <\/i>poursuit Simon Le Berre.<i> Or, pour l\u2019instant, les \u00e9tudes qui sont cens\u00e9es d\u00e9montrer ces gains sont bien souvent biais\u00e9es. Le b\u00e9tail est \u00e0 l\u2019ombre des panneaux<\/i><i>\u00a0<\/i><i>? Il serait tout aussi bien \u00e0 l\u2019ombre d\u2019un arbre&#8230;<\/i><i>\u00a0<\/i><i>\u00bb<\/i><\/p>\n<p>Ce sont aussi les propri\u00e9taires et les entreprises qui semblent toucher la majorit\u00e9 des b\u00e9n\u00e9fices de la vente de l\u2019\u00e9lectricit\u00e9. <i>\u00ab<\/i><i>\u00a0<\/i><i>Nous demandons que si de tels projets existent, ils soient port\u00e9s par les agriculteurs eux-m\u00eames, ou par des collectifs d\u2019agriculteurs<\/i>, explique Simon Le Berre. <i>Pour nous, si le choix revient aux propri\u00e9taires qui n\u2019exploitent pas eux-m\u00eames leurs terres, cela pr\u00e9sente un risque de sp\u00e9culation et de mont\u00e9e des prix des terres agricoles.<\/i><i>\u00a0<\/i><i>\u00bb<\/i> Une inqui\u00e9tude que partage S\u00e9bastien Espagne\u00a0: <i>\u00ab<\/i><i>\u00a0<\/i><i>Il y a un v\u00e9ritable risque d\u2019augmentation du foncier agricole, ce qui va encore emp\u00eacher de nouveaux agriculteurs de s\u2019implanter. Nous avons d\u2019autres ambitions pour nos terres nourrici\u00e8res, dans un contexte o\u00f9 il y a urgence \u00e0 regagner en autonomie alimentaire.<\/i><i>\u00a0<\/i><i>\u00bb<\/i><\/p>\n<\/p><\/div>\n","protected":false},"excerpt":{"rendered":"Partout en France, des projets agrivolta&iuml;ques fleurissent sur le territoire et divisent les citoyens. La commune de Servas, dans le Gard, ne fait pas exception. Le dernier projet en date est celui des Martinets, port&eacute; par Verso &#8230;","protected":false},"author":1,"featured_media":34577,"comment_status":"open","ping_status":"open","sticky":false,"template":"","format":"standard","meta":{"footnotes":""},"categories":[3926,3925,338,333],"tags":[447,1477,1026,1022,1868,238,284,1455,5980,137],"news-destination":[3944],"news-source":[475],"is_homepage":[],"ta_other":[],"class_list":["post-34576","post","type-post","status-publish","format-standard","has-post-thumbnail","hentry","category-accueil-merge","category-accueil-third","category-economie","category-environnement","tag-agriculture","tag-confederation-paysanne","tag-electricite","tag-energie","tag-foncier","tag-gard","tag-occitanie","tag-photovoltaique","tag-servas","tag-territoire","news-destination-homepage","news-source-website"],"_links":{"self":[{"href":"https:\/\/euapp01.newsmemory.com\/lamarseillaise\/news\/wp-json\/wp\/v2\/posts\/34576","targetHints":{"allow":["GET"]}}],"collection":[{"href":"https:\/\/euapp01.newsmemory.com\/lamarseillaise\/news\/wp-json\/wp\/v2\/posts"}],"about":[{"href":"https:\/\/euapp01.newsmemory.com\/lamarseillaise\/news\/wp-json\/wp\/v2\/types\/post"}],"author":[{"embeddable":true,"href":"https:\/\/euapp01.newsmemory.com\/lamarseillaise\/news\/wp-json\/wp\/v2\/users\/1"}],"replies":[{"embeddable":true,"href":"https:\/\/euapp01.newsmemory.com\/lamarseillaise\/news\/wp-json\/wp\/v2\/comments?post=34576"}],"version-history":[{"count":1,"href":"https:\/\/euapp01.newsmemory.com\/lamarseillaise\/news\/wp-json\/wp\/v2\/posts\/34576\/revisions"}],"predecessor-version":[{"id":34578,"href":"https:\/\/euapp01.newsmemory.com\/lamarseillaise\/news\/wp-json\/wp\/v2\/posts\/34576\/revisions\/34578"}],"wp:featuredmedia":[{"embeddable":true,"href":"https:\/\/euapp01.newsmemory.com\/lamarseillaise\/news\/wp-json\/wp\/v2\/media\/34577"}],"wp:attachment":[{"href":"https:\/\/euapp01.newsmemory.com\/lamarseillaise\/news\/wp-json\/wp\/v2\/media?parent=34576"}],"wp:term":[{"taxonomy":"category","embeddable":true,"href":"https:\/\/euapp01.newsmemory.com\/lamarseillaise\/news\/wp-json\/wp\/v2\/categories?post=34576"},{"taxonomy":"post_tag","embeddable":true,"href":"https:\/\/euapp01.newsmemory.com\/lamarseillaise\/news\/wp-json\/wp\/v2\/tags?post=34576"},{"taxonomy":"news-destination","embeddable":true,"href":"https:\/\/euapp01.newsmemory.com\/lamarseillaise\/news\/wp-json\/wp\/v2\/news-destination?post=34576"},{"taxonomy":"news-source","embeddable":true,"href":"https:\/\/euapp01.newsmemory.com\/lamarseillaise\/news\/wp-json\/wp\/v2\/news-source?post=34576"},{"taxonomy":"is_homepage","embeddable":true,"href":"https:\/\/euapp01.newsmemory.com\/lamarseillaise\/news\/wp-json\/wp\/v2\/is_homepage?post=34576"},{"taxonomy":"ta_other","embeddable":true,"href":"https:\/\/euapp01.newsmemory.com\/lamarseillaise\/news\/wp-json\/wp\/v2\/ta_other?post=34576"}],"curies":[{"name":"wp","href":"https:\/\/api.w.org\/{rel}","templated":true}]}}