{"id":34573,"date":"2026-06-29T10:06:00","date_gmt":"2026-06-29T08:06:00","guid":{"rendered":"https:\/\/euapp01.newsmemory.com\/lamarseillaise\/news\/?p=34573"},"modified":"2026-07-04T08:04:39","modified_gmt":"2026-07-04T06:04:39","slug":"vers-un-juillet-noir-a-lhopital-de-clermont","status":"publish","type":"post","link":"https:\/\/euapp01.newsmemory.com\/lamarseillaise\/news\/2026\/06\/29\/vers-un-juillet-noir-a-lhopital-de-clermont\/","title":{"rendered":"Vers un \u00ab&nbsp;juillet noir&nbsp;\u00bb \u00e0 l\u2019h\u00f4pital de Clermont"},"content":{"rendered":"<div class=\"paragraph\">\n<p>\u00ab <i>T<\/i><i>ant que nos revendications ne seront pas entendues, juillet sera noir<\/i><i>\u00a0<\/i><i>!<\/i><i>\u00a0<\/i><i>\u00bb, <\/i>affiche un tract de la CGT du centre hospitalier de Clermont-l\u2019H\u00e9rault appelant \u00e0 la gr\u00e8ve et \u00e0 un rassemblement le 2\u00a0juillet \u00e0 14h devant l\u2019\u00e9tablissement. <i>\u00ab<\/i><i>\u00a0<\/i><i>Depuis 10 mois,<\/i> <i>les agents subissent une d\u00e9gradation continue de leurs conditions de travail<\/i><i>\u00a0<\/i><i>\u00bb, <\/i>alerte Elie Mazzarone, secr\u00e9taire g\u00e9n\u00e9ral CGT de l\u2019h\u00f4pital clermontais, qui pointe notamment <i>\u00ab<\/i><i>\u00a0<\/i><i>l\u2019augmentation du nombre d\u2019accidents du travail<\/i><i>\u00a0<\/i><i>\u00bb<\/i>. Une situation qui, selon lui, n\u2019est pas nouvelle mais se serait aggrav\u00e9e depuis la signature, en juin 2025, d\u2019une convention de direction commune avec le CHU de Montpellier. <i>\u00ab<\/i><i>\u00a0<\/i><i>On a moins de cadres sur le terrain, donc les d\u00e9cisions sont prises un peu plus haut. Par ailleurs, on avait davantage d\u2019int\u00e9rimaires que \u00e7a auparavant. \u00c7a fait plusieurs ann\u00e9es que la CGT demande un v\u00e9ritable p\u00f4le de remplacements pour soulager les \u00e9quipes. L\u00e0, les personnels se remplacent entre eux encore plus souvent qu\u2019avant<\/i><i>\u00a0<\/i><i>\u00bb<\/i>, d\u00e9nonce le c\u00e9g\u00e9tiste.<\/p>\n<p>Globalement, les agents font face \u00e0 une baisse des effectifs, souligne-t-il, laquelle se r\u00e9percute sur leurs conditions de travail. <i>\u00ab<\/i><i>\u00a0<\/i><i>En 2022, il y avait 208<\/i><i>\u00a0<\/i><i>agents, aujourd\u2019hui on est 195. \u00c7a veut dire qu\u2019on a perdu au moins 13 \u00e9quivalents temps plein (ETP). La charge de travail en a \u00e9t\u00e9 consid\u00e9rablement augment\u00e9e<\/i><i>\u00a0<\/i><i>\u00bb<\/i>, assure Elie Mazzarone.<\/p>\n<\/p><\/div>\n<div class=\"intext\"> Des demandes<br \/>\n               <br \/>de renforts d\u2019effectifs\n              <\/div>\n<div class=\"paragraph\">\n<p><i>\u00ab<\/i><i>\u00a0<\/i><i>Les apr\u00e8s-midi, quand les personnels sont en effectifs r\u00e9duits, c\u2019est 1 soignant pour 17<\/i><i>\u00a0<\/i><i>r\u00e9sidents<\/i><i>\u00a0<\/i><i>\u00bb,<\/i> illustre-t-il.<i> \u00ab<\/i><i>\u00a0<\/i><i>En effectif normal, on est autour des 1h07 d\u2019accompagnement par r\u00e9sident de 6h30 du matin \u00e0 21h, sachant que cela comprend un petit d\u00e9jeuner, un go\u00fbter, un repas, deux toilettes, des changes&#8230; Je ne sais d\u00e9j\u00e0 pas comment elles font. Mais en effectifs r\u00e9duits, on passe sous la barre des 1h<\/i><i>\u00a0<\/i><i>\u00bb<\/i>, alerte le syndicaliste pour lequel <i>\u00ab<\/i><i>\u00a0<\/i><i>la qualit\u00e9 des soins et le respect des agents n\u2019y sont pas<\/i><i>\u00a0<\/i><i>\u00bb<\/i>.<\/p>\n<p>Les agents mobilis\u00e9s r\u00e9clament donc en priorit\u00e9 des renforts d\u2019effectifs\u00a0: <i>\u00ab<\/i><i>\u00a0<\/i><i>La cr\u00e9ation d\u2019un poste de nuit pour all\u00e9ger la prise en charge, plus lourde et chronophage car les personnes qu\u2019on re\u00e7oit sont de plus en plus grabataires<\/i><i>\u00a0<\/i><i>; un poste d\u2019aide soignant suppl\u00e9mentaire par jour dans chaque service le matin<\/i><i>\u00a0<\/i><i>; un v\u00e9ritable p\u00f4le de remplacements<\/i><i>\u00a0<\/i><i>; et la cr\u00e9ation d\u2019un poste de secr\u00e9taire m\u00e9dicale pour l\u2019Ehpad, car actuellement le travail administratif d\u00e9tourne les soignants de leur c\u0153ur de m\u00e9tier<\/i><i>\u00a0<\/i><i>\u00bb<\/i>, liste Elie Mazzarone.<\/p>\n<p>Une entrevue a bien eu lieu avec la direction le 19\u00a0juin, <i>\u00ab<\/i><i>\u00a0<\/i><i>mais elle ne nous a pas donn\u00e9 satisfaction. On a donc d\u00e9cid\u00e9 de se mobiliser le 2<\/i><i>\u00a0<\/i><i>juillet et il risque d\u2019y avoir d\u2019autres dates par la suite. D\u2019o\u00f9 l\u2019annonce d\u2019un &#8220;juillet noir&#8221; jusqu\u2019\u00e0 ce que nous ayons obtenu gain de cause.<\/i><i>\u00a0<\/i><i>\u00bb <\/i><\/p>\n<\/p><\/div>\n","protected":false},"excerpt":{"rendered":"&laquo; Tant que nos revendications ne seront pas entendues, juillet sera noir&nbsp;!&nbsp;&raquo;, affiche un tract de la CGT du centre hospitalier de Clermont-l&rsquo;H&eacute;rault appelant &agrave; la gr&egrave;ve et &agrave; un rassemblement le &#8230;","protected":false},"author":1,"featured_media":34574,"comment_status":"open","ping_status":"open","sticky":false,"template":"","format":"standard","meta":{"footnotes":""},"categories":[3926,3925,331],"tags":[1086,113,1554,3117,195,409,876,239,1501,4664,134,284,256],"news-destination":[3944],"news-source":[475],"is_homepage":[],"ta_other":[],"class_list":["post-34573","post","type-post","status-publish","format-standard","has-post-thumbnail","hentry","category-accueil-merge","category-accueil-third","category-social","tag-centre-hospitalier","tag-cgt","tag-cgt34","tag-clermont-lherault","tag-conditions-de-travail","tag-effectifs","tag-greve","tag-herault","tag-hopital","tag-manque-deffectifs","tag-mobilisation","tag-occitanie","tag-sante","news-destination-homepage","news-source-website"],"_links":{"self":[{"href":"https:\/\/euapp01.newsmemory.com\/lamarseillaise\/news\/wp-json\/wp\/v2\/posts\/34573","targetHints":{"allow":["GET"]}}],"collection":[{"href":"https:\/\/euapp01.newsmemory.com\/lamarseillaise\/news\/wp-json\/wp\/v2\/posts"}],"about":[{"href":"https:\/\/euapp01.newsmemory.com\/lamarseillaise\/news\/wp-json\/wp\/v2\/types\/post"}],"author":[{"embeddable":true,"href":"https:\/\/euapp01.newsmemory.com\/lamarseillaise\/news\/wp-json\/wp\/v2\/users\/1"}],"replies":[{"embeddable":true,"href":"https:\/\/euapp01.newsmemory.com\/lamarseillaise\/news\/wp-json\/wp\/v2\/comments?post=34573"}],"version-history":[{"count":1,"href":"https:\/\/euapp01.newsmemory.com\/lamarseillaise\/news\/wp-json\/wp\/v2\/posts\/34573\/revisions"}],"predecessor-version":[{"id":34575,"href":"https:\/\/euapp01.newsmemory.com\/lamarseillaise\/news\/wp-json\/wp\/v2\/posts\/34573\/revisions\/34575"}],"wp:featuredmedia":[{"embeddable":true,"href":"https:\/\/euapp01.newsmemory.com\/lamarseillaise\/news\/wp-json\/wp\/v2\/media\/34574"}],"wp:attachment":[{"href":"https:\/\/euapp01.newsmemory.com\/lamarseillaise\/news\/wp-json\/wp\/v2\/media?parent=34573"}],"wp:term":[{"taxonomy":"category","embeddable":true,"href":"https:\/\/euapp01.newsmemory.com\/lamarseillaise\/news\/wp-json\/wp\/v2\/categories?post=34573"},{"taxonomy":"post_tag","embeddable":true,"href":"https:\/\/euapp01.newsmemory.com\/lamarseillaise\/news\/wp-json\/wp\/v2\/tags?post=34573"},{"taxonomy":"news-destination","embeddable":true,"href":"https:\/\/euapp01.newsmemory.com\/lamarseillaise\/news\/wp-json\/wp\/v2\/news-destination?post=34573"},{"taxonomy":"news-source","embeddable":true,"href":"https:\/\/euapp01.newsmemory.com\/lamarseillaise\/news\/wp-json\/wp\/v2\/news-source?post=34573"},{"taxonomy":"is_homepage","embeddable":true,"href":"https:\/\/euapp01.newsmemory.com\/lamarseillaise\/news\/wp-json\/wp\/v2\/is_homepage?post=34573"},{"taxonomy":"ta_other","embeddable":true,"href":"https:\/\/euapp01.newsmemory.com\/lamarseillaise\/news\/wp-json\/wp\/v2\/ta_other?post=34573"}],"curies":[{"name":"wp","href":"https:\/\/api.w.org\/{rel}","templated":true}]}}