{"id":34570,"date":"2026-06-29T07:00:00","date_gmt":"2026-06-29T05:00:00","guid":{"rendered":"https:\/\/euapp01.newsmemory.com\/lamarseillaise\/news\/?p=34570"},"modified":"2026-07-01T08:17:33","modified_gmt":"2026-07-01T06:17:33","slug":"un-carreau-du-coeur-pour-la-maison-dacor","status":"publish","type":"post","link":"https:\/\/euapp01.newsmemory.com\/lamarseillaise\/news\/2026\/06\/29\/un-carreau-du-coeur-pour-la-maison-dacor\/","title":{"rendered":"Un Carreau du c\u0153ur pour la Maison Dacor"},"content":{"rendered":"<div class=\"paragraph\">\n<p>Cette association qui lutte depuis 2014 contre l\u2019isolement des personnes en situation de handicap a ouvert en janvier 2025 la Maison Dacor, lieu d\u2019accueil \u00e0 Aubagne. Elle r\u00e9partit ses initiatives en <i>\u00ab<\/i><i>\u00a0<\/i><i>trois types d\u2019actions<\/i><i>\u00a0<\/i><i>\u00bb<\/i>, comme nous l\u2019explique Jean-Marc Elbhar, pr\u00e9sident de l\u2019association : <i>\u00ab <\/i><i><span class=\"mln_uppercase_mln\">\u00e0<\/span><\/i><i> Aubagne, nous organisons des activit\u00e9s culturelles, sportives, bien-\u00eatre, mais aussi de la vid\u00e9o et du montage<\/i><i>\u00a0<\/i><i>\u00bb. <\/i>Des activit\u00e9s <i>\u00ab<\/i><i>\u00a0<\/i><i>particuli\u00e8rement appr\u00e9ci\u00e9es<\/i><i>\u00a0<\/i><i>\u00bb<\/i> par le public. On peut \u00e9galement retrouver des <i>\u00ab<\/i><i>\u00a0<\/i><i>ateliers de com\u00e9die musicale<\/i><i>\u00a0<\/i><i>\u00bb<\/i> ayant pour objectif la pr\u00e9paration de <i>\u00ab<\/i><i>\u00a0<\/i><i>grands spectacles<\/i><i>\u00a0<\/i><i>\u00bb<\/i> dont le prochain est pr\u00e9vu pour en avril 2027. Enfin, tous les mois sont organis\u00e9es des soir\u00e9es <i>\u00ab<\/i><i>\u00a0<\/i><i>boom<\/i><i>\u00a0<\/i><i>\u00bb<\/i>, avec notamment un DJ autiste pr\u00e9sent pour l\u2019occasion.<\/p>\n<\/p><\/div>\n<div class=\"intext\"> Un impact attendu\n              <\/div>\n<div class=\"paragraph\">\n<p>Cet espace recherche le lien entre ses membres et l\u2019\u00e9panouissement de chacun. Une grande aide esp\u00e9r\u00e9e dans ce but par le Mondial comme nous le r\u00e9v\u00e8le le pr\u00e9sident\u00a0: <i>\u00ab<\/i><i>\u00a0<\/i><i>On a \u00e9t\u00e9 extr\u00eamement touch\u00e9 d\u2019\u00eatre invit\u00e9. On va pr\u00e9senter notre spectacle, notre association, on s\u2019est organis\u00e9 pour avoir toujours du monde au parc. \u00c9videmment, \u00e7a va nous donner de la visibilit\u00e9, de la lisibilit\u00e9, c\u2019est pour nous quelque chose qui tombe du ciel<\/i><i>\u00a0<\/i><i>\u00bb.<\/i> Ce dernier compte bien saisir la chance de profiter de la m\u00e9diatisation du concours.<\/p>\n<p><i>\u00ab<\/i><i>\u00a0<\/i><i>R\u00e9seaux sociaux, conf\u00e9rence de presse, dossier de presse<\/i><i>\u00a0<\/i><i>\u00bb <\/i>sont mobilis\u00e9s pour les \u00e9v\u00e9nements, et particuli\u00e8rement dirig\u00e9s vers les entreprises et les centres sociaux, repr\u00e9sentant plus de 30% du public aux spectacles. <i>\u00ab<\/i><i>\u00a0<\/i><i>Toujours \u00e0 la recherche d\u2019une t\u00eate d\u2019affiche<\/i><i>\u00a0<\/i><i>\u00bb<\/i>, Jean-Marc Elbhar avait r\u00e9ussi \u00e0 toucher Jean-Jacques Goldman qui aurait parrain\u00e9 il y a quatre ans la ligne <i>\u00ab<\/i><i>\u00a0<\/i><i>Regarde-moi<\/i><i>\u00a0<\/i><i>\u00bb<\/i> et accord\u00e9 la diffusion de sa c\u00e9l\u00e8bre musique <i>\u00ab<\/i><i>\u00a0<\/i><i>Envole-moi<\/i><i>\u00a0<\/i><i>\u00bb<\/i>. Le pr\u00e9sident de la Maison Dacor s\u2019attriste tout de m\u00eame de la difficult\u00e9 de toucher des \u00ab\u00a0<i>personnalit\u00e9s<\/i>\u00a0\u00bb avec parfois un manque de <i>\u00ab<\/i><i>\u00a0<\/i><i>r\u00e9seau<\/i><i>\u00a0<\/i><i>\u00bb<\/i> face aux producteurs ou agents des c\u00e9l\u00e9brit\u00e9s. En attente d\u2019un retour d\u2019Arthus qui aurait \u00e9t\u00e9 touch\u00e9 par l\u2019association et la proximit\u00e9 de ses id\u00e9es avec son film, l\u2019espoir est de mise pour rencontrer de potentielles ic\u00f4nes au sein de La Marseillaise.<\/p>\n<\/p><\/div>\n","protected":false},"excerpt":{"rendered":"Cette association qui lutte depuis 2014 contre l&rsquo;isolement des personnes en situation de handicap a ouvert en janvier 2025 la Maison Dacor, lieu d&rsquo;accueil &agrave; Aubagne. Elle r&eacute;partit ses initiatives en &laquo;&nbsp;trois types &#8230;","protected":false},"author":1,"featured_media":34571,"comment_status":"open","ping_status":"open","sticky":false,"template":"","format":"standard","meta":{"footnotes":""},"categories":[20,7],"tags":[138,10,1161,1003,1066,914,5979,4581,5560,4339,5260,16,4647,4580,896],"news-destination":[],"news-source":[475],"is_homepage":[],"ta_other":[],"class_list":["post-34570","post","type-post","status-publish","format-standard","has-post-thumbnail","hentry","category-societe","category-sports","tag-associations","tag-bouches-du-rhone","tag-boules","tag-concours","tag-handicap","tag-humanitaire","tag-jean-marc-elbhar","tag-la-marseillaise-2026","tag-le-mondial-la-marseillaise-2026","tag-le-mondial-la-marseillaise-a-petanque","tag-les-carreaux-du-coeur","tag-marseille","tag-mlm2026","tag-mondial-la-marseillaise-2026","tag-mondial-la-marseillaise-a-petanque","news-source-website"],"_links":{"self":[{"href":"https:\/\/euapp01.newsmemory.com\/lamarseillaise\/news\/wp-json\/wp\/v2\/posts\/34570","targetHints":{"allow":["GET"]}}],"collection":[{"href":"https:\/\/euapp01.newsmemory.com\/lamarseillaise\/news\/wp-json\/wp\/v2\/posts"}],"about":[{"href":"https:\/\/euapp01.newsmemory.com\/lamarseillaise\/news\/wp-json\/wp\/v2\/types\/post"}],"author":[{"embeddable":true,"href":"https:\/\/euapp01.newsmemory.com\/lamarseillaise\/news\/wp-json\/wp\/v2\/users\/1"}],"replies":[{"embeddable":true,"href":"https:\/\/euapp01.newsmemory.com\/lamarseillaise\/news\/wp-json\/wp\/v2\/comments?post=34570"}],"version-history":[{"count":1,"href":"https:\/\/euapp01.newsmemory.com\/lamarseillaise\/news\/wp-json\/wp\/v2\/posts\/34570\/revisions"}],"predecessor-version":[{"id":34572,"href":"https:\/\/euapp01.newsmemory.com\/lamarseillaise\/news\/wp-json\/wp\/v2\/posts\/34570\/revisions\/34572"}],"wp:featuredmedia":[{"embeddable":true,"href":"https:\/\/euapp01.newsmemory.com\/lamarseillaise\/news\/wp-json\/wp\/v2\/media\/34571"}],"wp:attachment":[{"href":"https:\/\/euapp01.newsmemory.com\/lamarseillaise\/news\/wp-json\/wp\/v2\/media?parent=34570"}],"wp:term":[{"taxonomy":"category","embeddable":true,"href":"https:\/\/euapp01.newsmemory.com\/lamarseillaise\/news\/wp-json\/wp\/v2\/categories?post=34570"},{"taxonomy":"post_tag","embeddable":true,"href":"https:\/\/euapp01.newsmemory.com\/lamarseillaise\/news\/wp-json\/wp\/v2\/tags?post=34570"},{"taxonomy":"news-destination","embeddable":true,"href":"https:\/\/euapp01.newsmemory.com\/lamarseillaise\/news\/wp-json\/wp\/v2\/news-destination?post=34570"},{"taxonomy":"news-source","embeddable":true,"href":"https:\/\/euapp01.newsmemory.com\/lamarseillaise\/news\/wp-json\/wp\/v2\/news-source?post=34570"},{"taxonomy":"is_homepage","embeddable":true,"href":"https:\/\/euapp01.newsmemory.com\/lamarseillaise\/news\/wp-json\/wp\/v2\/is_homepage?post=34570"},{"taxonomy":"ta_other","embeddable":true,"href":"https:\/\/euapp01.newsmemory.com\/lamarseillaise\/news\/wp-json\/wp\/v2\/ta_other?post=34570"}],"curies":[{"name":"wp","href":"https:\/\/api.w.org\/{rel}","templated":true}]}}