{"id":34567,"date":"2026-06-29T10:02:00","date_gmt":"2026-06-29T08:02:00","guid":{"rendered":"https:\/\/euapp01.newsmemory.com\/lamarseillaise\/news\/?p=34567"},"modified":"2026-07-04T07:41:37","modified_gmt":"2026-07-04T05:41:37","slug":"a-montpellier-miser-sur-le-collectif-avec-les-librairies-cooperatives","status":"publish","type":"post","link":"https:\/\/euapp01.newsmemory.com\/lamarseillaise\/news\/2026\/06\/29\/a-montpellier-miser-sur-le-collectif-avec-les-librairies-cooperatives\/","title":{"rendered":"\u00c0 Montpellier, miser sur le collectif avec les librairies coop\u00e9ratives"},"content":{"rendered":"<div class=\"paragraph\">\n<p>En 2018, la fermeture de la librairie L\u2019ivraie, dans le quartier des Beaux-Arts, \u00e0 Montpellier, provoque des remous chez les fid\u00e8les clients. <i>\u00ab<\/i><i>\u00a0<\/i><i>Comme il n\u2019y avait pas de reprise, un collectif r\u00e9unissant des riverains des Beaux-Arts et des lecteurs a \u00e9t\u00e9 cr\u00e9\u00e9. Ils trouvaient dommage de perdre un lieu de culture, de rencontres, ce commerce de quartier. Ils ont donc d\u00e9cid\u00e9 de cr\u00e9er une librairie<\/i><i>\u00a0<\/i><i>\u00bb<\/i>, raconte Claire Chanvry, coop\u00e9ratrice et salari\u00e9e \u00e0 la Cavale, librairie cr\u00e9\u00e9e, donc, par le collectif.<\/p>\n<p>Car la Cavale a un mod\u00e8le un peu particulier\u00a0: c\u2019est une coop\u00e9rative. En choisissant de devenir une Soci\u00e9t\u00e9 coop\u00e9rative d\u2019int\u00e9r\u00eat collectif (Scic), la librairie n\u2019est plus d\u00e9tenue par des actionnaires mais par les coop\u00e9rateurs eux-m\u00eames. Chacun a une seule voix donnant les m\u00eames droits. <i>\u00ab<\/i><i>\u00a0<\/i><i>L\u2019adh\u00e9sion est de 20<\/i><i>\u00a0<\/i><i>euros, il est possible de donner plus mais cela ne donnera pas plus de voix. Il y a une vraie volont\u00e9 de rendre accessible la part sociale \u00e0 tous<\/i><i>\u00a0<\/i><i>\u00bb<\/i>, d\u00e9taille Claire Chanvry. Preuve que le mod\u00e8le fonctionne\u00a0: de 14 en 2018 au lancement du projet, les coop\u00e9rateurs sont maintenant 530.<\/p>\n<\/p><\/div>\n<div class=\"intext\"> Une force collective\n              <\/div>\n<div class=\"paragraph\">\n<p>L\u2019ensemble des d\u00e9cisions sont prises de mani\u00e8re coll\u00e9giale. Un conseil coop\u00e9ratif compos\u00e9 de 14 membres &#8211; renouvel\u00e9 en partie tous les deux ans &#8211; se retrouve tous les 15 jours afin de d\u00e9cider des d\u00e9cisions \u00e0 prendre pour la librairie. <i>\u00ab<\/i><i>\u00a0<\/i><i>Nous avons ensuite plusieurs comit\u00e9s avec diff\u00e9rentes d\u00e9l\u00e9gations<\/i><i>\u00a0<\/i><i>: les ressources humaines, la politique des animations, la vie coop\u00e9rative, la lecture jeunesse et les travaux. D\u2019autres b\u00e9n\u00e9voles viennent ponctuellement pour donner un coup de main sur un \u00e9v\u00e9nement<\/i><i>\u00a0<\/i><i>\u00bb<\/i>, compl\u00e8te Claire Chanvry.<\/p>\n<p>Une force collective mise en avant par les coop\u00e9rateurs. <i>\u00ab<\/i><i>\u00a0<\/i><i>Le fait d\u2019\u00eatre nombreux nous permet d\u2019avoir des id\u00e9es multiples, c\u2019est ce qui fait notre force. Alors qu\u2019en \u00e9tant seul, on peut parfois \u00eatre satur\u00e9. Aussi, les gens qui s\u2019investissent pleinement dans le projet viennent r\u00e9guli\u00e8rement. Que ce soit pour les animations ou faire des achats, on cr\u00e9e de la proximit\u00e9<\/i><i>\u00a0<\/i><i>\u00bb<\/i>, poursuit la libraire. Des rencontres sont organis\u00e9es une fois par mois afin de favoriser le lien entre les coop\u00e9rateurs. <i>\u00ab<\/i><i>\u00a0<\/i><i>L\u00e0, on ne parle pas de boulot<\/i><i>\u00a0<\/i><i>\u00bb,<\/i> sourit Claire Chanvry.<\/p>\n<p>Si la Cavale est la seule librairie coop\u00e9rative de l\u2019H\u00e9rault, il en existe une soixantaine \u00e0 l\u2019\u00e9chelle de l\u2019Hexagone. <i>\u00ab<\/i><i>\u00a0<\/i><i>Avec nos huit ans d\u2019exp\u00e9rience, on fait partie des plus vieux<\/i><i>\u00a0<\/i><i>\u00bb<\/i>, note la libraire. Preuve que le mod\u00e8le attire\u00a0? <i>\u00ab<\/i><i>\u00a0<\/i><i>La librairie coop\u00e9rative se r\u00e9pand car il y a un fort int\u00e9r\u00eat citoyen pour la lecture et en g\u00e9n\u00e9ral la culture. Et ce n\u2019est pas \u00e9vident d\u2019\u00eatre un libraire seul, qui travaille dans son coin. C\u2019est plus facile d\u2019\u00eatre plusieurs.<\/i><i>\u00a0<\/i><i>\u00bb<\/i><\/p>\n<\/p><\/div>\n","protected":false},"excerpt":{"rendered":"En 2018, la fermeture de la librairie L&rsquo;ivraie, dans le quartier des Beaux-Arts, &agrave; Montpellier, provoque des remous chez les fid&egrave;les clients. &laquo;&nbsp;Comme il n&rsquo;y avait pas de reprise, un collectif r&eacute;unissant &#8230;","protected":false},"author":1,"featured_media":34568,"comment_status":"open","ping_status":"open","sticky":false,"template":"","format":"standard","meta":{"footnotes":""},"categories":[3926,3925,338],"tags":[3040,35,239,5978,1293,1645,5333,1248,240,284],"news-destination":[3944],"news-source":[475],"is_homepage":[],"ta_other":[],"class_list":["post-34567","post","type-post","status-publish","format-standard","has-post-thumbnail","hentry","category-accueil-merge","category-accueil-third","category-economie","tag-cooperative","tag-culture","tag-herault","tag-la-cavale","tag-lecture","tag-librairie","tag-librairie-independante","tag-livre","tag-montpellier","tag-occitanie","news-destination-homepage","news-source-website"],"_links":{"self":[{"href":"https:\/\/euapp01.newsmemory.com\/lamarseillaise\/news\/wp-json\/wp\/v2\/posts\/34567","targetHints":{"allow":["GET"]}}],"collection":[{"href":"https:\/\/euapp01.newsmemory.com\/lamarseillaise\/news\/wp-json\/wp\/v2\/posts"}],"about":[{"href":"https:\/\/euapp01.newsmemory.com\/lamarseillaise\/news\/wp-json\/wp\/v2\/types\/post"}],"author":[{"embeddable":true,"href":"https:\/\/euapp01.newsmemory.com\/lamarseillaise\/news\/wp-json\/wp\/v2\/users\/1"}],"replies":[{"embeddable":true,"href":"https:\/\/euapp01.newsmemory.com\/lamarseillaise\/news\/wp-json\/wp\/v2\/comments?post=34567"}],"version-history":[{"count":1,"href":"https:\/\/euapp01.newsmemory.com\/lamarseillaise\/news\/wp-json\/wp\/v2\/posts\/34567\/revisions"}],"predecessor-version":[{"id":34569,"href":"https:\/\/euapp01.newsmemory.com\/lamarseillaise\/news\/wp-json\/wp\/v2\/posts\/34567\/revisions\/34569"}],"wp:featuredmedia":[{"embeddable":true,"href":"https:\/\/euapp01.newsmemory.com\/lamarseillaise\/news\/wp-json\/wp\/v2\/media\/34568"}],"wp:attachment":[{"href":"https:\/\/euapp01.newsmemory.com\/lamarseillaise\/news\/wp-json\/wp\/v2\/media?parent=34567"}],"wp:term":[{"taxonomy":"category","embeddable":true,"href":"https:\/\/euapp01.newsmemory.com\/lamarseillaise\/news\/wp-json\/wp\/v2\/categories?post=34567"},{"taxonomy":"post_tag","embeddable":true,"href":"https:\/\/euapp01.newsmemory.com\/lamarseillaise\/news\/wp-json\/wp\/v2\/tags?post=34567"},{"taxonomy":"news-destination","embeddable":true,"href":"https:\/\/euapp01.newsmemory.com\/lamarseillaise\/news\/wp-json\/wp\/v2\/news-destination?post=34567"},{"taxonomy":"news-source","embeddable":true,"href":"https:\/\/euapp01.newsmemory.com\/lamarseillaise\/news\/wp-json\/wp\/v2\/news-source?post=34567"},{"taxonomy":"is_homepage","embeddable":true,"href":"https:\/\/euapp01.newsmemory.com\/lamarseillaise\/news\/wp-json\/wp\/v2\/is_homepage?post=34567"},{"taxonomy":"ta_other","embeddable":true,"href":"https:\/\/euapp01.newsmemory.com\/lamarseillaise\/news\/wp-json\/wp\/v2\/ta_other?post=34567"}],"curies":[{"name":"wp","href":"https:\/\/api.w.org\/{rel}","templated":true}]}}