{"id":34564,"date":"2026-06-29T09:43:00","date_gmt":"2026-06-29T07:43:00","guid":{"rendered":"https:\/\/euapp01.newsmemory.com\/lamarseillaise\/news\/?p=34564"},"modified":"2026-06-29T10:04:13","modified_gmt":"2026-06-29T08:04:13","slug":"un-espace-protege-par-le-combat-de-ladpf","status":"publish","type":"post","link":"https:\/\/euapp01.newsmemory.com\/lamarseillaise\/news\/2026\/06\/29\/un-espace-protege-par-le-combat-de-ladpf\/","title":{"rendered":"Un espace prot\u00e9g\u00e9&#8230; par le combat de l\u2019ADPF"},"content":{"rendered":"<div class=\"paragraph\">\n<p>Depuis le classement du site en 1991 fruit d\u2019une bataille acharn\u00e9e de l\u2019Association de protection et de d\u00e9fense du Faron, les mauvais coups n\u2019ont pas pour autant cess\u00e9 de pleuvoir sur le mont toulonnais. Avec pour commencer, les grands propri\u00e9taires qui ont tent\u00e9 de faire annuler cette mesure de protection. Puis cela a continu\u00e9 avec les constructions ill\u00e9gales. Avec en fond de toile une administration qui se fait parfois tirer l\u2019oreille pour intervenir et verbaliser au titre du code de l\u2019environnement. Et l\u00e0 encore c\u2019est l\u2019Association de protection et de d\u00e9fense du Faron (ADPF) qui l\u00e8ve le li\u00e8vre, monte les dossiers, les b\u00e9n\u00e9voles interpellant les autorit\u00e9s souvent pendant de longues ann\u00e9es.<\/p>\n<p>Certaines infractions constat\u00e9es prennent des ann\u00e9es de proc\u00e9dure. Comme celle de docteur Philippe Viard. Pour m\u00e9moire cet ex-adjoint au maire Front national de Toulon ach\u00e8te dans les ann\u00e9es 90, 29\u00a0hectares dans le quartier de la haute Bosquette, en plein site class\u00e9 et transforme la ruine en b\u00e2tisse. Et l\u2019habite. Condamn\u00e9 par le TGI de Toulon en 1997 et par la Cour d\u2019appel d\u2019Aix-en-Provence en 1998, l\u2019ex-\u00e9lu d\u2019extr\u00eame droite d\u00e9molit ses premiers am\u00e9nagements&#8230; Pour les reconstruire en 2002. Malheureusement le proc\u00e8s-verbal d\u2019infraction aux dispositions de Code de l\u2019Urbanisme n\u2019est dress\u00e9 qu\u2019en 2008. Mais le d\u00e9lit b\u00e9n\u00e9ficie de prescription au bout de 3 ans. R\u00e9sultat : M. Viard va continuer comme \u00e7a \u00e0 am\u00e9nager les lieux sans aucun permis ni d\u00e9claration de travaux et \u00e0 y habiter pendant longtemps en toute impunit\u00e9.<\/p>\n<p>Autant dire que pour que la \u00ab\u00a0montagne\u00a0\u00bb de Toulon reste un espace de libert\u00e9 et un lieu de d\u00e9couvertes accessible \u00e0 tous, la mobilisation est toujours de mise.<\/p>\n<p>\u00ab\u00a0<i>Le Faron est un bien commun. Nous en sommes les gardiens b\u00e9n\u00e9voles et travaillons c\u2019est pour les Toulonnais d\u2019aujourd\u2019hui et de demain<\/i><i>\u00a0<\/i>\u00bb, a rappel\u00e9 Jean-Pierre Calistri, son nouveau pr\u00e9sident lors de l\u2019assembl\u00e9e g\u00e9n\u00e9rale.<\/p>\n<\/p><\/div>\n","protected":false},"excerpt":{"rendered":"Depuis le classement du site en 1991 fruit d&rsquo;une bataille acharn&eacute;e de l&rsquo;Association de protection et de d&eacute;fense du Faron, les mauvais coups n&rsquo;ont pas pour autant cess&eacute; de pleuvoir sur le mont toulonnais. Avec &#8230;","protected":false},"author":1,"featured_media":34565,"comment_status":"open","ping_status":"open","sticky":false,"template":"","format":"standard","meta":{"footnotes":""},"categories":[333],"tags":[168,183,134,3415,938,97,537,597,4935,595,31],"news-destination":[],"news-source":[475],"is_homepage":[],"ta_other":[],"class_list":["post-34564","post","type-post","status-publish","format-standard","has-post-thumbnail","hentry","category-environnement","tag-association","tag-benevoles","tag-mobilisation","tag-montagne","tag-nature","tag-patrimoine","tag-protection","tag-toulon","tag-urbanisation","tag-urbanisme","tag-var","news-source-website"],"_links":{"self":[{"href":"https:\/\/euapp01.newsmemory.com\/lamarseillaise\/news\/wp-json\/wp\/v2\/posts\/34564","targetHints":{"allow":["GET"]}}],"collection":[{"href":"https:\/\/euapp01.newsmemory.com\/lamarseillaise\/news\/wp-json\/wp\/v2\/posts"}],"about":[{"href":"https:\/\/euapp01.newsmemory.com\/lamarseillaise\/news\/wp-json\/wp\/v2\/types\/post"}],"author":[{"embeddable":true,"href":"https:\/\/euapp01.newsmemory.com\/lamarseillaise\/news\/wp-json\/wp\/v2\/users\/1"}],"replies":[{"embeddable":true,"href":"https:\/\/euapp01.newsmemory.com\/lamarseillaise\/news\/wp-json\/wp\/v2\/comments?post=34564"}],"version-history":[{"count":1,"href":"https:\/\/euapp01.newsmemory.com\/lamarseillaise\/news\/wp-json\/wp\/v2\/posts\/34564\/revisions"}],"predecessor-version":[{"id":34566,"href":"https:\/\/euapp01.newsmemory.com\/lamarseillaise\/news\/wp-json\/wp\/v2\/posts\/34564\/revisions\/34566"}],"wp:featuredmedia":[{"embeddable":true,"href":"https:\/\/euapp01.newsmemory.com\/lamarseillaise\/news\/wp-json\/wp\/v2\/media\/34565"}],"wp:attachment":[{"href":"https:\/\/euapp01.newsmemory.com\/lamarseillaise\/news\/wp-json\/wp\/v2\/media?parent=34564"}],"wp:term":[{"taxonomy":"category","embeddable":true,"href":"https:\/\/euapp01.newsmemory.com\/lamarseillaise\/news\/wp-json\/wp\/v2\/categories?post=34564"},{"taxonomy":"post_tag","embeddable":true,"href":"https:\/\/euapp01.newsmemory.com\/lamarseillaise\/news\/wp-json\/wp\/v2\/tags?post=34564"},{"taxonomy":"news-destination","embeddable":true,"href":"https:\/\/euapp01.newsmemory.com\/lamarseillaise\/news\/wp-json\/wp\/v2\/news-destination?post=34564"},{"taxonomy":"news-source","embeddable":true,"href":"https:\/\/euapp01.newsmemory.com\/lamarseillaise\/news\/wp-json\/wp\/v2\/news-source?post=34564"},{"taxonomy":"is_homepage","embeddable":true,"href":"https:\/\/euapp01.newsmemory.com\/lamarseillaise\/news\/wp-json\/wp\/v2\/is_homepage?post=34564"},{"taxonomy":"ta_other","embeddable":true,"href":"https:\/\/euapp01.newsmemory.com\/lamarseillaise\/news\/wp-json\/wp\/v2\/ta_other?post=34564"}],"curies":[{"name":"wp","href":"https:\/\/api.w.org\/{rel}","templated":true}]}}