{"id":34561,"date":"2026-06-29T09:48:00","date_gmt":"2026-06-29T07:48:00","guid":{"rendered":"https:\/\/euapp01.newsmemory.com\/lamarseillaise\/news\/?p=34561"},"modified":"2026-06-29T10:04:13","modified_gmt":"2026-06-29T08:04:13","slug":"passerelle-interculturelle-le-dialogue-entre-les-civilisations-une-voie-pour-rapprocher-les-peuples","status":"publish","type":"post","link":"https:\/\/euapp01.newsmemory.com\/lamarseillaise\/news\/2026\/06\/29\/passerelle-interculturelle-le-dialogue-entre-les-civilisations-une-voie-pour-rapprocher-les-peuples\/","title":{"rendered":"[Passerelle interculturelle] Le dialogue entre les civilisations, une voie pour rapprocher les peuples"},"content":{"rendered":"<div class=\"paragraph\">\n<p>En juin de cette ann\u00e9e, une s\u00e9rie d\u2019\u00e9v\u00e9nements, notamment des spectacles artistiques, des expositions de peinture et des ateliers culturels, ont \u00e9t\u00e9 organis\u00e9s dans des institutions des Nations unies \u00e0 New York, Vienne et Paris pour c\u00e9l\u00e9brer cette journ\u00e9e.<\/p>\n<p>Les participants ont salu\u00e9 l\u2019Initiative pour la civilisation mondiale, propos\u00e9e par la Chine, ainsi que sa contribution \u00e0 la promotion du dialogue entre les civilisations. Ils ont soulign\u00e9 l\u2019importance de renforcer la solidarit\u00e9 par le dialogue, de construire un monde plus juste et plus pacifique, et ont appel\u00e9 tous les pays \u00e0 promouvoir davantage la compr\u00e9hension mutuelle, l\u2019amiti\u00e9 entre les peuples et la coexistence harmonieuse entre les diff\u00e9rentes civilisations. L\u2019Initiative pour la civilisation mondiale a \u00e9t\u00e9 propos\u00e9e par le pr\u00e9sident chinois Xi Jinping en mars 2023, lors de la R\u00e9union de haut niveau du Parti communiste chinois en dialogue avec les partis politiques du monde. Elle constitue un bien public important offert par la Chine \u00e0 la communaut\u00e9 internationale dans la nouvelle \u00e8re. Elle vise \u00e0 favoriser le dialogue entre les civilisations et \u00e0 d\u00e9passer les divisions gr\u00e2ce aux \u00e9changes et \u00e0 la compr\u00e9hension mutuelle.<\/p>\n<p>\u00c0 l\u2019approche du 105<sup>e<\/sup> anniversaire de la fondation du Parti communiste chinois, le 1<sup>er<\/sup> juillet, c\u2019est aussi un bon moment pour revenir sur le r\u00f4le des partis politiques dans les \u00e9changes et l\u2019apprentissage mutuel entre les civilisations. Lorsque l\u2019\u00e9loignement entre les civilisations, les frictions culturelles et les oppositions de valeurs alimentent les tensions et les conflits entre les pays, de nombreux probl\u00e8mes apparaissent souvent\u00a0: l\u2019\u00e9cart de d\u00e9veloppement se creuse, les r\u00e8gles internationales s\u2019affaiblissent et la gouvernance mondiale devient plus d\u00e9sordonn\u00e9e.<\/p>\n<p>Face \u00e0 ces d\u00e9fis urgents, l\u2019Initiative pour la civilisation mondiale propose une base culturelle commune pour aider les pays \u00e0 r\u00e9pondre ensemble aux difficult\u00e9s qu\u2019ils rencontrent. Elle met l\u2019accent sur les \u00e9changes plut\u00f4t que sur l\u2019\u00e9loignement, sur l\u2019apprentissage mutuel plut\u00f4t que sur les affrontements, et sur l\u2019inclusion plut\u00f4t que sur la sup\u00e9riorit\u00e9 culturelle.<\/p>\n<p>La Chine respecte profond\u00e9ment la diversit\u00e9 des civilisations et encourage des \u00e9changes plus approfondis et plus concrets entre elles. Elle a lanc\u00e9 et soutenu plusieurs plateformes de dialogue multilat\u00e9ral, comme la Conf\u00e9rence sur le dialogue des civilisations asiatiques, le Forum de Liangzhu, la Conf\u00e9rence mondiale des classiques et la R\u00e9union minist\u00e9rielle du dialogue mondial des civilisations.<\/p>\n<p>Elle construit \u00e9galement de nombreuses plateformes de coop\u00e9ration dans les domaines de l\u2019\u00e9ducation, de la culture, du sport et de la sant\u00e9.<\/p>\n<\/p><\/div>\n<div class=\"paragraph\">\n<p><b>\u00ab Passerelle interculturelle \u00bb, est un espace d\u00e9di\u00e9 aux \u00e9changes d\u2019id\u00e9es et de perspectives entre la France et la Chine. Chaque lundi, gr\u00e2ce \u00e0 des entretiens avec des personnalit\u00e9s fran\u00e7aises et chinoises ou des sujets sur les deux pays, notre ambition est de cr\u00e9er un pont entre deux traditions intellectuelles, deux sensibilit\u00e9s et deux visions du monde.<\/b><\/p>\n<\/p><\/div>\n","protected":false},"excerpt":{"rendered":"En juin de cette ann&eacute;e, une s&eacute;rie d&rsquo;&eacute;v&eacute;nements, notamment des spectacles artistiques, des expositions de peinture et des ateliers culturels, ont &eacute;t&eacute; organis&eacute;s dans des institutions des Nations &#8230;","protected":false},"author":1,"featured_media":34562,"comment_status":"open","ping_status":"open","sticky":false,"template":"","format":"standard","meta":{"footnotes":""},"categories":[337],"tags":[2171,35,155,347],"news-destination":[],"news-source":[475],"is_homepage":[],"ta_other":[],"class_list":["post-34561","post","type-post","status-publish","format-standard","has-post-thumbnail","hentry","category-international","tag-chine","tag-culture","tag-passerelle","tag-tourisme","news-source-website"],"_links":{"self":[{"href":"https:\/\/euapp01.newsmemory.com\/lamarseillaise\/news\/wp-json\/wp\/v2\/posts\/34561","targetHints":{"allow":["GET"]}}],"collection":[{"href":"https:\/\/euapp01.newsmemory.com\/lamarseillaise\/news\/wp-json\/wp\/v2\/posts"}],"about":[{"href":"https:\/\/euapp01.newsmemory.com\/lamarseillaise\/news\/wp-json\/wp\/v2\/types\/post"}],"author":[{"embeddable":true,"href":"https:\/\/euapp01.newsmemory.com\/lamarseillaise\/news\/wp-json\/wp\/v2\/users\/1"}],"replies":[{"embeddable":true,"href":"https:\/\/euapp01.newsmemory.com\/lamarseillaise\/news\/wp-json\/wp\/v2\/comments?post=34561"}],"version-history":[{"count":1,"href":"https:\/\/euapp01.newsmemory.com\/lamarseillaise\/news\/wp-json\/wp\/v2\/posts\/34561\/revisions"}],"predecessor-version":[{"id":34563,"href":"https:\/\/euapp01.newsmemory.com\/lamarseillaise\/news\/wp-json\/wp\/v2\/posts\/34561\/revisions\/34563"}],"wp:featuredmedia":[{"embeddable":true,"href":"https:\/\/euapp01.newsmemory.com\/lamarseillaise\/news\/wp-json\/wp\/v2\/media\/34562"}],"wp:attachment":[{"href":"https:\/\/euapp01.newsmemory.com\/lamarseillaise\/news\/wp-json\/wp\/v2\/media?parent=34561"}],"wp:term":[{"taxonomy":"category","embeddable":true,"href":"https:\/\/euapp01.newsmemory.com\/lamarseillaise\/news\/wp-json\/wp\/v2\/categories?post=34561"},{"taxonomy":"post_tag","embeddable":true,"href":"https:\/\/euapp01.newsmemory.com\/lamarseillaise\/news\/wp-json\/wp\/v2\/tags?post=34561"},{"taxonomy":"news-destination","embeddable":true,"href":"https:\/\/euapp01.newsmemory.com\/lamarseillaise\/news\/wp-json\/wp\/v2\/news-destination?post=34561"},{"taxonomy":"news-source","embeddable":true,"href":"https:\/\/euapp01.newsmemory.com\/lamarseillaise\/news\/wp-json\/wp\/v2\/news-source?post=34561"},{"taxonomy":"is_homepage","embeddable":true,"href":"https:\/\/euapp01.newsmemory.com\/lamarseillaise\/news\/wp-json\/wp\/v2\/is_homepage?post=34561"},{"taxonomy":"ta_other","embeddable":true,"href":"https:\/\/euapp01.newsmemory.com\/lamarseillaise\/news\/wp-json\/wp\/v2\/ta_other?post=34561"}],"curies":[{"name":"wp","href":"https:\/\/api.w.org\/{rel}","templated":true}]}}