{"id":34555,"date":"2026-06-29T09:12:00","date_gmt":"2026-06-29T07:12:00","guid":{"rendered":"https:\/\/euapp01.newsmemory.com\/lamarseillaise\/news\/?p=34555"},"modified":"2026-07-03T08:59:43","modified_gmt":"2026-07-03T06:59:43","slug":"la-marseillaise-dans-les-hautes-alpes-un-moment-de-convivialite-et-de-lutte","status":"publish","type":"post","link":"https:\/\/euapp01.newsmemory.com\/lamarseillaise\/news\/2026\/06\/29\/la-marseillaise-dans-les-hautes-alpes-un-moment-de-convivialite-et-de-lutte\/","title":{"rendered":"La Marseillaise dans les Hautes-Alpes, un moment de convivialit\u00e9 et de lutte"},"content":{"rendered":"<div class=\"paragraph\">\n<p>Ce samedi \u00e0 la salle 750 \u00e0 la B\u00e2tie-neuve, la F\u00eate de La Marseillaise \u00e9tait presque aussi attendue que le retour du journal lui-m\u00eame. Une table ronde en compagnie de journalistes du Dauphin\u00e9 Lib\u00e9r\u00e9, de Ram05 et de BFMDICI a anim\u00e9 la matin\u00e9e, avant l\u2019ouverture de la restauration \u00e0 midi.<\/p>\n<p>En parall\u00e8le, plusieurs associations tenaient des stands sur place, de Terres de lien, association qui acquiert des terres agricoles pour installer les jeunes paysans, \u00e0 France Solidarit\u00e9s Palestine et Solidarit\u00e9 Madagascar en passant par la coop\u00e9rative Scop-Ti, c\u00e9l\u00e8bre pour son mouvement social de 1336 jours et ses th\u00e9s<i>. \u00ab<\/i><i>\u00a0<\/i><i>Cela montre la symbiose entre un certain nombre d\u2019associations et de mouvements et ces moments de retrouvaille, de convivialit\u00e9, sont importants pour cr\u00e9er de la solidarit\u00e9 entre nous<\/i><i>\u00a0<\/i><i>\u00bb<\/i>, a soulign\u00e9 Fr\u00e9d\u00e9rique Lain\u00e9, pr\u00e9sidente du comit\u00e9 alpin des Amis de La Marseillaise, qui a beaucoup \u0153uvr\u00e9 pour que notre journal parte \u00e0 la conqu\u00eate des Alpes.<\/p>\n<p><i>\u00ab<\/i><i>\u00a0<\/i><i>L\u2019envie de rencontrer les acteurs de la presse, c\u2019est quelque chose qui revient beaucoup dans les discussions ici, pour qu\u2019ils puissent parler de leurs contraintes, des pressions, des r\u00e9alit\u00e9s des m\u00e9dias qui ne sont pas aux mains des milliardaires \u00bb, <\/i>rapporte-t-elle.<\/p>\n<p>L\u2019occasion \u00e9tait aussi de se serrer les coudes dans une p\u00e9riode politique inqui\u00e9tante qui vire au brun, et de s\u2019appuyer sur les conseils des anciens. <i>\u00ab<\/i><i>\u00a0<\/i><i>La Marseillaise porte une ligne \u00e9ditoriale pr\u00e9cieuse, surtout dans cette p\u00e9riode o\u00f9 l\u2019on nous met en condition de concevoir et d\u2019accepter la guerre comme une n\u00e9cessit\u00e9, o\u00f9 l\u2019on fournit des milliards d\u2019euros pour des armes, pour tuer, alors qu\u2019on refuse d\u2019allouer des cr\u00e9dits \u00e0 la sant\u00e9, \u00e0 l\u2019\u00e9ducation, pour tout le service public<\/i><i>\u00a0<\/i><i>\u00bb, <\/i>a affirm\u00e9 Antoine Mignemi, survivant de la rafle du Vieux-Port \u00e0 Marseille en 1943 et infatigable militant communiste.<\/p>\n<\/p><\/div>\n<div class=\"intext\"> De la musique qui secoue pour une f\u00eate engag\u00e9e\n              <\/div>\n<div class=\"paragraph\">\n<p>L\u2019apr\u00e8s-midi a \u00e9t\u00e9 rythm\u00e9e par les Fralibos, groupe form\u00e9 par des ouvriers de l\u2019usine \u00e0 th\u00e9 Fralib durant leurs 1336 jours de gr\u00e8ve, une musique aux accents de solidarit\u00e9 et de progr\u00e8s social qui r\u00e9sonne avec les valeurs de <i>La<\/i><i>\u00a0<\/i><i>Marseillaise<\/i>. Pour la soir\u00e9e, la sc\u00e8ne du 750 a vu d\u00e9filer la musique punk du groupe Red Shift de Chorges, puis le rock haut-alpin de De Mist et le n\u00e9o-m\u00e9tal montagnard de Spit on that thing, avant de conclure avec Airain, groupe de m\u00e9tal Embrunais.<\/p>\n<p>Fatigu\u00e9s mais heureux, les artisans de la F\u00eate, pensaient d\u00e9j\u00e0 \u00e0 l\u2019ann\u00e9e prochaine.<\/p>\n<\/p><\/div>\n","protected":false},"excerpt":{"rendered":"Ce samedi &agrave; la salle 750 &agrave; la B&acirc;tie-neuve, la F&ecirc;te de La Marseillaise &eacute;tait presque aussi attendue que le retour du journal lui-m&ecirc;me. Une table ronde en compagnie de journalistes du Dauphin&eacute; &#8230;","protected":false},"author":1,"featured_media":34556,"comment_status":"open","ping_status":"open","sticky":false,"template":"","format":"standard","meta":{"footnotes":""},"categories":[3926,3925,20],"tags":[4768,328,1138,5311,4468,1133,3378,2242,2317,126,325,623,2946,2315],"news-destination":[3944],"news-source":[475],"is_homepage":[],"ta_other":[],"class_list":["post-34555","post","type-post","status-publish","format-standard","has-post-thumbnail","hentry","category-accueil-merge","category-accueil-third","category-societe","tag-alpes","tag-engagement","tag-festivites","tag-fete-de-la-marseillaise","tag-hautes-alpes","tag-journal","tag-journal-la-marseillaise","tag-journalisme","tag-journalistes","tag-la-marseillaise","tag-musique","tag-parti-communiste","tag-pluralisme","tag-pluralite-de-la-presse","news-destination-homepage","news-source-website"],"_links":{"self":[{"href":"https:\/\/euapp01.newsmemory.com\/lamarseillaise\/news\/wp-json\/wp\/v2\/posts\/34555","targetHints":{"allow":["GET"]}}],"collection":[{"href":"https:\/\/euapp01.newsmemory.com\/lamarseillaise\/news\/wp-json\/wp\/v2\/posts"}],"about":[{"href":"https:\/\/euapp01.newsmemory.com\/lamarseillaise\/news\/wp-json\/wp\/v2\/types\/post"}],"author":[{"embeddable":true,"href":"https:\/\/euapp01.newsmemory.com\/lamarseillaise\/news\/wp-json\/wp\/v2\/users\/1"}],"replies":[{"embeddable":true,"href":"https:\/\/euapp01.newsmemory.com\/lamarseillaise\/news\/wp-json\/wp\/v2\/comments?post=34555"}],"version-history":[{"count":1,"href":"https:\/\/euapp01.newsmemory.com\/lamarseillaise\/news\/wp-json\/wp\/v2\/posts\/34555\/revisions"}],"predecessor-version":[{"id":34557,"href":"https:\/\/euapp01.newsmemory.com\/lamarseillaise\/news\/wp-json\/wp\/v2\/posts\/34555\/revisions\/34557"}],"wp:featuredmedia":[{"embeddable":true,"href":"https:\/\/euapp01.newsmemory.com\/lamarseillaise\/news\/wp-json\/wp\/v2\/media\/34556"}],"wp:attachment":[{"href":"https:\/\/euapp01.newsmemory.com\/lamarseillaise\/news\/wp-json\/wp\/v2\/media?parent=34555"}],"wp:term":[{"taxonomy":"category","embeddable":true,"href":"https:\/\/euapp01.newsmemory.com\/lamarseillaise\/news\/wp-json\/wp\/v2\/categories?post=34555"},{"taxonomy":"post_tag","embeddable":true,"href":"https:\/\/euapp01.newsmemory.com\/lamarseillaise\/news\/wp-json\/wp\/v2\/tags?post=34555"},{"taxonomy":"news-destination","embeddable":true,"href":"https:\/\/euapp01.newsmemory.com\/lamarseillaise\/news\/wp-json\/wp\/v2\/news-destination?post=34555"},{"taxonomy":"news-source","embeddable":true,"href":"https:\/\/euapp01.newsmemory.com\/lamarseillaise\/news\/wp-json\/wp\/v2\/news-source?post=34555"},{"taxonomy":"is_homepage","embeddable":true,"href":"https:\/\/euapp01.newsmemory.com\/lamarseillaise\/news\/wp-json\/wp\/v2\/is_homepage?post=34555"},{"taxonomy":"ta_other","embeddable":true,"href":"https:\/\/euapp01.newsmemory.com\/lamarseillaise\/news\/wp-json\/wp\/v2\/ta_other?post=34555"}],"curies":[{"name":"wp","href":"https:\/\/api.w.org\/{rel}","templated":true}]}}