{"id":34552,"date":"2026-06-29T09:28:00","date_gmt":"2026-06-29T07:28:00","guid":{"rendered":"https:\/\/euapp01.newsmemory.com\/lamarseillaise\/news\/?p=34552"},"modified":"2026-07-03T08:59:43","modified_gmt":"2026-07-03T06:59:43","slug":"handicap-une-maison-denfants-fermee-suite-a-des-dysfonctionnements","status":"publish","type":"post","link":"https:\/\/euapp01.newsmemory.com\/lamarseillaise\/news\/2026\/06\/29\/handicap-une-maison-denfants-fermee-suite-a-des-dysfonctionnements\/","title":{"rendered":"Handicap : une maison d\u2019enfants ferm\u00e9e suite \u00e0 des \u00ab&nbsp;dysfonctionnements \u00bb"},"content":{"rendered":"<div class=\"paragraph\">\n<p>Sur l\u2019arr\u00eat\u00e9 pris vendredi 19\u00a0juin, les services de la solidarit\u00e9 s\u2019alarment de \u00ab\u00a0<i>formes de maltraitances constat\u00e9es sur les mineurs accueillis<\/i>\u00a0\u00bb. Depuis le lundi 22\u00a0juin, le lieu de vie et d\u2019accueil de la Maison des plus petits situ\u00e9 dans le quartier de Malpass\u00e9 (13<sup>e<\/sup>) a d\u00fb fermer ses portes sur ordre du conseil d\u00e9partemental. Suite \u00e0 un contr\u00f4le organis\u00e9 au mois de janvier, la collectivit\u00e9 reprochait \u00e0 l\u2019association qui y accueillait jusqu\u2019\u00e0 7\u00a0enfants plac\u00e9s en situation de handicap, \u00ab\u00a0<i>plusieurs dysfonctionnements importants, en termes de gestion, de recrutement et de transparence<\/i>\u00a0\u00bb et des risques \u00ab\u00a0<i>sur la sant\u00e9, la s\u00e9curit\u00e9 ainsi que le bien-\u00eatre physique et moral des mineurs accueillis<\/i>\u00a0\u00bb. Sans faits de maltraitance constat\u00e9s cependant.<\/p>\n<p>Pour le directeur de l\u2019association Emmanuel Masson qui a d\u00e9pos\u00e9 un recours gracieux, il s\u2019agit d\u2019une d\u00e9cision \u00ab\u00a0<i>extr\u00eamement brutale, en d\u00e9calage avec ce que l\u2019on a v\u00e9cu<\/i><i>\u00a0<\/i>\u00bb. Pour toute maltraitance, une directrice adjointe aurait fait mine de mordre un jeune qui l\u2019avait mordu \u00e0 la piscine, et il leur \u00e9tait reproch\u00e9 d\u2019avoir laiss\u00e9 un enfant malade seul pendant que sa chambre \u00e9tait nettoy\u00e9e. Un salari\u00e9 travaillait \u00e9galement sans v\u00e9rification de ses ant\u00e9c\u00e9dents. \u00ab\u00a0<i>Nous demandons syst\u00e9matiquement l\u2019attestation d\u2019honorabilit\u00e9, comme nous ne l\u2019avons pas re\u00e7ue, nous avons proc\u00e9d\u00e9 imm\u00e9diatement \u00e0 son licenciement<\/i>\u00a0\u00bb, indique le responsable. \u00ab\u00a0<i>Les m\u00e9decins charg\u00e9s du suivi ne comprenaient pas, les r\u00e9f\u00e9rents se sont regroup\u00e9s pour manifester leur d\u00e9saccord avec le D\u00e9partement<\/i>\u00a0\u00bb, assure-t-il. Lequel avait d\u00e9j\u00e0 temporairement ferm\u00e9 la structure en 2023 face \u00e0 sa \u00ab\u00a0<i>totale d\u00e9sorganisation<\/i><i>\u00a0<\/i>\u00bb.<\/p>\n<\/p><\/div>\n","protected":false},"excerpt":{"rendered":"Sur l&rsquo;arr&ecirc;t&eacute; pris vendredi 19&nbsp;juin, les services de la solidarit&eacute; s&rsquo;alarment de &laquo;&nbsp;formes de maltraitances constat&eacute;es sur les mineurs accueillis&nbsp;&raquo;. Depuis le lundi 22&nbsp;juin, le &#8230;","protected":false},"author":1,"featured_media":34553,"comment_status":"open","ping_status":"open","sticky":false,"template":"","format":"standard","meta":{"footnotes":""},"categories":[3926,3925,20],"tags":[2012,10,193,57,1066,16],"news-destination":[3944],"news-source":[475],"is_homepage":[],"ta_other":[],"class_list":["post-34552","post","type-post","status-publish","format-standard","has-post-thumbnail","hentry","category-accueil-merge","category-accueil-third","category-societe","tag-aide-sociale-a-lenfance","tag-bouches-du-rhone","tag-conseil-departemental","tag-enfants","tag-handicap","tag-marseille","news-destination-homepage","news-source-website"],"_links":{"self":[{"href":"https:\/\/euapp01.newsmemory.com\/lamarseillaise\/news\/wp-json\/wp\/v2\/posts\/34552","targetHints":{"allow":["GET"]}}],"collection":[{"href":"https:\/\/euapp01.newsmemory.com\/lamarseillaise\/news\/wp-json\/wp\/v2\/posts"}],"about":[{"href":"https:\/\/euapp01.newsmemory.com\/lamarseillaise\/news\/wp-json\/wp\/v2\/types\/post"}],"author":[{"embeddable":true,"href":"https:\/\/euapp01.newsmemory.com\/lamarseillaise\/news\/wp-json\/wp\/v2\/users\/1"}],"replies":[{"embeddable":true,"href":"https:\/\/euapp01.newsmemory.com\/lamarseillaise\/news\/wp-json\/wp\/v2\/comments?post=34552"}],"version-history":[{"count":1,"href":"https:\/\/euapp01.newsmemory.com\/lamarseillaise\/news\/wp-json\/wp\/v2\/posts\/34552\/revisions"}],"predecessor-version":[{"id":34554,"href":"https:\/\/euapp01.newsmemory.com\/lamarseillaise\/news\/wp-json\/wp\/v2\/posts\/34552\/revisions\/34554"}],"wp:featuredmedia":[{"embeddable":true,"href":"https:\/\/euapp01.newsmemory.com\/lamarseillaise\/news\/wp-json\/wp\/v2\/media\/34553"}],"wp:attachment":[{"href":"https:\/\/euapp01.newsmemory.com\/lamarseillaise\/news\/wp-json\/wp\/v2\/media?parent=34552"}],"wp:term":[{"taxonomy":"category","embeddable":true,"href":"https:\/\/euapp01.newsmemory.com\/lamarseillaise\/news\/wp-json\/wp\/v2\/categories?post=34552"},{"taxonomy":"post_tag","embeddable":true,"href":"https:\/\/euapp01.newsmemory.com\/lamarseillaise\/news\/wp-json\/wp\/v2\/tags?post=34552"},{"taxonomy":"news-destination","embeddable":true,"href":"https:\/\/euapp01.newsmemory.com\/lamarseillaise\/news\/wp-json\/wp\/v2\/news-destination?post=34552"},{"taxonomy":"news-source","embeddable":true,"href":"https:\/\/euapp01.newsmemory.com\/lamarseillaise\/news\/wp-json\/wp\/v2\/news-source?post=34552"},{"taxonomy":"is_homepage","embeddable":true,"href":"https:\/\/euapp01.newsmemory.com\/lamarseillaise\/news\/wp-json\/wp\/v2\/is_homepage?post=34552"},{"taxonomy":"ta_other","embeddable":true,"href":"https:\/\/euapp01.newsmemory.com\/lamarseillaise\/news\/wp-json\/wp\/v2\/ta_other?post=34552"}],"curies":[{"name":"wp","href":"https:\/\/api.w.org\/{rel}","templated":true}]}}