{"id":34543,"date":"2026-06-29T09:32:00","date_gmt":"2026-06-29T07:32:00","guid":{"rendered":"https:\/\/euapp01.newsmemory.com\/lamarseillaise\/news\/?p=34543"},"modified":"2026-07-03T10:30:57","modified_gmt":"2026-07-03T08:30:57","slug":"finances-la-gauche-avignonnaise-denonce-une-operation-de-communication","status":"publish","type":"post","link":"https:\/\/euapp01.newsmemory.com\/lamarseillaise\/news\/2026\/06\/29\/finances-la-gauche-avignonnaise-denonce-une-operation-de-communication\/","title":{"rendered":"Finances : la gauche avignonnaise d\u00e9nonce une op\u00e9ration de communication"},"content":{"rendered":"<div class=\"paragraph\">\n<p>\u00ab <i>N<\/i><i>ous ne participerons pas \u00e0 une op\u00e9ration de communication<\/i><i>\u00a0<\/i>\u00bb avertissent David Fournier et les \u00e9lus du groupe municipal \u00ab\u00a0Ensemble et Solidaires\u00a0\u00bb. Les \u00e9lus de gauche se disent \u00ab\u00a0<i>surpris de la violence des propos tenus<\/i><i>\u00a0<\/i>\u00bb par Olivier Galzi, le maire DVD d\u2019Avignon, lors de sa pr\u00e9sentation de l\u2019audit des finances de la ville, vendredi, qui \u00ab\u00a0<i>rel\u00e8ve davantage de la communication politique outranci\u00e8re que d\u2019une information objective<\/i><i>\u00a0<\/i>\u00bb. Et d\u2019indiquer que le groupe ne participera pas &#8211; dans ces conditions &#8211; \u00e0 la r\u00e9union de \u00ab\u00a0<i>pr\u00e9sentation de la situation financi\u00e8re<\/i><i>\u00a0<\/i>\u00bb, organis\u00e9e par la Ville. Ils rappellent, en outre, que \u00ab\u00a0<i>les comptes administratifs de la ville, \u00e9tablis par le comptable public, n\u2019ont jamais fait appara\u00eetre une quelconque d\u00e9rive dans la gestion financi\u00e8re de la collectivit\u00e9<\/i><i>\u00a0<\/i>\u00bb, rectifient-ils. Le groupe pr\u00e9f\u00e8re s\u2019en remettre au prochain rapport de la Chambre r\u00e9gionale des comptes sur la gestion de la ville qui devrait \u00eatre publi\u00e9 prochainement&#8230;<\/p>\n<p>Et de poursuivre : \u00ab\u00a0<i>L\u2019ensemble des \u00e9l\u00e9ments financiers m\u00e9ritent une analyse s\u00e9rieuse et d\u00e9passionn\u00e9e, lors des effets d\u2019annonce<\/i>\u00a0\u00bb. \u00ab\u00a0<i>Nous continuerons, pour notre part, \u00e0 d\u00e9fendre une information sinc\u00e8re, transparente et respectueuse des faits<\/i>\u00a0\u00bb, concluent les \u00e9lus d\u2019oppositions. Tout ceci ne devrait pas manquer d\u2019\u00eatre redit lors du conseil municipal de mardi qui s\u2019annonce d\u2019ores et d\u00e9j\u00e0 br\u00fblant, et pas simplement sous l\u2019effet de la canicule.<\/p>\n<\/p><\/div>\n","protected":false},"excerpt":{"rendered":"&laquo; Nous ne participerons pas &agrave; une op&eacute;ration de communication&nbsp;&raquo; avertissent David Fournier et les &eacute;lus du groupe municipal &laquo;&nbsp;Ensemble et Solidaires&nbsp;&raquo;. Les &eacute;lus de gauche se disent &#8230;","protected":false},"author":1,"featured_media":34544,"comment_status":"open","ping_status":"open","sticky":false,"template":"","format":"standard","meta":{"footnotes":""},"categories":[3926,3925,330],"tags":[1697,913,540,4914,1768,392,171],"news-destination":[3944],"news-source":[475],"is_homepage":[],"ta_other":[],"class_list":["post-34543","post","type-post","status-publish","format-standard","has-post-thumbnail","hentry","category-accueil-merge","category-accueil-third","category-politique","tag-ensemble","tag-finances","tag-gauche","tag-olivier-galzi","tag-reactions","tag-solidaire","tag-vaucluse","news-destination-homepage","news-source-website"],"_links":{"self":[{"href":"https:\/\/euapp01.newsmemory.com\/lamarseillaise\/news\/wp-json\/wp\/v2\/posts\/34543","targetHints":{"allow":["GET"]}}],"collection":[{"href":"https:\/\/euapp01.newsmemory.com\/lamarseillaise\/news\/wp-json\/wp\/v2\/posts"}],"about":[{"href":"https:\/\/euapp01.newsmemory.com\/lamarseillaise\/news\/wp-json\/wp\/v2\/types\/post"}],"author":[{"embeddable":true,"href":"https:\/\/euapp01.newsmemory.com\/lamarseillaise\/news\/wp-json\/wp\/v2\/users\/1"}],"replies":[{"embeddable":true,"href":"https:\/\/euapp01.newsmemory.com\/lamarseillaise\/news\/wp-json\/wp\/v2\/comments?post=34543"}],"version-history":[{"count":1,"href":"https:\/\/euapp01.newsmemory.com\/lamarseillaise\/news\/wp-json\/wp\/v2\/posts\/34543\/revisions"}],"predecessor-version":[{"id":34545,"href":"https:\/\/euapp01.newsmemory.com\/lamarseillaise\/news\/wp-json\/wp\/v2\/posts\/34543\/revisions\/34545"}],"wp:featuredmedia":[{"embeddable":true,"href":"https:\/\/euapp01.newsmemory.com\/lamarseillaise\/news\/wp-json\/wp\/v2\/media\/34544"}],"wp:attachment":[{"href":"https:\/\/euapp01.newsmemory.com\/lamarseillaise\/news\/wp-json\/wp\/v2\/media?parent=34543"}],"wp:term":[{"taxonomy":"category","embeddable":true,"href":"https:\/\/euapp01.newsmemory.com\/lamarseillaise\/news\/wp-json\/wp\/v2\/categories?post=34543"},{"taxonomy":"post_tag","embeddable":true,"href":"https:\/\/euapp01.newsmemory.com\/lamarseillaise\/news\/wp-json\/wp\/v2\/tags?post=34543"},{"taxonomy":"news-destination","embeddable":true,"href":"https:\/\/euapp01.newsmemory.com\/lamarseillaise\/news\/wp-json\/wp\/v2\/news-destination?post=34543"},{"taxonomy":"news-source","embeddable":true,"href":"https:\/\/euapp01.newsmemory.com\/lamarseillaise\/news\/wp-json\/wp\/v2\/news-source?post=34543"},{"taxonomy":"is_homepage","embeddable":true,"href":"https:\/\/euapp01.newsmemory.com\/lamarseillaise\/news\/wp-json\/wp\/v2\/is_homepage?post=34543"},{"taxonomy":"ta_other","embeddable":true,"href":"https:\/\/euapp01.newsmemory.com\/lamarseillaise\/news\/wp-json\/wp\/v2\/ta_other?post=34543"}],"curies":[{"name":"wp","href":"https:\/\/api.w.org\/{rel}","templated":true}]}}