{"id":34540,"date":"2026-06-29T07:06:00","date_gmt":"2026-06-29T05:06:00","guid":{"rendered":"https:\/\/euapp01.newsmemory.com\/lamarseillaise\/news\/?p=34540"},"modified":"2026-06-29T22:40:39","modified_gmt":"2026-06-29T20:40:39","slug":"lombre-de-philippe-quintais-planera-sur-le-mondial","status":"publish","type":"post","link":"https:\/\/euapp01.newsmemory.com\/lamarseillaise\/news\/2026\/06\/29\/lombre-de-philippe-quintais-planera-sur-le-mondial\/","title":{"rendered":"L\u2019ombre de Philippe Quintais planera sur le Mondial"},"content":{"rendered":"<div class=\"paragraph\">\n<p>Ce n\u2019est pas la premi\u00e8re fois que le Chartrais va manquer La\u00a0Marseillaise. Son histoire avec le Mondial n\u2019a pas toujours \u00e9t\u00e9 une \u00ab\u00a0love story\u00a0\u00bb. Apr\u00e8s avoir dompt\u00e9 l\u2019\u00e9preuve en 1997 avec Robert et Farr\u00e9, il avait pourtant marqu\u00e9 de son empreinte de g\u00e9ant cette Marseillaise avec quatre autres succ\u00e8s 2004, 2005, 2009 (Suchaud et Pecoul) puis 2024 (Suchaud et Jouffre).<\/p>\n<\/p><\/div>\n<div class=\"intext\"> Une premi\u00e8re pour Suchaud\n              <\/div>\n<div class=\"paragraph\">\n<p>Pourtant, un jour apr\u00e8s quelques d\u00e9boires avec un public minoritairement hostile, il avait cri\u00e9 et jur\u00e9 qu\u2019il ne reviendrait plus \u00e0 Marseille. Mais le champion est revenu trois ans plus tard avec \u00e0 la cl\u00e9 un quart de finale (2023), une victoire (2024) et une finale (2025). Le Mondial a d\u00e9finitivement s\u00e9duit Philippe Quintais. Comment pourrait-il en \u00eatre autrement lui qui est adul\u00e9 par le public marseillais.<\/p>\n<p>Son attitude, sa classe, son aura en font un joueur unique et exceptionnel et son absence cette ann\u00e9e est un coup dur pour les spectateurs et t\u00e9l\u00e9spectateurs et partenaires&#8230; En premier lieu, Philippe Suchaud, son alter-ego qui a fait soulever la foule en 2024 sur un incroyable carreau en finale qui jouera pour la premi\u00e8re fois La Marseillaise sans son pote*.<\/p>\n<p>Philippe (Pecoul) ne peut \u00eatre qu\u2019admiratif d\u2019un joueur avec qui il a gagn\u00e9 trois Mondial\u00a0: \u00ab\u00a0<i>L\u2019absence de Philippe ne peut \u00eatre qu\u2019un manque pour tout le monde. Sa r\u00e9putation, son immense talent, sa gentillesse font d\u00e9placer les foules. J\u2019ai jou\u00e9 avec d\u2019autres La Marseillaise mais lui, c\u2019est une autre plan\u00e8te<\/i><i>\u00a0<\/i>\u00bb, glisse le Vitrollais. \u00ab<i>\u00a0<\/i><i>Il a cette intelligence de mener le jeu en fonction des qualit\u00e9s et d\u00e9fauts de ses partenaires et ce n\u2019est pas donn\u00e9 \u00e0 tout le monde<\/i><i>\u00a0<\/i>\u00bb. Philippe P\u00e9coul se souvient ainsi d\u2019une partie contre \u00ab\u00a0Kaket\u00a0\u00bb Fayot, Bartoli et Passo. \u00ab <i>Nous sommes 11 \u00e0 11. Le jeu est incontestablement de tirer mais lui d\u00e9cide de me faire pointer avec un devant de boule qui a condamn\u00e9 l\u2019adversaire. La race des tr\u00e8s grands.<\/i><i>\u00a0<\/i>\u00bb<\/p>\n<p>Sa seule pr\u00e9sence donne \u00e0 un concours une autre dimension. Jean-Claude Jouffre a c\u00f4toy\u00e9 le champion trois ann\u00e9es cons\u00e9cutives avec un quart de finale, une victoire et une finale. \u00ab\u00a0<i>Je ne pouvais pas esp\u00e9rer mieux<\/i><i>\u00a0<\/i>\u00bb, explique ce denier. \u00ab\u00a0<i>Ce que j\u2019ai v\u00e9cu avec les deux Philippe est inimaginable. Non seulement ils sont tr\u00e8s forts sur le terrain mais aussi en dehors ils ont cette gentillesse, cette force tranquille et ce don de te mettre \u00e0 l\u2019aise dans n\u2019importe quelle situation. Quintais va beaucoup manquer dans cette Marseillaise. Il est incontournable et irrempla\u00e7able<\/i><i>\u00a0<\/i>\u00bb.<\/p>\n<p>Le Roi Quintais porte bien son surnom et dans une discipline o\u00f9 le plus difficile est de durer, il est dans le livre des records. Comme un symbole ce week-end il \u00e9tait \u00e0 Ajaccio pour le championnat de France doublette mixte avec sa fille. Une bouff\u00e9e d\u2019oxyg\u00e8ne pour ce joueur hors-norme qui prouve malgr\u00e9 la maladie que la passion et le talent sont encore plus forts. \u00c0 bient\u00f4t champion.<\/p>\n<\/p><\/div>\n<div class=\"paragraph\">\n<p><i>* Suchaud et Jouffre devraient faire \u00e9quipe avec Henri Lacroix ou Laurent Dumont<\/i><\/p>\n<\/p><\/div>\n","protected":false},"excerpt":{"rendered":"Ce n&rsquo;est pas la premi&egrave;re fois que le Chartrais va manquer La&nbsp;Marseillaise. Son histoire avec le Mondial n&rsquo;a pas toujours &eacute;t&eacute; une &laquo;&nbsp;love story&nbsp;&raquo;. Apr&egrave;s avoir dompt&eacute; &#8230;","protected":false},"author":1,"featured_media":34541,"comment_status":"open","ping_status":"open","sticky":false,"template":"","format":"standard","meta":{"footnotes":""},"categories":[7],"tags":[10,4581,5560,16,4647,4580,1013],"news-destination":[],"news-source":[475],"is_homepage":[],"ta_other":[],"class_list":["post-34540","post","type-post","status-publish","format-standard","has-post-thumbnail","hentry","category-sports","tag-bouches-du-rhone","tag-la-marseillaise-2026","tag-le-mondial-la-marseillaise-2026","tag-marseille","tag-mlm2026","tag-mondial-la-marseillaise-2026","tag-petanque","news-source-website"],"_links":{"self":[{"href":"https:\/\/euapp01.newsmemory.com\/lamarseillaise\/news\/wp-json\/wp\/v2\/posts\/34540","targetHints":{"allow":["GET"]}}],"collection":[{"href":"https:\/\/euapp01.newsmemory.com\/lamarseillaise\/news\/wp-json\/wp\/v2\/posts"}],"about":[{"href":"https:\/\/euapp01.newsmemory.com\/lamarseillaise\/news\/wp-json\/wp\/v2\/types\/post"}],"author":[{"embeddable":true,"href":"https:\/\/euapp01.newsmemory.com\/lamarseillaise\/news\/wp-json\/wp\/v2\/users\/1"}],"replies":[{"embeddable":true,"href":"https:\/\/euapp01.newsmemory.com\/lamarseillaise\/news\/wp-json\/wp\/v2\/comments?post=34540"}],"version-history":[{"count":1,"href":"https:\/\/euapp01.newsmemory.com\/lamarseillaise\/news\/wp-json\/wp\/v2\/posts\/34540\/revisions"}],"predecessor-version":[{"id":34542,"href":"https:\/\/euapp01.newsmemory.com\/lamarseillaise\/news\/wp-json\/wp\/v2\/posts\/34540\/revisions\/34542"}],"wp:featuredmedia":[{"embeddable":true,"href":"https:\/\/euapp01.newsmemory.com\/lamarseillaise\/news\/wp-json\/wp\/v2\/media\/34541"}],"wp:attachment":[{"href":"https:\/\/euapp01.newsmemory.com\/lamarseillaise\/news\/wp-json\/wp\/v2\/media?parent=34540"}],"wp:term":[{"taxonomy":"category","embeddable":true,"href":"https:\/\/euapp01.newsmemory.com\/lamarseillaise\/news\/wp-json\/wp\/v2\/categories?post=34540"},{"taxonomy":"post_tag","embeddable":true,"href":"https:\/\/euapp01.newsmemory.com\/lamarseillaise\/news\/wp-json\/wp\/v2\/tags?post=34540"},{"taxonomy":"news-destination","embeddable":true,"href":"https:\/\/euapp01.newsmemory.com\/lamarseillaise\/news\/wp-json\/wp\/v2\/news-destination?post=34540"},{"taxonomy":"news-source","embeddable":true,"href":"https:\/\/euapp01.newsmemory.com\/lamarseillaise\/news\/wp-json\/wp\/v2\/news-source?post=34540"},{"taxonomy":"is_homepage","embeddable":true,"href":"https:\/\/euapp01.newsmemory.com\/lamarseillaise\/news\/wp-json\/wp\/v2\/is_homepage?post=34540"},{"taxonomy":"ta_other","embeddable":true,"href":"https:\/\/euapp01.newsmemory.com\/lamarseillaise\/news\/wp-json\/wp\/v2\/ta_other?post=34540"}],"curies":[{"name":"wp","href":"https:\/\/api.w.org\/{rel}","templated":true}]}}