{"id":34534,"date":"2026-06-29T08:59:00","date_gmt":"2026-06-29T06:59:00","guid":{"rendered":"https:\/\/euapp01.newsmemory.com\/lamarseillaise\/news\/?p=34534"},"modified":"2026-07-03T08:20:58","modified_gmt":"2026-07-03T06:20:58","slug":"bad-bunny-vient-enfievrer-le-stade-velodrome","status":"publish","type":"post","link":"https:\/\/euapp01.newsmemory.com\/lamarseillaise\/news\/2026\/06\/29\/bad-bunny-vient-enfievrer-le-stade-velodrome\/","title":{"rendered":"Bad Bunny vient enfi\u00e9vrer le stade V\u00e9lodrome"},"content":{"rendered":"<div class=\"paragraph\">\n<p>Bad Bunny au stade V\u00e9lodrome. Pas le surnom d\u2019une ch\u00e8vre qui vient encore de signer \u00e0 l\u2019OM, mais bien le bouillant lapin des musiques latines, qui se produit mercredi 1<sup>er<\/sup>\u00a0juillet dans l\u2019antre des Olympiens. Cet artiste parmi les plus \u00e9cout\u00e9s \u00e0 travers le globe fait escale \u00e0 Marseille dans le cadre de son \u00ab\u00a0Deb\u00ed Tirar M\u00e1s Fotos World Tour\u00a0\u00bb, d\u2019apr\u00e8s le nom de son sixi\u00e8me album sorti l\u2019an pass\u00e9. Une discographie qui monte qui monte depuis les ann\u00e9es 2010, et un opus hiss\u00e9 au firmament par le tremblement de terre en mondovision provoqu\u00e9 en f\u00e9vrier 2026 par son show \u00e0 la mi-temps du Superbowl, cette parenth\u00e8se artistique de la finale de football am\u00e9ricain, illustration supr\u00eame de la victoire culturelle d\u2019el \u00ab\u00a0<i>imperialismo yankui<\/i>\u00a0\u00bb. Et pourtant. Truff\u00e9e de r\u00e9f\u00e9rences \u00e0 ses racines portoricaines, notamment le perreo, danse reggaeton \u00e0 se d\u00e9glinguer le bassin et reprise notamment dans les mouvements contestataires de cette \u00eele colonis\u00e9e il y a pr\u00e8s de 130\u00a0ans par les \u00c9tats-Unis, la prestation de Bad Bunny a bien fait enrager Trump. \u00ab<i>\u00a0<\/i><i>Ils veulent me prendre ma rivi\u00e8re et aussi ma plage. Ils veulent mon quartier et que ma grand-m\u00e8re soit partie. Non, ne l\u00e2che pas ton drapeau. Je veux pas qu\u2019ils fassent de toi ce qu\u2019il est arriv\u00e9 \u00e0 Hawaii<\/i>\u00a0\u00bb, chante, sur le titre \u00ab Lo Que Le Pas\u00f3 a Hawaii \u00bb<i>,<\/i> la superstar de 32\u00a0ans devenue \u00e9g\u00e9rie anti-Trump en multipliant notamment les prises de position contre l\u2019ICE et pour l\u2019accueil des migrants ou les droits LGBT.<\/p>\n<\/p><\/div>\n<div class=\"intext\"> Coups de chaud\n              <\/div>\n<div class=\"paragraph\">\n<p>D\u00e9sormais ic\u00f4ne politique tout autant que de la mode et de <i>l\u2019entertainment<\/i> en g\u00e9n\u00e9ral, une figure port\u00e9e aux nues ou d\u00e9test\u00e9e, comme seuls les \u00c9tats-Unis savent enfanter et raffolent. Dans tout cela, on en oublierait presque la qualit\u00e9 de <i>Deb\u00ed Tirar M\u00e1s Fotos<\/i>, album sacr\u00e9ment bien produit au cours duquel reggaeton, salsa et merengue immergent les auditeurs dans ses influences portoricaines et carib\u00e9ennes. Par-dessus, les scansions suffocantes de Bad Bunny ach\u00e8vent de tirer les oreilles des lapins du monde entier pour les tra\u00eener fissa sur la piste de danse. De son \u00ab Nuevayol \u00bb introductif qui dope et sample le th\u00e8me d\u2019\u00ab Un Verano en Nueva York \u00bb d\u2019El Gran Combo de Puerto Rico (1975), \u00e0 la salsa survitamin\u00e9e \u00ab La\u00a0Mudanza \u00bb, 17 titres charg\u00e9s qui d\u00e9cupleraient la canicule marseillaise actuelle en un tour de chant ou de reins. S\u00fbrement aussi de quoi mettre un coup de chaud suppl\u00e9mentaire \u00e0 la RTM qui annonce encore son cort\u00e8ge de modifications des lignes passant vers le V\u00e9lodrome mercredi 1<sup>er<\/sup>\u00a0juillet d\u00e8s 16h. Il faut dire que le concert de Benito Antonio Martinez Ocasio, de son vrai nom, se jouera \u00e0 guichets ferm\u00e9s et que les reventes de places se monnayent encore tr\u00e8s cher.<\/p>\n<\/p><\/div>\n","protected":false},"excerpt":{"rendered":"Bad Bunny au stade V&eacute;lodrome. Pas le surnom d&rsquo;une ch&egrave;vre qui vient encore de signer &agrave; l&rsquo;OM, mais bien le bouillant lapin des musiques latines, qui se produit mercredi 1er&nbsp;juillet dans l&rsquo;antre des &#8230;","protected":false},"author":1,"featured_media":34535,"comment_status":"open","ping_status":"open","sticky":false,"template":"","format":"standard","meta":{"footnotes":""},"categories":[3926,3925,32],"tags":[5976,10,34,276,336,1116,1296,1260,16,325,3480],"news-destination":[3944],"news-source":[475],"is_homepage":[],"ta_other":[],"class_list":["post-34534","post","type-post","status-publish","format-standard","has-post-thumbnail","hentry","category-accueil-merge","category-accueil-third","category-culture","tag-bad-bunny","tag-bouches-du-rhone","tag-concert","tag-etats-unis","tag-ete","tag-lgbt","tag-lgbtqi","tag-lutte","tag-marseille","tag-musique","tag-stade-velodrome","news-destination-homepage","news-source-website"],"_links":{"self":[{"href":"https:\/\/euapp01.newsmemory.com\/lamarseillaise\/news\/wp-json\/wp\/v2\/posts\/34534","targetHints":{"allow":["GET"]}}],"collection":[{"href":"https:\/\/euapp01.newsmemory.com\/lamarseillaise\/news\/wp-json\/wp\/v2\/posts"}],"about":[{"href":"https:\/\/euapp01.newsmemory.com\/lamarseillaise\/news\/wp-json\/wp\/v2\/types\/post"}],"author":[{"embeddable":true,"href":"https:\/\/euapp01.newsmemory.com\/lamarseillaise\/news\/wp-json\/wp\/v2\/users\/1"}],"replies":[{"embeddable":true,"href":"https:\/\/euapp01.newsmemory.com\/lamarseillaise\/news\/wp-json\/wp\/v2\/comments?post=34534"}],"version-history":[{"count":1,"href":"https:\/\/euapp01.newsmemory.com\/lamarseillaise\/news\/wp-json\/wp\/v2\/posts\/34534\/revisions"}],"predecessor-version":[{"id":34536,"href":"https:\/\/euapp01.newsmemory.com\/lamarseillaise\/news\/wp-json\/wp\/v2\/posts\/34534\/revisions\/34536"}],"wp:featuredmedia":[{"embeddable":true,"href":"https:\/\/euapp01.newsmemory.com\/lamarseillaise\/news\/wp-json\/wp\/v2\/media\/34535"}],"wp:attachment":[{"href":"https:\/\/euapp01.newsmemory.com\/lamarseillaise\/news\/wp-json\/wp\/v2\/media?parent=34534"}],"wp:term":[{"taxonomy":"category","embeddable":true,"href":"https:\/\/euapp01.newsmemory.com\/lamarseillaise\/news\/wp-json\/wp\/v2\/categories?post=34534"},{"taxonomy":"post_tag","embeddable":true,"href":"https:\/\/euapp01.newsmemory.com\/lamarseillaise\/news\/wp-json\/wp\/v2\/tags?post=34534"},{"taxonomy":"news-destination","embeddable":true,"href":"https:\/\/euapp01.newsmemory.com\/lamarseillaise\/news\/wp-json\/wp\/v2\/news-destination?post=34534"},{"taxonomy":"news-source","embeddable":true,"href":"https:\/\/euapp01.newsmemory.com\/lamarseillaise\/news\/wp-json\/wp\/v2\/news-source?post=34534"},{"taxonomy":"is_homepage","embeddable":true,"href":"https:\/\/euapp01.newsmemory.com\/lamarseillaise\/news\/wp-json\/wp\/v2\/is_homepage?post=34534"},{"taxonomy":"ta_other","embeddable":true,"href":"https:\/\/euapp01.newsmemory.com\/lamarseillaise\/news\/wp-json\/wp\/v2\/ta_other?post=34534"}],"curies":[{"name":"wp","href":"https:\/\/api.w.org\/{rel}","templated":true}]}}