{"id":34531,"date":"2026-06-29T08:19:00","date_gmt":"2026-06-29T06:19:00","guid":{"rendered":"https:\/\/euapp01.newsmemory.com\/lamarseillaise\/news\/?p=34531"},"modified":"2026-06-29T10:04:13","modified_gmt":"2026-06-29T08:04:13","slug":"la-nouvelle-base-nautique-dubaye-plage-ouvre-ses-portes","status":"publish","type":"post","link":"https:\/\/euapp01.newsmemory.com\/lamarseillaise\/news\/2026\/06\/29\/la-nouvelle-base-nautique-dubaye-plage-ouvre-ses-portes\/","title":{"rendered":"La nouvelle base nautique d\u2019Ubaye-plage ouvre ses portes"},"content":{"rendered":"<div class=\"paragraph\">\n<p>Parkings, b\u00e2timent, plages, ponton, cale de mise \u00e0 l\u2019eau, espace de restauration et commerces. \u00ab\u00a0<i>L\u2019ensemble constitue d\u00e9sormais un v\u00e9ritable p\u00f4le de loisirs et d\u2019accueil au service des visiteurs, des habitants et des acteurs locaux<\/i><i>\u00a0<\/i>\u00bb, explique les initiateurs de ce projet d\u2019importance, destin\u00e9 \u00e0 \u00ab\u00a0<i>moderniser<\/i><i>\u00a0<\/i>\u00bb et rendre plus attractif du lac de Serre-Pon\u00e7on.<\/p>\n<p>Jean-Michel Tron, le maire d\u2019Ubaye-Serre-Pon\u00e7on, Victor B\u00e9renguel, le pr\u00e9sident du syndicat mixte d\u2019Am\u00e9nagement et de d\u00e9veloppement de Serre-Pon\u00e7on ainsi que Renaud Muselier, le pr\u00e9sident (Ren.) de la R\u00e9gion et la pr\u00e9sidente du conseil d\u00e9partemental, Eliane Barreille, ne tarissent pas d\u2019\u00e9loges pour cette r\u00e9alisation qui a demand\u00e9 pr\u00e8s de 5\u00a0millions d\u2019euros d\u2019investissements cofinanc\u00e9 par les diff\u00e9rentes collectivit\u00e9s ainsi que le Fonds Vert.<\/p>\n<p>L\u2019enjeu est \u00ab\u00a0consid\u00e9rable\u00a0\u00bb, soulignent les \u00e9lus, \u00ab\u00a0<i>Serre-Pon\u00e7on constituant un atout central de la vall\u00e9e<\/i>, <i>et l\u2019adaptation de ses infrastructures au changement climatique est une priorit\u00e9 pour le te<\/i><i>rritoire<\/i>\u00a0\u00bb.<\/p>\n<\/p><\/div>\n<div class=\"intext\"> Un projet qui en appelle d\u2019autres\n              <\/div>\n<div class=\"paragraph\">\n<p>\u00ab\u00a0Ubaye plage\u00a0\u00bb constitue \u00ab\u00a0<i>l\u2019un des tout premiers sites finalis\u00e9s dans le cadre du plan de r\u00e9silience de Serre-Pon\u00e7on, il s\u2019agit d\u2019un am\u00e9nagement exemplaire visant \u00e0 \u00eatre progressivement d\u00e9clin\u00e9 sur l\u2019ensemble des p\u00f4les nautiques de la retenue, notamment pour s\u00e9curiser l\u2019acc\u00e8s \u00e0 la baignade et aux activit\u00e9s nautiques en cas de baisse importante du niveau de remplissage de la retenue<\/i><i>\u00a0<\/i>\u00bb, est-il pr\u00e9cis\u00e9 dans le communiqu\u00e9.<\/p>\n<p>Et au pr\u00e9sident de la R\u00e9gion de souligner qu\u2019au-del\u00e0 de l\u2019aspect r\u00e9cr\u00e9atif et de loisirs le nouvel \u00e9quipement permet de \u00ab\u00a0<i>soutenir les activit\u00e9s touristiques et \u00e9conomiques locales et d\u2019adapter les infrastructures et de lutte<\/i><i>r contre le d\u00e9r\u00e8glement climatique<\/i>\u00a0\u00bb.<\/p>\n<\/p><\/div>\n","protected":false},"excerpt":{"rendered":"Parkings, b&acirc;timent, plages, ponton, cale de mise &agrave; l&rsquo;eau, espace de restauration et commerces. &laquo;&nbsp;L&rsquo;ensemble constitue d&eacute;sormais un v&eacute;ritable p&ocirc;le de loisirs et d&rsquo;accueil au service des &#8230;","protected":false},"author":1,"featured_media":34532,"comment_status":"open","ping_status":"open","sticky":false,"template":"","format":"standard","meta":{"footnotes":""},"categories":[20],"tags":[1508,4768,4467,2101,5975,55,3694,137,347],"news-destination":[],"news-source":[475],"is_homepage":[],"ta_other":[],"class_list":["post-34531","post","type-post","status-publish","format-standard","has-post-thumbnail","hentry","category-societe","tag-accueil","tag-alpes","tag-alpes-de-haute-provence","tag-attractivite","tag-base-nautique","tag-loisirs","tag-plage","tag-territoire","tag-tourisme","news-source-website"],"_links":{"self":[{"href":"https:\/\/euapp01.newsmemory.com\/lamarseillaise\/news\/wp-json\/wp\/v2\/posts\/34531","targetHints":{"allow":["GET"]}}],"collection":[{"href":"https:\/\/euapp01.newsmemory.com\/lamarseillaise\/news\/wp-json\/wp\/v2\/posts"}],"about":[{"href":"https:\/\/euapp01.newsmemory.com\/lamarseillaise\/news\/wp-json\/wp\/v2\/types\/post"}],"author":[{"embeddable":true,"href":"https:\/\/euapp01.newsmemory.com\/lamarseillaise\/news\/wp-json\/wp\/v2\/users\/1"}],"replies":[{"embeddable":true,"href":"https:\/\/euapp01.newsmemory.com\/lamarseillaise\/news\/wp-json\/wp\/v2\/comments?post=34531"}],"version-history":[{"count":1,"href":"https:\/\/euapp01.newsmemory.com\/lamarseillaise\/news\/wp-json\/wp\/v2\/posts\/34531\/revisions"}],"predecessor-version":[{"id":34533,"href":"https:\/\/euapp01.newsmemory.com\/lamarseillaise\/news\/wp-json\/wp\/v2\/posts\/34531\/revisions\/34533"}],"wp:featuredmedia":[{"embeddable":true,"href":"https:\/\/euapp01.newsmemory.com\/lamarseillaise\/news\/wp-json\/wp\/v2\/media\/34532"}],"wp:attachment":[{"href":"https:\/\/euapp01.newsmemory.com\/lamarseillaise\/news\/wp-json\/wp\/v2\/media?parent=34531"}],"wp:term":[{"taxonomy":"category","embeddable":true,"href":"https:\/\/euapp01.newsmemory.com\/lamarseillaise\/news\/wp-json\/wp\/v2\/categories?post=34531"},{"taxonomy":"post_tag","embeddable":true,"href":"https:\/\/euapp01.newsmemory.com\/lamarseillaise\/news\/wp-json\/wp\/v2\/tags?post=34531"},{"taxonomy":"news-destination","embeddable":true,"href":"https:\/\/euapp01.newsmemory.com\/lamarseillaise\/news\/wp-json\/wp\/v2\/news-destination?post=34531"},{"taxonomy":"news-source","embeddable":true,"href":"https:\/\/euapp01.newsmemory.com\/lamarseillaise\/news\/wp-json\/wp\/v2\/news-source?post=34531"},{"taxonomy":"is_homepage","embeddable":true,"href":"https:\/\/euapp01.newsmemory.com\/lamarseillaise\/news\/wp-json\/wp\/v2\/is_homepage?post=34531"},{"taxonomy":"ta_other","embeddable":true,"href":"https:\/\/euapp01.newsmemory.com\/lamarseillaise\/news\/wp-json\/wp\/v2\/ta_other?post=34531"}],"curies":[{"name":"wp","href":"https:\/\/api.w.org\/{rel}","templated":true}]}}