{"id":34528,"date":"2026-06-29T08:24:00","date_gmt":"2026-06-29T06:24:00","guid":{"rendered":"https:\/\/euapp01.newsmemory.com\/lamarseillaise\/news\/?p=34528"},"modified":"2026-07-03T08:20:58","modified_gmt":"2026-07-03T06:20:58","slug":"parole-de-maire-mario-martinet-il-faut-un-parc-naturel-regional-autour-de-letang-de-berre","status":"publish","type":"post","link":"https:\/\/euapp01.newsmemory.com\/lamarseillaise\/news\/2026\/06\/29\/parole-de-maire-mario-martinet-il-faut-un-parc-naturel-regional-autour-de-letang-de-berre\/","title":{"rendered":"[Parole de maire] Mario Martinet : \u00ab Il faut un parc naturel r\u00e9gional autour de l\u2019\u00e9tang de Berre \u00bb"},"content":{"rendered":"<div class=\"paragraph\">\n<p>C\u2019est le rendez-vous du lundi deux fois par mois dans \u00ab La Marseillaise \u00bb. En interrogeant sans concession les premiers magistrats des communes de Provence, sur les chantiers, leurs d\u00e9cisions, leurs perspectives, \u00ab La Marseillaise \u00bb met en lumi\u00e8re la vie des communes, cellule de base de la R\u00e9publique.<\/p>\n<\/p><\/div>\n<div class=\"paragraph\">\n<p>La Marseillaise : <b>Comment ce sont<br \/>pass\u00e9s pour vous les 100 premiers jours de ce nouveau mandat<\/b><b>\u00a0<\/b><b>?<\/b><\/p>\n<p>Mario Martinet : Pour nous, c\u2019est la continuit\u00e9 de ce que l\u2019on a men\u00e9 jusqu\u2019alors, il n\u2019y a pas de rupture. On continue tambour battant sur nos projets, ant\u00e9rieurs et \u00e0 venir.<\/p>\n<p><b>Quelles sont les priorit\u00e9s<br \/>de ce nouveau mandat<\/b><b>\u00a0<\/b><b>?<\/b><\/p>\n<p>M.M. \u00a0: Nous voulons lancer les projets que nous avons entam\u00e9s. Par exemple pour la r\u00e9habilitation de la chapelle Caderot, nous allons d\u00e9marrer les travaux d\u2019ici la fin de l\u2019ann\u00e9e. Nous avons des salles de sport qui doivent \u00eatre finalis\u00e9es, un \u00e9coquartier dont les travaux vont d\u00e9marrer \u00e0 la rentr\u00e9e avec 239 nouveaux logements pour nos habitants&#8230; C\u2019est un projet qui a mis longtemps \u00e0 voir le jour, nous allons donc faire en sorte que la premi\u00e8re pierre soit d\u00e9pos\u00e9e d\u00e9but septembre. Bien s\u00fbr, nous avons une belle grande salle de spectacle finalis\u00e9e qui verra son ouverture en octobre, avec un nouveau projet culturel.<\/p>\n<p><b>Et pour les nouveaux projets<\/b><b>\u00a0<\/b><b>?<\/b><\/p>\n<p>M.M. : Nous avons d\u00e9j\u00e0 mis en route, durant ces 100 jours, ces nouveaux projets. Il y en a un qui me tenait \u00e0 c\u0153ur, d\u2019accompagner la population sur le plan social face aux probl\u00e8mes d\u2019\u00e9nergie. Nous avions anticip\u00e9 les choses, et nous avions dit que nous triplerions le ch\u00e8que combustible pour nos populations. C\u2019est ce que nous avons fait avec le CCAS [centre communal d\u2019action social, ndlr]. Et en m\u00eame temps, face \u00e0 la crise de l\u2019essence, nous avons mis en place le mois dernier une aide pour les aides-soignants, les personnes qui vont au domicile des plus vuln\u00e9rables, de 80 euros par mois. Nous avons aussi le projet d\u2019une nouvelle plage, pour finaliser la grande promenade sur le littoral de l\u2019\u00e9tang de Berre. L\u2019an dernier nous en avons fait une, nous allons en faire une deuxi\u00e8me, un peu plus petite certainement.<\/p>\n<p><b>C\u2019est d\u2019autant plus important avec les canicules&#8230; <\/b><\/p>\n<p>M.M. : Je crois beaucoup en la v\u00e9g\u00e9talisation de la commune. Nous avons plant\u00e9 lors du dernier mandat plus de 6\u00a0000\u00a0arbres, nous allons continuer ces plantations et en planter encore 6\u00a0000 de plus, continuer \u00e0 v\u00e9g\u00e9taliser la commune. C\u2019est par ce biais que l\u2019on pourra r\u00e9guler les probl\u00e8mes de chaleur et pr\u00e9server les habitants. Nos \u00e9coles sont d\u00e9j\u00e0 toutes climatis\u00e9es, la moiti\u00e9 des cours sont de vrais jardins. Si on arrive \u00e0 continuer \u00e0 v\u00e9g\u00e9taliser, il sera agr\u00e9able de vivre \u00e0 Berre-l\u2019Etang.<\/p>\n<p><b>La campagne des municipales a \u00e9t\u00e9 tendue, vous avez gagn\u00e9 avec 34 voix d\u2019avance. Comment r\u00e9unir une ville apr\u00e8s tout \u00e7a ?<\/b><\/p>\n<p>M.M. \u00a0: Je fais en sorte d\u2019\u00eatre au plus pr\u00e8s de la population. J\u2019avais initi\u00e9 lors du mandat pr\u00e9c\u00e9dant des r\u00e9unions de quartier, nous sommes all\u00e9s encore plus loin\u00a0: nous faisons des r\u00e9unions de rue. J\u2019ai lanc\u00e9 ces rendez-vous de rue pour aller au-devant des habitants et voir les probl\u00e8mes du quotidien, essayer de trouver des solutions \u00e0 leurs probl\u00e9matiques d\u2019environnement, de cadre de vie, de la chauss\u00e9e \u00e0 la s\u00e9curit\u00e9 en passant par les poubelles &#8211; qui ne nous concernent pas. Nous faisons beaucoup de travaux en ce moment sur la voirie. C\u2019est le quotidien, de boucher les trous. Et des projets plus importants avec un boulevard Paul-Langevin qui va \u00eatre r\u00e9habilit\u00e9. Nous voulons \u00eatre au plus pr\u00e8s pour essayer de f\u00e9d\u00e9rer cette population qui s\u2019est divis\u00e9e. Mais je vois les choses tr\u00e8s positivement, je suis tr\u00e8s optimiste pour l\u2019avenir, non pas de la soci\u00e9t\u00e9 mais de Berre-l\u2019Etang en tout cas.<\/p>\n<p><b>Et pour l\u2019avenir de la M\u00e9tropole ? <\/b><\/p>\n<p>M.M. : Je le suis beaucoup moins. Je pense qu\u2019en donnant les cl\u00e9s au pr\u00e9fet, nous nous sommes engag\u00e9s dans un dispositif qui ne va pas aller positivement pour nos communes, toutes les communes de ce territoire m\u00e9tropolitain. Je suis m\u00eame plut\u00f4t inquiet. Pour ce qui concerne la ville de Berre, 85% de son budget arrive de la M\u00e9tropole. Et comme nous n\u2019avons plus que tr\u00e8s peu de leviers pour lever des imp\u00f4ts, \u00e0 part le foncier qui a ses limites, si on nous ampute ce budget, il faudrait faire des coupes sombres dans nos services. Et l\u00e0 et l\u00e0, les choix seraient compliqu\u00e9s \u00e0 faire.<\/p>\n<p><b>La vente du site de LyondellBasell avait suscit\u00e9 des inqui\u00e9tudes. Comment voyez-vous l\u2019avenir industriel de la commune<\/b><b>\u00a0<\/b><b>?<\/b><\/p>\n<p>M.M. : La vente pouvait se terminer par la fermeture du site, mais ce n\u2019est pas le cas. Nous avons un repreneur pour le site p\u00e9trochimique, un investisseur allemand, Aequita, qui va cr\u00e9er une soci\u00e9t\u00e9 pour le site, Velogy, qui ont de belles perspectives pour le site. Ils veulent devenir le premier producteur europ\u00e9en de polypropyl\u00e8ne. Ils se sont mis sur les rails, j\u2019esp\u00e8re que les rails seront en ligne droite vers ce bel objectif.<\/p>\n<p><b>Vous pr\u00e9voyez une zone industrielle, notamment pour accompagner le d\u00e9veloppement d\u2019Airbus helicopters. Comment la ville peut s\u2019adapter \u00e0 ce d\u00e9veloppement industriel<\/b><b>\u00a0<\/b><b>?<\/b><\/p>\n<p>M.M. : Les communes aujourd\u2019hui poss\u00e8dent peu de leviers. Il y en a un, c\u2019est le foncier b\u00e2ti. Si on veut en avoir plus, il faut accueillir de l\u2019activit\u00e9 \u00e9conomique, afin d\u2019avoir des recettes pour la commune, de l\u2019emploi pour nos habitants. On a un beau projet de 239 logements en perspectives, cela permettra d\u2019accompagner ce d\u00e9veloppement \u00e9conomique. Je sais qu\u2019Airbus a des vell\u00e9it\u00e9s de s\u2019\u00e9tendre, ce serait un bon choix de choisir Berre-l\u2019Etang.<\/p>\n<p><b>Avec les nombreux chantiers annonc\u00e9s pour restaurer l\u2019\u00e9tang de Berre, comment voyez-vous son avenir ?<\/b><\/p>\n<p>M.M. : Je suis un des d\u00e9fenseurs d\u2019un projet qui fait bondir quelques \u00e9lus, d\u2019un grand parc naturel r\u00e9gional autour de l\u2019\u00e9tang, qui regrouperait les dix communes du pourtour de l\u2019\u00e9tang mais aussi d\u2019autres communes riveraines \u00e0 nos communes. Cela pourrait \u00eatre \u00e0 la fois un outil environnemental, de d\u00e9veloppement durable, mais aussi \u00e9conomique. Nous avons une p\u00e9pite dans ce d\u00e9partement, l\u2019\u00e9tang de Berre. Il faut la polir cette p\u00e9pite. Cela pourrait passer par ce parc, c\u2019est un des moyens pour redorer le blason de l\u2019\u00e9tang de Berre, lui donner une autre image. Venez sur les rives de Berre-l\u2019Etang, nos plages sont f\u00e9eriques, on a des palmiers, on se croirait dans les Cara\u00efbes ou \u00e0 Tahiti !<\/p>\n<\/p><\/div>\n","protected":false},"excerpt":{"rendered":"C&rsquo;est le rendez-vous du lundi deux fois par mois dans &laquo; La Marseillaise &raquo;. En interrogeant sans concession les premiers magistrats des communes de Provence, sur les chantiers, leurs d&eacute;cisions, leurs perspectives, &laquo; La &#8230;","protected":false},"author":1,"featured_media":34529,"comment_status":"open","ping_status":"open","sticky":false,"template":"","format":"standard","meta":{"footnotes":""},"categories":[3926,3925,330],"tags":[530,10,343,1456,624,596,5362,4858],"news-destination":[3944],"news-source":[475],"is_homepage":[],"ta_other":[],"class_list":["post-34528","post","type-post","status-publish","format-standard","has-post-thumbnail","hentry","category-accueil-merge","category-accueil-third","category-politique","tag-berre-letang","tag-bouches-du-rhone","tag-entretien","tag-etang-de-berre","tag-industrie","tag-logement","tag-parole-de-maire","tag-reforme-de-la-metropole","news-destination-homepage","news-source-website"],"_links":{"self":[{"href":"https:\/\/euapp01.newsmemory.com\/lamarseillaise\/news\/wp-json\/wp\/v2\/posts\/34528","targetHints":{"allow":["GET"]}}],"collection":[{"href":"https:\/\/euapp01.newsmemory.com\/lamarseillaise\/news\/wp-json\/wp\/v2\/posts"}],"about":[{"href":"https:\/\/euapp01.newsmemory.com\/lamarseillaise\/news\/wp-json\/wp\/v2\/types\/post"}],"author":[{"embeddable":true,"href":"https:\/\/euapp01.newsmemory.com\/lamarseillaise\/news\/wp-json\/wp\/v2\/users\/1"}],"replies":[{"embeddable":true,"href":"https:\/\/euapp01.newsmemory.com\/lamarseillaise\/news\/wp-json\/wp\/v2\/comments?post=34528"}],"version-history":[{"count":1,"href":"https:\/\/euapp01.newsmemory.com\/lamarseillaise\/news\/wp-json\/wp\/v2\/posts\/34528\/revisions"}],"predecessor-version":[{"id":34530,"href":"https:\/\/euapp01.newsmemory.com\/lamarseillaise\/news\/wp-json\/wp\/v2\/posts\/34528\/revisions\/34530"}],"wp:featuredmedia":[{"embeddable":true,"href":"https:\/\/euapp01.newsmemory.com\/lamarseillaise\/news\/wp-json\/wp\/v2\/media\/34529"}],"wp:attachment":[{"href":"https:\/\/euapp01.newsmemory.com\/lamarseillaise\/news\/wp-json\/wp\/v2\/media?parent=34528"}],"wp:term":[{"taxonomy":"category","embeddable":true,"href":"https:\/\/euapp01.newsmemory.com\/lamarseillaise\/news\/wp-json\/wp\/v2\/categories?post=34528"},{"taxonomy":"post_tag","embeddable":true,"href":"https:\/\/euapp01.newsmemory.com\/lamarseillaise\/news\/wp-json\/wp\/v2\/tags?post=34528"},{"taxonomy":"news-destination","embeddable":true,"href":"https:\/\/euapp01.newsmemory.com\/lamarseillaise\/news\/wp-json\/wp\/v2\/news-destination?post=34528"},{"taxonomy":"news-source","embeddable":true,"href":"https:\/\/euapp01.newsmemory.com\/lamarseillaise\/news\/wp-json\/wp\/v2\/news-source?post=34528"},{"taxonomy":"is_homepage","embeddable":true,"href":"https:\/\/euapp01.newsmemory.com\/lamarseillaise\/news\/wp-json\/wp\/v2\/is_homepage?post=34528"},{"taxonomy":"ta_other","embeddable":true,"href":"https:\/\/euapp01.newsmemory.com\/lamarseillaise\/news\/wp-json\/wp\/v2\/ta_other?post=34528"}],"curies":[{"name":"wp","href":"https:\/\/api.w.org\/{rel}","templated":true}]}}