{"id":34522,"date":"2026-06-29T07:41:00","date_gmt":"2026-06-29T05:41:00","guid":{"rendered":"https:\/\/euapp01.newsmemory.com\/lamarseillaise\/news\/?p=34522"},"modified":"2026-07-03T08:07:40","modified_gmt":"2026-07-03T06:07:40","slug":"a-aix-des-ateliers-pour-adapter-le-logement-des-seniors","status":"publish","type":"post","link":"https:\/\/euapp01.newsmemory.com\/lamarseillaise\/news\/2026\/06\/29\/a-aix-des-ateliers-pour-adapter-le-logement-des-seniors\/","title":{"rendered":"\u00c0 Aix, des ateliers pour adapter le logement des seniors"},"content":{"rendered":"<div class=\"paragraph\">\n<p>Ils sont moins d\u2019une dizaine \u00e0 avoir brav\u00e9 la canicule pour aller jusqu\u2019au centre socioculturel la Rose des Vents. Organis\u00e9 par le p\u00f4le infos seniors du CCAS, anim\u00e9 par le Creedat 13, association sp\u00e9cialis\u00e9e dans l\u2019adaptation et le r\u00e9am\u00e9nagement de logements, tenait un deuxi\u00e8me atelier permettant aux plus \u00e2g\u00e9s, ou aidants, de r\u00e9fl\u00e9chir \u00e0 des alternatives pour qu\u2019un senior reste plus longtemps chez soi. Proposer d\u2019autres options que l\u2019Ehpad, ou l\u2019emm\u00e9nagement chez un proche<i>. \u00ab<\/i><i>\u00a0<\/i><i>L<\/i><i>\u2019id\u00e9e de la soci\u00e9t\u00e9 en ce moment, c\u2019est de favoriser le maintient \u00e0 domicile le plus possible,<\/i> rappelle Aline Baccon, responsable coordination du p\u00f4le infos seniors du CCAS.<i> Il y a tout un panel de dispositifs qui permettent de rester \u00e0 son domicile le plus longtemps possible. C\u2019est un co\u00fbt, mais il y a quand m\u00eame beaucoup d\u2019aides (&#8230;.)<\/i><i>\u00a0<\/i><i>\u00bb. <\/i>D\u00e9j\u00e0 le 17\u00a0juin dernier, le m\u00eame atelier \u00e9tait organis\u00e9, au centre socioculturel La Provence.<\/p>\n<\/p><\/div>\n<div class=\"intext\"> Des rencontres r\u00e9guli\u00e8res\n              <\/div>\n<div class=\"paragraph\">\n<p>Et sera r\u00e9it\u00e9r\u00e9 dans les mois \u00e0 venir. <i>\u00ab<\/i><i>\u00a0<\/i><i>On essaie d\u2019en faire plusieurs par an sur diff\u00e9rentes th\u00e9matiques, <\/i>poursuit Aline Baccon. <i>L\u2019int\u00e9r\u00eat de ces rencontres, c\u2019est de faire de la pr\u00e9vention, d\u2019anticiper et faire en sorte que les gens aient l\u2019information au plus t\u00f4t pour \u00e9viter des situations d\u00e9grad\u00e9es, \u00e9viter les chutes, les risques&#8230; Mais aussi faire en sorte que les gens ne se disent pas que (rester chez soi) n\u2019est pas une option, faute de moyens<\/i><i>\u00a0<\/i><i>\u00bb.<\/i> Au cours de l\u2019atelier, Lucille Besson Papin, ergoth\u00e9rapeute au sein de la Creedat 13, animatrice de la rencontre pour la journ\u00e9e, expose les chiffres. Chez les personnes \u00e2g\u00e9es, les chutes repr\u00e9sentent 130 000 hospitalisations par an. 70% d\u2019entre elles ont lieu au domicile, et 10 000 d\u2019entre elles par an sont une cause de d\u00e9c\u00e8s. <i>\u00ab<\/i><i>\u00a0<\/i><i>La population en France est vieillissante, vit de plus en plus longtemps, il y a donc de nouveaux besoins chez les seniors. Ici, on vient faire de la pr\u00e9vention pour lutter contre les risques de chute, d\u2019aggravation des probl\u00e9matiq<\/i><i>ues de sant\u00e9, dans le but qu\u2019on puisse intervenir avant m\u00eame qu\u2019il y ai des soucis au sein du logement des b\u00e9n\u00e9ficiaires<\/i><i>\u00a0<\/i><i>\u00bb<\/i>, d\u00e9roule Lucille Besson Papin. Parmi le petit groupe pr\u00e9sent, les raisons de venues varient. \u00ab\u00a0<i>J\u2019ai des amis qui ont eu des probl\u00e8mes de sant\u00e9, \u00e7a peut leur \u00eatre utile<\/i>\u00a0\u00bb, r\u00e9sume R\u00e9jane. <i>\u00ab<\/i><i>\u00a0<\/i><i>De mon c\u00f4t\u00e9, j\u2019ai fait plusieurs chutes sur le dos, j\u2019ai besoin de pouvoir aller mieux au quotidien. Il faut que je puisse adapter mon logement par rapport \u00e0 cette pathologie. C\u2019est une kin\u00e9sith\u00e9rapeute qui m\u2019a envoy\u00e9e ici<\/i><i>\u00a0<\/i><i>\u00bb,<\/i> explique de son c\u00f4t\u00e9 Marie-Laure. D\u2019autres ateliers sont \u00e0 venir, dans les centres sociaux.<\/p>\n<\/p><\/div>\n","protected":false},"excerpt":{"rendered":"Ils sont moins d&rsquo;une dizaine &agrave; avoir brav&eacute; la canicule pour aller jusqu&rsquo;au centre socioculturel la Rose des Vents. Organis&eacute; par le p&ocirc;le infos seniors du CCAS, anim&eacute; par le Creedat 13, association &#8230;","protected":false},"author":1,"featured_media":34523,"comment_status":"open","ping_status":"open","sticky":false,"template":"","format":"standard","meta":{"footnotes":""},"categories":[3926,3925,20],"tags":[556,130,10,372,2609,596,1943,2567],"news-destination":[3944],"news-source":[475],"is_homepage":[],"ta_other":[],"class_list":["post-34522","post","type-post","status-publish","format-standard","has-post-thumbnail","hentry","category-accueil-merge","category-accueil-third","category-societe","tag-aix-en-provence","tag-ateliers","tag-bouches-du-rhone","tag-canicule","tag-ccas","tag-logement","tag-personnes-agees","tag-seniors","news-destination-homepage","news-source-website"],"_links":{"self":[{"href":"https:\/\/euapp01.newsmemory.com\/lamarseillaise\/news\/wp-json\/wp\/v2\/posts\/34522","targetHints":{"allow":["GET"]}}],"collection":[{"href":"https:\/\/euapp01.newsmemory.com\/lamarseillaise\/news\/wp-json\/wp\/v2\/posts"}],"about":[{"href":"https:\/\/euapp01.newsmemory.com\/lamarseillaise\/news\/wp-json\/wp\/v2\/types\/post"}],"author":[{"embeddable":true,"href":"https:\/\/euapp01.newsmemory.com\/lamarseillaise\/news\/wp-json\/wp\/v2\/users\/1"}],"replies":[{"embeddable":true,"href":"https:\/\/euapp01.newsmemory.com\/lamarseillaise\/news\/wp-json\/wp\/v2\/comments?post=34522"}],"version-history":[{"count":1,"href":"https:\/\/euapp01.newsmemory.com\/lamarseillaise\/news\/wp-json\/wp\/v2\/posts\/34522\/revisions"}],"predecessor-version":[{"id":34524,"href":"https:\/\/euapp01.newsmemory.com\/lamarseillaise\/news\/wp-json\/wp\/v2\/posts\/34522\/revisions\/34524"}],"wp:featuredmedia":[{"embeddable":true,"href":"https:\/\/euapp01.newsmemory.com\/lamarseillaise\/news\/wp-json\/wp\/v2\/media\/34523"}],"wp:attachment":[{"href":"https:\/\/euapp01.newsmemory.com\/lamarseillaise\/news\/wp-json\/wp\/v2\/media?parent=34522"}],"wp:term":[{"taxonomy":"category","embeddable":true,"href":"https:\/\/euapp01.newsmemory.com\/lamarseillaise\/news\/wp-json\/wp\/v2\/categories?post=34522"},{"taxonomy":"post_tag","embeddable":true,"href":"https:\/\/euapp01.newsmemory.com\/lamarseillaise\/news\/wp-json\/wp\/v2\/tags?post=34522"},{"taxonomy":"news-destination","embeddable":true,"href":"https:\/\/euapp01.newsmemory.com\/lamarseillaise\/news\/wp-json\/wp\/v2\/news-destination?post=34522"},{"taxonomy":"news-source","embeddable":true,"href":"https:\/\/euapp01.newsmemory.com\/lamarseillaise\/news\/wp-json\/wp\/v2\/news-source?post=34522"},{"taxonomy":"is_homepage","embeddable":true,"href":"https:\/\/euapp01.newsmemory.com\/lamarseillaise\/news\/wp-json\/wp\/v2\/is_homepage?post=34522"},{"taxonomy":"ta_other","embeddable":true,"href":"https:\/\/euapp01.newsmemory.com\/lamarseillaise\/news\/wp-json\/wp\/v2\/ta_other?post=34522"}],"curies":[{"name":"wp","href":"https:\/\/api.w.org\/{rel}","templated":true}]}}