{"id":34519,"date":"2026-06-29T07:42:00","date_gmt":"2026-06-29T05:42:00","guid":{"rendered":"https:\/\/euapp01.newsmemory.com\/lamarseillaise\/news\/?p=34519"},"modified":"2026-07-03T08:07:40","modified_gmt":"2026-07-03T06:07:40","slug":"une-premiere-braderie-pour-un-grand-commerce-convivial-a-aubagne","status":"publish","type":"post","link":"https:\/\/euapp01.newsmemory.com\/lamarseillaise\/news\/2026\/06\/29\/une-premiere-braderie-pour-un-grand-commerce-convivial-a-aubagne\/","title":{"rendered":"Une premi\u00e8re braderie pour un grand commerce convivial \u00e0 Aubagne"},"content":{"rendered":"<div class=\"paragraph\">\n<p>\u00ab <i>C<\/i><i>\u2019est la premi\u00e8re fois que je vois une grande braderie comme celle-l\u00e0. C\u2019est bizarre qu\u2019il n\u2019y en ait jamais eu avant. Quelle bonne id\u00e9e. \u00c7a met de la vie dans le centre-ville et ouvre un peu les esprits. J\u2019ai l\u2019impression que le nouveau maire apporte un autre \u00e9lan<\/i><i>\u00a0<\/i>\u00bb, exprime en ce dimanche 28 juin Alain, habitant d\u2019Aubagne depuis 16 ans, un sachet rempli d\u2019habits chin\u00e9s sur place qu\u2019il offrira \u00e0 sa petite-fille. Il est 10h et le cours Foch bruisse de monde, aussi bien sur ses terrasses que devant des stands et \u00e9tals en tous genres. \u00ab <i>\u00c7a am\u00e8ne du monde, \u00e7a fait travailler les commer\u00e7ants de la ville et c\u2019est aussi l\u2019occasion de revoir des copines<\/i><i>\u00a0<\/i>\u00bb, exprime quant \u00e0 elle Marie, sexag\u00e9naire au sourire fleuri, tout comme le \u00ab\u00a0<i>joli haut<\/i><i>\u00a0<\/i>\u00bb bigarr\u00e9 qu\u2019elle vient d\u2019acheter.<\/p>\n<p>La premi\u00e8re grande braderie d\u2019Aubagne prend la forme d\u2019une vide-grenier XXL qui s\u2019est \u00e9galement d\u00e9ploy\u00e9 sur les rues Rast\u00e8gue et Martinot, dont l\u2019affluence a aussi \u00e9t\u00e9 d\u00e9cupl\u00e9e par le march\u00e9 alimentaire de l\u2019Esplanade de Gaulle et une exposition de voitures anciennes sur le Cours Voltaire. Le Cours Barth\u00e9l\u00e9my ne fait lui non plus pas exception \u00e0 la r\u00e8gle avec son lot d\u2019objets d\u00e9coratifs et de bonnes affaires textiles dispos\u00e9s sur des tables de fortune et parfois \u00e0 m\u00eame le sol. \u00ab\u00a0<i>Cette grande braderie, c\u2019est super. \u00c7a redonne un aspect populaire \u00e0 Aubagne qu\u2019elle avait perdu. \u00c7a fait revenir du monde dans le centre-ville, un dimanche qui plus est<\/i><i>\u00a0<\/i>\u00bb, s\u2019enthousiasme Christelle, qui tient un stand devant le num\u00e9ro 16 du Cours Barth\u00e9l\u00e9my, l\u00e0-m\u00eame o\u00f9 un certain Marcel Pagnol est n\u00e9 le 28 f\u00e9vrier 1895. \u00ab\u00a0<i>Par les temps qui courent, c\u2019est une bonne id\u00e9e d\u2019acheter d\u2019occasion. Pour les porte-monnaie de tout le monde, vu le co\u00fbt de la vie, mais aussi pour la plan\u00e8te. La seconde main, c\u2019est l\u2019avenir<\/i><i>\u00a0<\/i>\u00bb, dit-elle devant ses jouets et v\u00eatements qui partent comme des petits pains.<\/p>\n<\/p><\/div>\n<div class=\"intext\"> Rendez-vous en octobre\n              <\/div>\n<div class=\"paragraph\">\n<p>\u00ab <i>L\u2019id\u00e9e est de donner \u00e0 tous les Aubagnais l\u2019envie de se r\u00e9approprier le centre-ville, de le fr\u00e9quenter<\/i> \u00bb, contextualise Cl\u00e9mentine Fardoux, 1<sup>\u00e8re<\/sup> adjointe au maire. \u00ab\u00a0<i>Ce matin, j\u2019ai vu la joie des habitants de voir de la vie dans leur centre-ville, un m\u00e9lange de populations, de g\u00e9n\u00e9rations et de cat\u00e9gories sociales. C\u2019est tout ce dont je r\u00eave pour ma ville : retrouver enfin un Aubagne qui vit et permet aux gens de se rencontrer <\/i>\u00bb, d\u00e9clare cette \u00e9lue notamment en charge des ressources humaines et de l\u2019urbanisme \u00e0 propos de cette grande braderie, dont la prochaine \u00e9dition se tiendra \u00ab\u00a0<i>d\u00e9but oct<\/i><i>obre<\/i><i>\u00a0<\/i>\u00bb.<\/p>\n<\/p><\/div>\n","protected":false},"excerpt":{"rendered":"&laquo; C&rsquo;est la premi&egrave;re fois que je vois une grande braderie comme celle-l&agrave;. C&rsquo;est bizarre qu&rsquo;il n&rsquo;y en ait jamais eu avant. Quelle bonne id&eacute;e. &Ccedil;a met de la vie dans le centre-ville et ouvre un &#8230;","protected":false},"author":1,"featured_media":34520,"comment_status":"open","ping_status":"open","sticky":false,"template":"","format":"standard","meta":{"footnotes":""},"categories":[3926,3925,338,20],"tags":[493,10,1055,181,177,750],"news-destination":[3944],"news-source":[475],"is_homepage":[],"ta_other":[],"class_list":["post-34519","post","type-post","status-publish","format-standard","has-post-thumbnail","hentry","category-accueil-merge","category-accueil-third","category-economie","category-societe","tag-aubagne","tag-bouches-du-rhone","tag-braderie","tag-centre-ville","tag-commercants","tag-commerce","news-destination-homepage","news-source-website"],"_links":{"self":[{"href":"https:\/\/euapp01.newsmemory.com\/lamarseillaise\/news\/wp-json\/wp\/v2\/posts\/34519","targetHints":{"allow":["GET"]}}],"collection":[{"href":"https:\/\/euapp01.newsmemory.com\/lamarseillaise\/news\/wp-json\/wp\/v2\/posts"}],"about":[{"href":"https:\/\/euapp01.newsmemory.com\/lamarseillaise\/news\/wp-json\/wp\/v2\/types\/post"}],"author":[{"embeddable":true,"href":"https:\/\/euapp01.newsmemory.com\/lamarseillaise\/news\/wp-json\/wp\/v2\/users\/1"}],"replies":[{"embeddable":true,"href":"https:\/\/euapp01.newsmemory.com\/lamarseillaise\/news\/wp-json\/wp\/v2\/comments?post=34519"}],"version-history":[{"count":1,"href":"https:\/\/euapp01.newsmemory.com\/lamarseillaise\/news\/wp-json\/wp\/v2\/posts\/34519\/revisions"}],"predecessor-version":[{"id":34521,"href":"https:\/\/euapp01.newsmemory.com\/lamarseillaise\/news\/wp-json\/wp\/v2\/posts\/34519\/revisions\/34521"}],"wp:featuredmedia":[{"embeddable":true,"href":"https:\/\/euapp01.newsmemory.com\/lamarseillaise\/news\/wp-json\/wp\/v2\/media\/34520"}],"wp:attachment":[{"href":"https:\/\/euapp01.newsmemory.com\/lamarseillaise\/news\/wp-json\/wp\/v2\/media?parent=34519"}],"wp:term":[{"taxonomy":"category","embeddable":true,"href":"https:\/\/euapp01.newsmemory.com\/lamarseillaise\/news\/wp-json\/wp\/v2\/categories?post=34519"},{"taxonomy":"post_tag","embeddable":true,"href":"https:\/\/euapp01.newsmemory.com\/lamarseillaise\/news\/wp-json\/wp\/v2\/tags?post=34519"},{"taxonomy":"news-destination","embeddable":true,"href":"https:\/\/euapp01.newsmemory.com\/lamarseillaise\/news\/wp-json\/wp\/v2\/news-destination?post=34519"},{"taxonomy":"news-source","embeddable":true,"href":"https:\/\/euapp01.newsmemory.com\/lamarseillaise\/news\/wp-json\/wp\/v2\/news-source?post=34519"},{"taxonomy":"is_homepage","embeddable":true,"href":"https:\/\/euapp01.newsmemory.com\/lamarseillaise\/news\/wp-json\/wp\/v2\/is_homepage?post=34519"},{"taxonomy":"ta_other","embeddable":true,"href":"https:\/\/euapp01.newsmemory.com\/lamarseillaise\/news\/wp-json\/wp\/v2\/ta_other?post=34519"}],"curies":[{"name":"wp","href":"https:\/\/api.w.org\/{rel}","templated":true}]}}