{"id":34516,"date":"2026-06-29T07:44:00","date_gmt":"2026-06-29T05:44:00","guid":{"rendered":"https:\/\/euapp01.newsmemory.com\/lamarseillaise\/news\/?p=34516"},"modified":"2026-07-03T08:07:40","modified_gmt":"2026-07-03T06:07:40","slug":"faron-votre-point-de-vue-pour-prendre-de-la-hauteur","status":"publish","type":"post","link":"https:\/\/euapp01.newsmemory.com\/lamarseillaise\/news\/2026\/06\/29\/faron-votre-point-de-vue-pour-prendre-de-la-hauteur\/","title":{"rendered":"Faron : votre point de vue pour prendre de la hauteur"},"content":{"rendered":"<div class=\"paragraph\">\n<p>Comme pour pr\u00e9figurer l\u2019application Toulon &#038; Vous prochainement disponible, qui doit permettre de recueillir les propositions des habitants et les associer davantage aux r\u00e9flexions qui fa\u00e7onnent en amont les grands projets qui vont forger l\u2019avenir de la ville, la maire (SE) de Toulon Jos\u00e9e Massi vient de lancer une grande consultation citoyenne consacr\u00e9e au Mont Faron, le patrimoine naturel des Toulonnais. Un th\u00e8me qui ne devrait pas manquer de les inspirer. L\u2019occasion de leur rappeler sinon que c\u2019est justement gr\u00e2ce aux combats d\u2019une poign\u00e9e de d\u00e9fenseurs de la nature regroup\u00e9s en association que le site a \u00e9t\u00e9 soustrait aux app\u00e9tits des promoteurs et des \u00e9lus corrompus. Ce qui prouve l\u2019int\u00e9r\u00eat de prendre la parole lorsqu\u2019on nous en donne comme ici la possibilit\u00e9 de d\u00e9fendre le bien commun.<\/p>\n<p>\u00ab\u00a0<i>Quand on arrive \u00e0 Toulon, il y a deux choses que l\u2019on remarque imm\u00e9diatement<\/i><i>\u00a0<\/i><i>: notre rade et notre Faron<\/i><i>\u00a0<\/i>\u00bb, explique la 1<sup>\u00e8re<\/sup> magistrate, en pr\u00e9cisant que \u00ab\u00a0<i>son avenir comme son potentiel sont de vrais enjeux et leviers<\/i><i>\u00a0<\/i>\u00bb.<\/p>\n<p>Il s\u2019agit donc d\u2019imaginer collectivement comment jouir plus encore de ce poumon vert strat\u00e9gique qui veille sur le Port du Levant tout en continuant \u00e0 pr\u00e9server cet espace prot\u00e9g\u00e9 qui abrite une riche biodiversit\u00e9. Un lieu d\u2019\u00e9vasion tr\u00e8s pris\u00e9 des Toulonnais qui participe aussi \u00e0 faire vivre le devoir de m\u00e9moire en abritant un mus\u00e9e du D\u00e9barquement et de la Lib\u00e9ration de Provence.<\/p>\n<\/p><\/div>\n<div class=\"intext\"> Une aventure collective pour le bien commun\n              <\/div>\n<div class=\"paragraph\">\n<p>Pour s\u2019impliquer donc sur son devenir, un questionnaire est en ligne sur le site Internet de la Ville depuis mercredi dernier et va y rester jusqu\u2019au 15 ao\u00fbt. Il est \u00e9galement disponible sous format papier au sein des Comit\u00e9s d\u2019int\u00e9r\u00eats locaux (CIL), des mairies annexes, offices du tourisme, ou directement au pied du Faron \u00e0 la gare du t\u00e9l\u00e9ph\u00e9rique.<\/p>\n<p>\u00ab\u00a0<i>Pr\u00e9par\u00e9 par les services de la Ville, il a vocation \u00e0 nourrir la feuille de route du mandat en recueillant id\u00e9es, attentes et propositions autour de cinq grands th\u00e8mes<\/i><i>\u00a0<\/i>\u00bb, est-il pr\u00e9cis\u00e9.<\/p>\n<p>L\u2019occasion d\u2019interroger et pr\u00e9ciser le rapport que l\u2019on entretient avec le site, son attachement, la fa\u00e7on que l\u2019on a d\u2019y grimper, \u00e0 pied, en voiture ou en t\u00e9l\u00e9ph\u00e9rique. Mais aussi comment mieux le d\u00e9fendre, du feu entre autres. Et de dire si l\u2019on est satisfait de l\u2019accueil et des services propos\u00e9s. Ou encore quelles activit\u00e9s on voudrait voir s\u2019y d\u00e9velopper, ou pas. Et surtout comment mettre davantage en avant ce patrimoine naturel.<\/p>\n<p>\u00c0 travers cet espace de contribution collective chacun est invit\u00e9 \u00e0 s\u2019exprimer \u00ab\u00a0<i>afin d\u2019imaginer et construire ensemble, une vision partag\u00e9e du Faron de demain<\/i><i>\u00a0<\/i>\u00bb.<\/p>\n<p>Libre \u00e0 tous de prendre un peu hauteur et d\u2019apporter sa pierre \u00e0 l\u2019aventure collective. Pour inviter \u00e0 prendre soin de sa biodiversit\u00e9, am\u00e9liorer les acc\u00e8s et les mobilit\u00e9s, ou encore envisager qu\u2019y prennent racine des \u00e9v\u00e9nements culturels ou scientifiques. L\u2019invitation \u00e0 de quoi s\u00e9duire.<\/p>\n<p>L\u2019occasion aussi de porter la r\u00e9flexion autour de l\u2019avenir du zoo, et ses futures missions d\u2019\u00e9ducation, de conservation et pourquoi pas de recherche.<\/p>\n<p>\u00ab\u00a0<i>C\u2019est le point de d\u00e9part d\u2019une vie politique inclusive, dans laquelle tous les habitants peuvent s\u2019inscrire<\/i><i>\u00a0<\/i>\u00bb, conclut Jos\u00e9e Massi.<\/p>\n<p>Lorsqu\u2019on sait \u00e0 quoi on a \u00e9chapp\u00e9 avec les projets fous du d\u00e9but des ann\u00e9es 1980, du gigantesque parc de loisirs avec h\u00f4tellerie et restauration appel\u00e9 \u00ab\u00a0Le Faron, an 2000\u00a0\u00bb; ou encore \u00ab\u00a0Le Faron d\u2019Eole\u00a0\u00bb, jusqu\u2019\u00e0 l\u2019\u00e9rection d\u2019une \u00ab\u00a0Vierge noire\u00a0\u00bb fa\u00e7on Christ r\u00e9dempteur, mieux vaut rester aux aguets.<\/p>\n<p>Ou mieux encore faire entendre sa voix en participant \u00e0 la consultation.<\/p>\n<\/p><\/div>\n","protected":false},"excerpt":{"rendered":"Comme pour pr&eacute;figurer l&rsquo;application Toulon &amp; Vous prochainement disponible, qui doit permettre de recueillir les propositions des habitants et les associer davantage aux r&eacute;flexions qui fa&ccedil;onnent en amont les grands &#8230;","protected":false},"author":1,"featured_media":34517,"comment_status":"open","ping_status":"open","sticky":false,"template":"","format":"standard","meta":{"footnotes":""},"categories":[3926,3925,20],"tags":[511,4030,106,3182,134,597,31],"news-destination":[3944],"news-source":[475],"is_homepage":[],"ta_other":[],"class_list":["post-34516","post","type-post","status-publish","format-standard","has-post-thumbnail","hentry","category-accueil-merge","category-accueil-third","category-societe","tag-citoyens","tag-consultation-publique","tag-habitants","tag-josee-massi","tag-mobilisation","tag-toulon","tag-var","news-destination-homepage","news-source-website"],"_links":{"self":[{"href":"https:\/\/euapp01.newsmemory.com\/lamarseillaise\/news\/wp-json\/wp\/v2\/posts\/34516","targetHints":{"allow":["GET"]}}],"collection":[{"href":"https:\/\/euapp01.newsmemory.com\/lamarseillaise\/news\/wp-json\/wp\/v2\/posts"}],"about":[{"href":"https:\/\/euapp01.newsmemory.com\/lamarseillaise\/news\/wp-json\/wp\/v2\/types\/post"}],"author":[{"embeddable":true,"href":"https:\/\/euapp01.newsmemory.com\/lamarseillaise\/news\/wp-json\/wp\/v2\/users\/1"}],"replies":[{"embeddable":true,"href":"https:\/\/euapp01.newsmemory.com\/lamarseillaise\/news\/wp-json\/wp\/v2\/comments?post=34516"}],"version-history":[{"count":1,"href":"https:\/\/euapp01.newsmemory.com\/lamarseillaise\/news\/wp-json\/wp\/v2\/posts\/34516\/revisions"}],"predecessor-version":[{"id":34518,"href":"https:\/\/euapp01.newsmemory.com\/lamarseillaise\/news\/wp-json\/wp\/v2\/posts\/34516\/revisions\/34518"}],"wp:featuredmedia":[{"embeddable":true,"href":"https:\/\/euapp01.newsmemory.com\/lamarseillaise\/news\/wp-json\/wp\/v2\/media\/34517"}],"wp:attachment":[{"href":"https:\/\/euapp01.newsmemory.com\/lamarseillaise\/news\/wp-json\/wp\/v2\/media?parent=34516"}],"wp:term":[{"taxonomy":"category","embeddable":true,"href":"https:\/\/euapp01.newsmemory.com\/lamarseillaise\/news\/wp-json\/wp\/v2\/categories?post=34516"},{"taxonomy":"post_tag","embeddable":true,"href":"https:\/\/euapp01.newsmemory.com\/lamarseillaise\/news\/wp-json\/wp\/v2\/tags?post=34516"},{"taxonomy":"news-destination","embeddable":true,"href":"https:\/\/euapp01.newsmemory.com\/lamarseillaise\/news\/wp-json\/wp\/v2\/news-destination?post=34516"},{"taxonomy":"news-source","embeddable":true,"href":"https:\/\/euapp01.newsmemory.com\/lamarseillaise\/news\/wp-json\/wp\/v2\/news-source?post=34516"},{"taxonomy":"is_homepage","embeddable":true,"href":"https:\/\/euapp01.newsmemory.com\/lamarseillaise\/news\/wp-json\/wp\/v2\/is_homepage?post=34516"},{"taxonomy":"ta_other","embeddable":true,"href":"https:\/\/euapp01.newsmemory.com\/lamarseillaise\/news\/wp-json\/wp\/v2\/ta_other?post=34516"}],"curies":[{"name":"wp","href":"https:\/\/api.w.org\/{rel}","templated":true}]}}