{"id":34513,"date":"2026-06-29T07:49:00","date_gmt":"2026-06-29T05:49:00","guid":{"rendered":"https:\/\/euapp01.newsmemory.com\/lamarseillaise\/news\/?p=34513"},"modified":"2026-07-03T08:07:40","modified_gmt":"2026-07-03T06:07:40","slug":"une-pluralite-mediatique-unique-mais-menacee","status":"publish","type":"post","link":"https:\/\/euapp01.newsmemory.com\/lamarseillaise\/news\/2026\/06\/29\/une-pluralite-mediatique-unique-mais-menacee\/","title":{"rendered":"Une pluralit\u00e9 m\u00e9diatique unique mais menac\u00e9e"},"content":{"rendered":"<div class=\"paragraph\">\n<p>Avec deux quotidiens, le <i>Dauphin\u00e9 Lib\u00e9r\u00e9<\/i> et <i>La<\/i><i>\u00a0<\/i><i>Marseillaise<\/i>, plusieurs radios dont Alpes1 et Ram05 mais aussi une cha\u00eene d\u2019info, BFMDICI, le d\u00e9partement des Hautes-Alpes, de seulement 140\u00a0000 habitants, pr\u00e9sente un pluralisme m\u00e9diatique rare, pour autant en danger. L\u00e9o Purguette, pr\u00e9sident et directeur \u00e9ditorial de <i>La Marseillaise<\/i> est revenu sur les difficult\u00e9s rencontr\u00e9es par le journal durant la p\u00e9riode Covid, finalement sauv\u00e9 par \u00ab\u00a0<i>la mobilisation des salari\u00e9s et des Amis de la Marseillaise<\/i><i>\u00a0<\/i>\u00bb tout en conservant <i>\u00ab<\/i><i>\u00a0<\/i><i>sa ligne \u00e9ditoriale et ses valeurs issus du Conseil National de la R\u00e9sistance et en allant \u00e0 la conqu\u00eate de trois d\u00e9partements suppl\u00e9mentaires<\/i><i>\u00a0<\/i><i>\u00bb<\/i>, a-t-il rappel\u00e9.<\/p>\n<p>\u00ab\u00a0<i>BFMDICI cessera d\u2019\u00e9mettre au 31 d\u00e9cembre si elle n\u2019a pas de repreneur d\u2019ici l\u00e0<\/i><i>\u00a0<\/i>\u00bb, a alert\u00e9 Lo\u00efc Guerringue, r\u00e9dacteur en chef de la r\u00e9daction, actuellement en gr\u00e8ve. Pour autant, chaque m\u00e9dia ne doit pas mener seul la lutte pour sa survie\u00a0: <i>\u00ab<\/i><i>\u00a0<\/i><i>C\u2019est un combat collectif selon moi, c\u2019est-\u00e0-dire que nous tentons tous de p\u00e9renniser un m\u00e9dia local. Les m\u00e9dias sont compl\u00e9mentaires, personne ne fait mieux que la PQR (presse quotidienne r\u00e9gionale) localement, tr\u00e8s pr\u00e9cis\u00e9ment dans les territoires<\/i><i>\u00a0<\/i>\u00bb, a-t-il rappel\u00e9. Des difficult\u00e9s partag\u00e9es par Simon Becquet, journaliste \u00e0 Ram05\u00a0: <i>\u00ab<\/i><i>\u00a0<\/i><i>On est de plus en plus boud\u00e9s par les annonceurs y compris dans les territoires o\u00f9 on est tr\u00e8s implant\u00e9s. Sauf qu\u2019en faisant vivre les m\u00e9dias locaux on fait vivre un \u00e9cosyst\u00e8me local dont ils b\u00e9n\u00e9ficient<\/i><i>\u00a0<\/i><i>\u00bb.<\/i><\/p>\n<p>De son c\u00f4t\u00e9, Lionel Arce-Menso directeur de la r\u00e9daction des Hautes-Alpes du <i>Dauphin\u00e9 Lib\u00e9r\u00e9<\/i>, a rappel\u00e9 que son journal, principal titre local, \u00e9tait loin de \u00ab\u00a0<i>vouloir \u00e9craser les autres<\/i><i>\u00a0<\/i>\u00bb et mis en avant <i>\u00ab<\/i><i>\u00a0<\/i><i>le panorama formidable<\/i><i>\u00a0<\/i><i>\u00bb<\/i> qu\u2019offre ce pluralisme \u00ab\u00a0<i>\u00e0 l\u2019\u00e9chelle d\u2019un petit d\u00e9partement<\/i><i>\u00a0<\/i>\u00bb, confiant avoir eu envie de devenir journaliste en \u00e9crivant pour <i>La<\/i><i>\u00a0<\/i><i>Marseillaise<\/i> une chronique sportive avec son p\u00e8re qui fut correspondant. Pour lui <i>\u00ab<\/i><i>\u00a0<\/i><i>se battre pour le pluralisme, c\u2019est aussi se battre pour qu\u2019on puisse offrir un regard et une information objectifs<\/i><i>\u00a0<\/i><i>\u00bb. <\/i>D\u2019autant que le pluralisme a des effets positifs pour tout l\u2019\u00e9cosyst\u00e8me m\u00e9diatique\u00a0<i>: \u00ab<\/i><i>\u00a0<\/i><i>L\u2019\u00e9tude men\u00e9e par la Fondation Jean Jaur\u00e8s montre que plus il y a d\u2019offre m\u00e9diatique locale, plus les gens s\u2019informent et en demandent. \u00c0 l\u2019inverse, il peut y avoir un cercle vicieux, moins il y a de m\u00e9dias plus les gens les d\u00e9laissent pour d\u2019autres canaux d\u2019info<\/i><i>\u00a0<\/i>\u00bb, a argument\u00e9 Simon Becquet. Or, la disparition du pluralisme m\u00e9diatique a des effets tr\u00e8s concrets a rappel\u00e9 Lionel Arce-Menso\u00a0: <i>\u00ab Les \u00e9tudes faites aux \u00c9tats-Unis montrent que l\u00e0 o\u00f9 il y a des d\u00e9serts journalistiques, des endroits o\u00f9 la presse locale a totalement disparu, c\u2019est l\u00e0 o\u00f9 l\u2019on vote le plus pour Trump<\/i><i>\u00a0<\/i><i>\u00bb.<\/i><\/p>\n<p><i><\/i><\/p>\n<\/p><\/div>\n<div class=\"intext\"> Mener la bataille culturelle\n              <\/div>\n<div class=\"paragraph\">\n<p>Mais il n\u2019y a pas que la presse qui est en danger\u00a0: \u00ab\u00a0<i>La culture est en difficult\u00e9, le monde scientifique aussi<\/i><i>\u00a0<\/i><i>\u00bb<\/i>, menac\u00e9s notamment par \u00ab\u00a0<i>des gens qui dominent aujourd\u2019hui la pens\u00e9e en France, qui rach\u00e8tent tous les m\u00e9dias, et qui impriment des r\u00e9cits faux ou qui servent leurs int\u00e9r\u00eats<\/i><i>\u00a0<\/i><i>\u00bb, <\/i>a pr\u00e9venu Lionel Arce-Menso. Or, cette situation rel\u00e8ve d\u2019un choix politique, qui peut \u00eatre contrecarr\u00e9 selon L\u00e9o Purguette\u00a0: \u00ab\u00a0<i>Quand il y a des baisses de ressources pour la science, pour les communes et les collectivit\u00e9s, c\u2019est un choix de soci\u00e9t\u00e9, le choix de l\u2019aust\u00e9rit\u00e9 qui pr\u00e9pare les victoires politiques de l\u2019extr\u00eame droite. Quand il n\u2019y a plus de services publics, de m\u00e9dias de proximit\u00e9, ce sont eux qui avancent (&#8230;)<\/i><i>\u00a0<\/i><i>\u00bb<\/i>, a-t-il alert\u00e9. Tout en rappelant que si <i>La Marseillaise<\/i> porte cette lutte \u00ab <i>avec ses valeur<\/i>s\u00a0\u00bb, l\u2019action \u00e0 mener est selon lui \u00ab\u00a0<i>plus large qu\u2019un combat droite-gauche, c\u2019est un combat pour la R\u00e9publique<\/i><i>\u00a0<\/i>\u00bb. Avant de conclure par la c\u00e9l\u00e8bre citation de Bertold Brecht publi\u00e9e chaque jour \u00e0 la Une de notre journal :<i> \u00ab<\/i><i>\u00a0<\/i><i>Celui qui combat peut perdre, mais celui qui ne combat pas a d\u00e9j\u00e0 perdu<\/i><i>\u00a0<\/i><i>\u00bb.<\/i><\/p>\n<\/p><\/div>\n","protected":false},"excerpt":{"rendered":"Avec deux quotidiens, le Dauphin&eacute; Lib&eacute;r&eacute; et La&nbsp;Marseillaise, plusieurs radios dont Alpes1 et Ram05 mais aussi une cha&icirc;ne d&rsquo;info, BFMDICI, le d&eacute;partement des Hautes-Alpes, de seulement 140&nbsp;000 &#8230;","protected":false},"author":1,"featured_media":34514,"comment_status":"open","ping_status":"open","sticky":false,"template":"","format":"standard","meta":{"footnotes":""},"categories":[3926,3925,330,20],"tags":[4768,2838,622,4803,441,5311,5526,2242,1731,2265,2316],"news-destination":[3944],"news-source":[475],"is_homepage":[],"ta_other":[],"class_list":["post-34513","post","type-post","status-publish","format-standard","has-post-thumbnail","hentry","category-accueil-merge","category-accueil-third","category-politique","category-societe","tag-alpes","tag-crise-economique","tag-democratie","tag-education-aux-medias","tag-extreme-droite","tag-fete-de-la-marseillaise","tag-fete-de-la-marseillaisee","tag-journalisme","tag-leo-purguette","tag-presse-locale","tag-presse-regionale","news-destination-homepage","news-source-website"],"_links":{"self":[{"href":"https:\/\/euapp01.newsmemory.com\/lamarseillaise\/news\/wp-json\/wp\/v2\/posts\/34513","targetHints":{"allow":["GET"]}}],"collection":[{"href":"https:\/\/euapp01.newsmemory.com\/lamarseillaise\/news\/wp-json\/wp\/v2\/posts"}],"about":[{"href":"https:\/\/euapp01.newsmemory.com\/lamarseillaise\/news\/wp-json\/wp\/v2\/types\/post"}],"author":[{"embeddable":true,"href":"https:\/\/euapp01.newsmemory.com\/lamarseillaise\/news\/wp-json\/wp\/v2\/users\/1"}],"replies":[{"embeddable":true,"href":"https:\/\/euapp01.newsmemory.com\/lamarseillaise\/news\/wp-json\/wp\/v2\/comments?post=34513"}],"version-history":[{"count":1,"href":"https:\/\/euapp01.newsmemory.com\/lamarseillaise\/news\/wp-json\/wp\/v2\/posts\/34513\/revisions"}],"predecessor-version":[{"id":34515,"href":"https:\/\/euapp01.newsmemory.com\/lamarseillaise\/news\/wp-json\/wp\/v2\/posts\/34513\/revisions\/34515"}],"wp:featuredmedia":[{"embeddable":true,"href":"https:\/\/euapp01.newsmemory.com\/lamarseillaise\/news\/wp-json\/wp\/v2\/media\/34514"}],"wp:attachment":[{"href":"https:\/\/euapp01.newsmemory.com\/lamarseillaise\/news\/wp-json\/wp\/v2\/media?parent=34513"}],"wp:term":[{"taxonomy":"category","embeddable":true,"href":"https:\/\/euapp01.newsmemory.com\/lamarseillaise\/news\/wp-json\/wp\/v2\/categories?post=34513"},{"taxonomy":"post_tag","embeddable":true,"href":"https:\/\/euapp01.newsmemory.com\/lamarseillaise\/news\/wp-json\/wp\/v2\/tags?post=34513"},{"taxonomy":"news-destination","embeddable":true,"href":"https:\/\/euapp01.newsmemory.com\/lamarseillaise\/news\/wp-json\/wp\/v2\/news-destination?post=34513"},{"taxonomy":"news-source","embeddable":true,"href":"https:\/\/euapp01.newsmemory.com\/lamarseillaise\/news\/wp-json\/wp\/v2\/news-source?post=34513"},{"taxonomy":"is_homepage","embeddable":true,"href":"https:\/\/euapp01.newsmemory.com\/lamarseillaise\/news\/wp-json\/wp\/v2\/is_homepage?post=34513"},{"taxonomy":"ta_other","embeddable":true,"href":"https:\/\/euapp01.newsmemory.com\/lamarseillaise\/news\/wp-json\/wp\/v2\/ta_other?post=34513"}],"curies":[{"name":"wp","href":"https:\/\/api.w.org\/{rel}","templated":true}]}}