{"id":34511,"date":"2026-06-29T07:16:00","date_gmt":"2026-06-29T05:16:00","guid":{"rendered":"https:\/\/euapp01.newsmemory.com\/lamarseillaise\/news\/?p=34511"},"modified":"2026-07-03T08:05:41","modified_gmt":"2026-07-03T06:05:41","slug":"une-rentree-de-lom-qui-sannonce-tres-chaude","status":"publish","type":"post","link":"https:\/\/euapp01.newsmemory.com\/lamarseillaise\/news\/2026\/06\/29\/une-rentree-de-lom-qui-sannonce-tres-chaude\/","title":{"rendered":"Une rentr\u00e9e de l\u2019OM qui s\u2019annonce tr\u00e8s chaude"},"content":{"rendered":"<div class=\"paragraph\">\n<p>Plus le mois de juillet approche, plus les \u00e9v\u00e9nements vont s\u2019acc\u00e9l\u00e9rer pour l\u2019Olympique de Marseille. La seconde vitesse a \u00e9t\u00e9 pass\u00e9e r\u00e9cemment avec le naming du stade, la DNCG, l\u2019arriv\u00e9e imminente de St\u00e9phane Richard et un mercato qui est dans l\u2019obligation de se d\u00e9canter. Les prochains jours vont \u00eatre d\u00e9cisifs pour le club ayant enfin annonc\u00e9 sa date de reprise d\u2019entra\u00eenement.<\/p>\n<\/p><\/div>\n<div class=\"intext\"> Quelle destination pour Mason Greenwood ?\n              <\/div>\n<div class=\"paragraph\">\n<p>Les dirigeants marseillais sont fermes \u00e0 ce sujet, ce sera 55\u00a0millions d\u2019euros ou rien pour l\u2019Anglais. Ces derniers jours, Fenerbahce est arriv\u00e9 avec une offre bien faible, \u00e0 30 millions. L\u2019avocat du joueur form\u00e9 \u00e0 Manchester United continue de pousser pour trouver un point de chute \u00e0 son client. Le principal int\u00e9ress\u00e9, lui, esp\u00e8re toujours que l\u2019Atletico Madrid revienne \u00e0 la charge. Apr\u00e8s Getafe, Greenwood se verrait bien rejoindre l\u2019\u00e9quipe de Diego Simeone. Outre les Madril\u00e8nes, l\u2019attrait de l\u2019AS Roma ne lui d\u00e9pla\u00eet pas et la destination est plausible. Les Romains pourraient atteindre le montant demand\u00e9, m\u00eame si eux aussi sont dans l\u2019obligation de vendre, apr\u00e8s avoir \u00e9t\u00e9 sanctionn\u00e9s par l\u2019UEFA. Malgr\u00e9 tout, ce dossier pourrait \u00eatre le premier \u00e0 avoir une issue positive.<\/p>\n<\/p><\/div>\n<div class=\"intext\"> St\u00e9phane Richard arrive\n              <\/div>\n<div class=\"paragraph\">\n<p>Alban Juster va quitter ses fonctions. Pr\u00e9sident int\u00e9rimaire depuis le d\u00e9part, cet hiver, de Pablo Longoria, Juster s\u2019appr\u00eate d\u00e9sormais \u00e0 laisser sa place. Cette semaine, le 2 juillet pr\u00e9cis\u00e9ment, St\u00e9phane Richard sera officiellement le nouveau pr\u00e9sident de l\u2019Olympique de Marseille. L\u2019ex-PDG d\u2019Orange a d\u00e9j\u00e0 pris ses marques depuis l\u2019annonce de sa nomination le 10 avril dernier. Un imp\u00e9ratif, tant le club qu\u2019il va diriger est instable.<\/p>\n<p>Apparu souvent dans les m\u00e9dias, il a \u00e9galement assist\u00e9 \u00e0 l\u2019audience de l\u2019OM au si\u00e8ge de la DNCG. Le 23 juin, un sursis a \u00e9t\u00e9 donn\u00e9 aux Olympiens avant que, trois jours plus tard, un encadrement de la masse salariale soit prononc\u00e9. Pas d\u2019interdiction de transferts, mais le communiqu\u00e9 de la LFP pr\u00e9cisait que Marseille devra r\u00e9gler des indemnit\u00e9s de mutation. Par ailleurs, ce m\u00eame 2 juillet, une conf\u00e9rence de presse sera donn\u00e9e au CEPAC V\u00e9lodrome, \u00e0 propos du nouveau naming du stade.<\/p>\n<\/p><\/div>\n<div class=\"intext\"> En pr\u00e9-saison, ce sera<br \/>\n               <br \/>la C\u00f4te d\u2019Ivoire\n              <\/div>\n<div class=\"paragraph\">\n<p>Surprise pour la reprise. Le retour \u00e0 l\u2019entra\u00eenement se fera entre le 5 et le 7 juillet pour l\u2019OM. Les Phoc\u00e9ens sont les derniers, en Ligue 1, \u00e0 avoir annonc\u00e9 leur red\u00e9marrage. Apr\u00e8s quelques jours pass\u00e9s \u00e0 la Commanderie, le club s\u2019envolera pour l\u2019Afrique. Un stage de pr\u00e9-saison sera organis\u00e9 en C\u00f4te d\u2019Ivoire pour lancer les joueurs vers la saison 2026-2027. C\u2019est la premi\u00e8re fois que les Marseillais choisissent cette destination, leur base de supporters est notamment importante dans la patrie de Didier Drogba.<\/p>\n<p>Avec les d\u00e9cisions DNCG et le d\u00e9but de contrat de St\u00e9phane Richard, il ne fait maintenant plus aucun doute que Bruno Genesio dirigera ce stage de pr\u00e9-saison en C\u00f4te d\u2019Ivoire. Il ne manque plus que l\u2019officialisation.<\/p>\n<\/p><\/div>\n<div class=\"paragraph\">\n<p><b>Cinq Olympiens encore \u00e0 la Coupe du monde<\/b><\/p>\n<p>Cinq Marseillais avec 4 nations diff\u00e9rentes disputeront les 16es de finale de la Coupe du monde. Facundo Medina et Geronimo Rulli se sont ais\u00e9ment qualifi\u00e9s avec l\u2019Argentine et affronteront le Petit Poucet cap-verdien. L\u2019Alg\u00e9rie d\u2019Amine Gouiri est aussi mont\u00e9 dans le train et jouera un match ouvert face \u00e0 la Suisse.<\/p>\n<p>Quinten Timber aura le droit \u00e0 l\u2019un des grands chocs de ce deuxi\u00e8me tour. Les Pays-Bas seront oppos\u00e9s au Maroc, demi-finaliste 2022. Le perdant repartira \u00e0 la maison. Timothy Weah et les \u00c9tats-Unis ont la possibilit\u00e9 de passer un tour suppl\u00e9mentaire avec cette rencontre face \u00e0 la Bosnie-Herz\u00e9govine. Le 8e de finale pourrait \u00eatre face au S\u00e9n\u00e9gal ou \u00e0 la Belgique.<\/p>\n<\/p><\/div>\n","protected":false},"excerpt":{"rendered":"Plus le mois de juillet approche, plus les &eacute;v&eacute;nements vont s&rsquo;acc&eacute;l&eacute;rer pour l&rsquo;Olympique de Marseille. La seconde vitesse a &eacute;t&eacute; pass&eacute;e r&eacute;cemment avec le naming du stade, la DNCG, &#8230;","protected":false},"author":1,"featured_media":33983,"comment_status":"open","ping_status":"open","sticky":false,"template":"","format":"standard","meta":{"footnotes":""},"categories":[3926,3925,7],"tags":[10,5820,13,16,17,1152,1215,14,2542,5270,1843],"news-destination":[3944],"news-source":[475],"is_homepage":[],"ta_other":[],"class_list":["post-34511","post","type-post","status-publish","format-standard","has-post-thumbnail","hentry","category-accueil-merge","category-accueil-third","category-sports","tag-bouches-du-rhone","tag-conference-de-presse","tag-football","tag-marseille","tag-mason-greenwood","tag-mercato","tag-olympique-de-marseille","tag-om","tag-pablo-longoria","tag-stephane-richard","tag-velodrome","news-destination-homepage","news-source-website"],"_links":{"self":[{"href":"https:\/\/euapp01.newsmemory.com\/lamarseillaise\/news\/wp-json\/wp\/v2\/posts\/34511","targetHints":{"allow":["GET"]}}],"collection":[{"href":"https:\/\/euapp01.newsmemory.com\/lamarseillaise\/news\/wp-json\/wp\/v2\/posts"}],"about":[{"href":"https:\/\/euapp01.newsmemory.com\/lamarseillaise\/news\/wp-json\/wp\/v2\/types\/post"}],"author":[{"embeddable":true,"href":"https:\/\/euapp01.newsmemory.com\/lamarseillaise\/news\/wp-json\/wp\/v2\/users\/1"}],"replies":[{"embeddable":true,"href":"https:\/\/euapp01.newsmemory.com\/lamarseillaise\/news\/wp-json\/wp\/v2\/comments?post=34511"}],"version-history":[{"count":1,"href":"https:\/\/euapp01.newsmemory.com\/lamarseillaise\/news\/wp-json\/wp\/v2\/posts\/34511\/revisions"}],"predecessor-version":[{"id":34512,"href":"https:\/\/euapp01.newsmemory.com\/lamarseillaise\/news\/wp-json\/wp\/v2\/posts\/34511\/revisions\/34512"}],"wp:featuredmedia":[{"embeddable":true,"href":"https:\/\/euapp01.newsmemory.com\/lamarseillaise\/news\/wp-json\/wp\/v2\/media\/33983"}],"wp:attachment":[{"href":"https:\/\/euapp01.newsmemory.com\/lamarseillaise\/news\/wp-json\/wp\/v2\/media?parent=34511"}],"wp:term":[{"taxonomy":"category","embeddable":true,"href":"https:\/\/euapp01.newsmemory.com\/lamarseillaise\/news\/wp-json\/wp\/v2\/categories?post=34511"},{"taxonomy":"post_tag","embeddable":true,"href":"https:\/\/euapp01.newsmemory.com\/lamarseillaise\/news\/wp-json\/wp\/v2\/tags?post=34511"},{"taxonomy":"news-destination","embeddable":true,"href":"https:\/\/euapp01.newsmemory.com\/lamarseillaise\/news\/wp-json\/wp\/v2\/news-destination?post=34511"},{"taxonomy":"news-source","embeddable":true,"href":"https:\/\/euapp01.newsmemory.com\/lamarseillaise\/news\/wp-json\/wp\/v2\/news-source?post=34511"},{"taxonomy":"is_homepage","embeddable":true,"href":"https:\/\/euapp01.newsmemory.com\/lamarseillaise\/news\/wp-json\/wp\/v2\/is_homepage?post=34511"},{"taxonomy":"ta_other","embeddable":true,"href":"https:\/\/euapp01.newsmemory.com\/lamarseillaise\/news\/wp-json\/wp\/v2\/ta_other?post=34511"}],"curies":[{"name":"wp","href":"https:\/\/api.w.org\/{rel}","templated":true}]}}