{"id":34508,"date":"2026-06-29T07:17:00","date_gmt":"2026-06-29T05:17:00","guid":{"rendered":"https:\/\/euapp01.newsmemory.com\/lamarseillaise\/news\/?p=34508"},"modified":"2026-07-03T07:54:47","modified_gmt":"2026-07-03T05:54:47","slug":"entretien-delphine-tisseyre-secours-populaire-derriere-les-chiffres-une-reelle-detresse-humaine","status":"publish","type":"post","link":"https:\/\/euapp01.newsmemory.com\/lamarseillaise\/news\/2026\/06\/29\/entretien-delphine-tisseyre-secours-populaire-derriere-les-chiffres-une-reelle-detresse-humaine\/","title":{"rendered":"[Entretien] Delphine Tisseyre, Secours populaire : \u00ab&nbsp;Derri\u00e8re les chiffres, une r\u00e9elle d\u00e9tresse humaine&nbsp;\u00bb"},"content":{"rendered":"<div class=\"paragraph\">\n<p><b>La Marseillaise<\/b><b>\u00a0<\/b><b>:<\/b><b> La Banque alimentaire faisait \u00e9tat de 63<\/b><b>\u00a0<\/b><b>500<\/b><b>\u00a0<\/b><b>b\u00e9n\u00e9ficiaires en 2025. Quel constat faites-vous sur le terrain<\/b><b>\u00a0<\/b><b>?<\/b><\/p>\n<p>Delphine Tisseyre\u00a0: Les chiffres sont une chose mais derri\u00e8re il y a une r\u00e9elle d\u00e9tresse humaine, un malaise qui est cr\u00e9\u00e9. On d\u00e9tecte dans nos familles, chez nos ados, de plus en plus de troubles psychiques et maintenant on n\u2019arrive plus \u00e0 les nourrir correctement. Aujourd\u2019hui, on distribue des produits de l\u2019Union europ\u00e9enne, des p\u00e2tes, du riz. Mais sans beurre ni l\u00e9gumes, ni fruits, c\u2019est insuffisant. Pour les produits frais, il faut toute une logistique, surtout l\u2019\u00e9t\u00e9. Peu d\u2019associations en ont les moyens. Et le pendant de l\u2019entr\u00e9e dans l\u2019\u00e8re de l\u2019anti-gaspi, c\u2019est qu\u2019on nous fait payer, le recyclage des v\u00eatements par exemple, et c\u2019est un poids en plus sur le dos des b\u00e9n\u00e9voles. Les associations sont la soupape de s\u00e9curit\u00e9 de notre soci\u00e9t\u00e9 et on compte beaucoup sur elles, mais on a l\u2019impression d\u2019\u00eatre abandonn\u00e9 des priorit\u00e9s de l\u2019\u00c9tat.<\/p>\n<p><b>O\u00f9 en est le Projet alimentaire d\u00e9partemental (PAD) mis en place en 2019 et destin\u00e9 \u00e0 promouvoir les produits locaux dans la lutte contre la pr\u00e9carit\u00e9 alimentaire ?<\/b><\/p>\n<p>D.T. : Mieux manger pour tous est une bonne chose et on est reconnaissant de l\u2019aide au financement. Mais c\u2019est insuffisant par rapport aux besoins. Le quotidien va vite. Et face au d\u00e9veloppement des discounters, nous ne sommes pas arm\u00e9s pour le rachat en gros volumes donc ce qui pouvait \u00eatre donn\u00e9 l\u2019est moins. Il y a aussi cette difficult\u00e9 de coller \u00e0 un cahier des charges des producteurs locaux. Les \u0153ufs par exemple, la quantit\u00e9 est un probl\u00e8me. Or nous ne sommes pas en mesure de garantir la commande si l\u2019\u00e9leveur agrandit ses poulaillers car on ne sait pas \u00e0 l\u2019avance de quel budget on disposera l\u2019ann\u00e9e suivante. Ce syst\u00e8me a tendance \u00e0 se mordre la queue.<\/p>\n<p><b>L\u2019\u00e9t\u00e9 est-il plus cruel que l\u2019hiver pour les personnes en grande pr\u00e9carit\u00e9 ?<\/b><\/p>\n<p>D.T. : L\u2019hiver, on se couvre, on arrive \u00e0 distribuer des v\u00eatements chauds et des couvertures. L\u2019\u00e9t\u00e9, on cherche des lieux climatis\u00e9s, des points d\u2019eau fra\u00eeche, c\u2019est plus compliqu\u00e9. Pour nos maraudes, il faut des \u00e9quipements pour r\u00e9frig\u00e9rer. Et du fait que de nombreux lieux ferment durant les vacances, les associatifs sont aussi moins nombreux sur le terrain durant cette p\u00e9riode et le sentiment d\u2019isolement des personnes d\u00e9munies est plus important.<\/p>\n<p><b>Quelles demandes feriez-vous<\/b><b>\u00a0<\/b><b>?<\/b><\/p>\n<p>D.T. : On n\u2019en est plus aux pr\u00e9conisations, mais \u00e0 r\u00e9pondre \u00e0 une v\u00e9ritable urgence sociale. Il y a l\u2019inflation, mais pas seulement. Certaines mesures administratives cr\u00e9ent des situations de pauvret\u00e9 ou les aggravent. C\u2019est bien de renforcer les contr\u00f4les contre les fraudes en tout genre, mais ceux-ci sont parfois faits sans aucune analyse fine. On s\u2019est retrouv\u00e9 avec une vague de coupures de RSA. Il a fallu d\u00e9m\u00ealer bien des erreurs. Et quelques mois sans revenus, \u00e7a plonge vite les gens dans la mis\u00e8re absolue. Souvent les mesures d\u2019accompagnement pour le retour \u00e0 l\u2019emploi ou pour l\u2019aide \u00e0 la garde d\u2019enfants ne suivent pas ou sont mises en place beaucoup trop lentement. On perd plus rapidement et facilement ses droits qu\u2019on y acc\u00e8de.<\/p>\n<p><b>Les publics rencontr\u00e9s sont-ils <br \/>de plus en plus divers ?<\/b><\/p>\n<p>D.T. : Oui et on a aussi des situations de d\u00e9tresse qui ne sont pas toujours visibles. Des couples qui font la priorit\u00e9 du loyer et qui ne mangent pas \u00e0 leur faim alors qu\u2019ils travaillent. Une personne trait\u00e9e pour un cancer \u00e0 qui on ne peut pas donner n\u2019importe quel aliment. Certains font le tour des associations pour trouver ce dont ils ont besoin et c\u2019est douloureux d\u2019avoir l\u2019air de qu\u00e9mander mais heureusement qu\u2019ils le font.<\/p>\n<\/p><\/div>\n","protected":false},"excerpt":{"rendered":"La Marseillaise&nbsp;: La Banque alimentaire faisait &eacute;tat de 63&nbsp;500&nbsp;b&eacute;n&eacute;ficiaires en 2025. Quel constat faites-vous sur le terrain&nbsp;?","protected":false},"author":1,"featured_media":34509,"comment_status":"open","ping_status":"open","sticky":false,"template":"","format":"standard","meta":{"footnotes":""},"categories":[3926,3925,20],"tags":[964,372,343,336,2830,1281,1284,912,4198,171],"news-destination":[3944],"news-source":[475],"is_homepage":[],"ta_other":[],"class_list":["post-34508","post","type-post","status-publish","format-standard","has-post-thumbnail","hentry","category-accueil-merge","category-accueil-third","category-societe","tag-accompagnement","tag-canicule","tag-entretien","tag-ete","tag-misere","tag-pauvrete","tag-precarite-alimentaire","tag-secours-populaire","tag-urgence-sociale","tag-vaucluse","news-destination-homepage","news-source-website"],"_links":{"self":[{"href":"https:\/\/euapp01.newsmemory.com\/lamarseillaise\/news\/wp-json\/wp\/v2\/posts\/34508","targetHints":{"allow":["GET"]}}],"collection":[{"href":"https:\/\/euapp01.newsmemory.com\/lamarseillaise\/news\/wp-json\/wp\/v2\/posts"}],"about":[{"href":"https:\/\/euapp01.newsmemory.com\/lamarseillaise\/news\/wp-json\/wp\/v2\/types\/post"}],"author":[{"embeddable":true,"href":"https:\/\/euapp01.newsmemory.com\/lamarseillaise\/news\/wp-json\/wp\/v2\/users\/1"}],"replies":[{"embeddable":true,"href":"https:\/\/euapp01.newsmemory.com\/lamarseillaise\/news\/wp-json\/wp\/v2\/comments?post=34508"}],"version-history":[{"count":1,"href":"https:\/\/euapp01.newsmemory.com\/lamarseillaise\/news\/wp-json\/wp\/v2\/posts\/34508\/revisions"}],"predecessor-version":[{"id":34510,"href":"https:\/\/euapp01.newsmemory.com\/lamarseillaise\/news\/wp-json\/wp\/v2\/posts\/34508\/revisions\/34510"}],"wp:featuredmedia":[{"embeddable":true,"href":"https:\/\/euapp01.newsmemory.com\/lamarseillaise\/news\/wp-json\/wp\/v2\/media\/34509"}],"wp:attachment":[{"href":"https:\/\/euapp01.newsmemory.com\/lamarseillaise\/news\/wp-json\/wp\/v2\/media?parent=34508"}],"wp:term":[{"taxonomy":"category","embeddable":true,"href":"https:\/\/euapp01.newsmemory.com\/lamarseillaise\/news\/wp-json\/wp\/v2\/categories?post=34508"},{"taxonomy":"post_tag","embeddable":true,"href":"https:\/\/euapp01.newsmemory.com\/lamarseillaise\/news\/wp-json\/wp\/v2\/tags?post=34508"},{"taxonomy":"news-destination","embeddable":true,"href":"https:\/\/euapp01.newsmemory.com\/lamarseillaise\/news\/wp-json\/wp\/v2\/news-destination?post=34508"},{"taxonomy":"news-source","embeddable":true,"href":"https:\/\/euapp01.newsmemory.com\/lamarseillaise\/news\/wp-json\/wp\/v2\/news-source?post=34508"},{"taxonomy":"is_homepage","embeddable":true,"href":"https:\/\/euapp01.newsmemory.com\/lamarseillaise\/news\/wp-json\/wp\/v2\/is_homepage?post=34508"},{"taxonomy":"ta_other","embeddable":true,"href":"https:\/\/euapp01.newsmemory.com\/lamarseillaise\/news\/wp-json\/wp\/v2\/ta_other?post=34508"}],"curies":[{"name":"wp","href":"https:\/\/api.w.org\/{rel}","templated":true}]}}