{"id":34505,"date":"2026-06-29T07:19:00","date_gmt":"2026-06-29T05:19:00","guid":{"rendered":"https:\/\/euapp01.newsmemory.com\/lamarseillaise\/news\/?p=34505"},"modified":"2026-07-03T07:54:47","modified_gmt":"2026-07-03T05:54:47","slug":"les-bouches-du-rhone-renoncent-a-luniforme-dans-les-colleges","status":"publish","type":"post","link":"https:\/\/euapp01.newsmemory.com\/lamarseillaise\/news\/2026\/06\/29\/les-bouches-du-rhone-renoncent-a-luniforme-dans-les-colleges\/","title":{"rendered":"Les Bouches-du-Rh\u00f4ne renoncent \u00e0 l\u2019uniforme dans les coll\u00e8ges"},"content":{"rendered":"<div class=\"paragraph\">\n<p>En cette rentr\u00e9e 2024, au moment de remettre leurs nouveaux uniformes scolaires aux \u00e9l\u00e8ves du coll\u00e8ge Ch\u00e2teau-Forbin dans le 11<sup>e<\/sup>\u00a0arrondissement de Marseille, la pr\u00e9sidente (DVD) du conseil d\u00e9partemental, Martine Vassal, se r\u00e9jouissait d\u2019une exp\u00e9rimentation qui allait \u00ab\u00a0<i>renforcer le sentiment d\u2019appartenance \u00e0 l\u2019\u00e9tablissement scolaire, de r\u00e9pondre aux probl\u00e9matiques de harc\u00e8lement scolaire et d\u2019am\u00e9liorer le pouvoir d\u2019achat des familles<\/i><i>\u00a0<\/i><i>\u00bb. <\/i>Mais deux ans plus tard, celle-ci tourne court. Ce 22\u00a0juin, la collectivit\u00e9 a brusquement r\u00e9sili\u00e9 le march\u00e9 sign\u00e9 avec la Quincaillerie aixoise pour fournir ces tenues uniques test\u00e9es par 1\u00a0200\u00a0\u00e9l\u00e8ves \u00e0 Ch\u00e2teau-Forbin et au coll\u00e8ge Mont-Sauvy \u00e0 Orgon. Officiellement, le conseil d\u00e9partemental estime que l\u2019envol\u00e9e du prix des uniformes propos\u00e9e le 22\u00a0avril -plus de 31,90% en moyenne- remet en cause le contrat. Mais cette r\u00e9siliation vient surtout mettre discr\u00e8tement un terme \u00e0 l\u2019exp\u00e9rience largement m\u00e9diatis\u00e9e \u00e0 son lancement.<\/p>\n<p>\u00ab\u00a0<i>Nous arr\u00eatons effectivement l\u2019exp\u00e9rimentation<\/i>\u00a0\u00bb, confirme la conseill\u00e8re d\u00e9partementale (DVC) d\u00e9l\u00e9gu\u00e9e aux coll\u00e8ges, B\u00e9atrice Bonfillon-Chiavassa, reconnaissant que les co\u00fbts de fabrication \u00ab\u00a0<i>avaient significativement augment\u00e9<\/i>\u00a0\u00bb. Mais tandis que le coll\u00e8ge d\u2019Orgon comptait bien poursuivre l\u2019exp\u00e9rience, le conseil d\u2019administration de Ch\u00e2teau-Forbin s\u2019est prononc\u00e9 contre sa poursuite le 30\u00a0mars. \u00ab\u00a0<i>La gestion quotidienne des \u00e9l\u00e8ves ne respectant pas le port de la tenue repr\u00e9sente une charge de travail trop importante<\/i>\u00a0\u00bb, explique la conseill\u00e8re d\u00e9partementale. Surtout, \u00ab\u00a0<i>l\u2019\u00c9tat a d\u00e9cid\u00e9 apr\u00e8s ces deux ans d\u2019exp\u00e9rimentation d\u2019y mettre fin et donc d\u2019arr\u00eater la subvention qui l\u2019accompagnait. C\u2019est la raison pour laquelle nous avons arr\u00eat\u00e9 cette exp\u00e9rimentation, avec regret<\/i>\u00a0\u00bb, indique B\u00e9atrice Bonfillon-Chiavassa.<\/p>\n<\/p><\/div>\n<div class=\"intext\"> \u00ab\u00a0Pas un g\u00e2chis\u00a0\u00bb\n              <\/div>\n<div class=\"paragraph\">\n<p>Au total, pr\u00e8s de 210\u00a0000\u00a0euros ont \u00e9t\u00e9 initialement consacr\u00e9s \u00e0 cette exp\u00e9rimentation, indiquait le conseil d\u00e9partemental lors de son lancement, soit 127\u00a0euros par \u00e9l\u00e8ve pris en charge pour moiti\u00e9 par la collectivit\u00e9. \u00ab\u00a0<i>On ne peut pas dire que c\u2019est un g\u00e2chis quand on r\u00e9alise une exp\u00e9rimentation pour aller vers le mieux, <\/i>d\u00e9fend l\u2019\u00e9lue. <i>S\u2019ent\u00eater \u00e0 aller dans ce dispositif quand une \u00e9quipe ne souhaite plus le faire, \u00e7a, cela aurait \u00e9t\u00e9 du g\u00e2chis.<\/i>\u00a0\u00bb Elle esp\u00e8re d\u00e9sormais en tirer le bilan avant de regarder plus en avant. \u00ab\u00a0<i>Pour les avoir rencontr\u00e9s, c\u2019\u00e9tait plut\u00f4t bien per\u00e7u par les parents mais aussi par les \u00e9l\u00e8ves<\/i>\u00a0\u00bb, explique-t-elle, y voyant une mani\u00e8re de lutter contre le harc\u00e8lement et d\u2019aider les familles. Une \u00e9tude de l\u2019\u00c9ducation nationale publi\u00e9e le 12\u00a0mai montrait que si les directions d\u2019\u00e9tablissement appuyaient la mesure, l\u2019uniforme \u00e9tait vu comme \u00ab\u00a0<i>une contrainte inutile<\/i>\u00a0\u00bb par la moiti\u00e9 des coll\u00e9giens.<\/p>\n<\/p><\/div>\n","protected":false},"excerpt":{"rendered":"En cette rentr&eacute;e 2024, au moment de remettre leurs nouveaux uniformes scolaires aux &eacute;l&egrave;ves du coll&egrave;ge Ch&acirc;teau-Forbin dans le 11e&nbsp;arrondissement de Marseille, la pr&eacute;sidente (DVD) du conseil &#8230;","protected":false},"author":1,"featured_media":34506,"comment_status":"open","ping_status":"open","sticky":false,"template":"","format":"standard","meta":{"footnotes":""},"categories":[3926,3925,20],"tags":[10,673,193,410,16,5974,4269],"news-destination":[3944],"news-source":[475],"is_homepage":[],"ta_other":[],"class_list":["post-34505","post","type-post","status-publish","format-standard","has-post-thumbnail","hentry","category-accueil-merge","category-accueil-third","category-societe","tag-bouches-du-rhone","tag-colleges","tag-conseil-departemental","tag-education","tag-marseille","tag-orgon","tag-uniforme","news-destination-homepage","news-source-website"],"_links":{"self":[{"href":"https:\/\/euapp01.newsmemory.com\/lamarseillaise\/news\/wp-json\/wp\/v2\/posts\/34505","targetHints":{"allow":["GET"]}}],"collection":[{"href":"https:\/\/euapp01.newsmemory.com\/lamarseillaise\/news\/wp-json\/wp\/v2\/posts"}],"about":[{"href":"https:\/\/euapp01.newsmemory.com\/lamarseillaise\/news\/wp-json\/wp\/v2\/types\/post"}],"author":[{"embeddable":true,"href":"https:\/\/euapp01.newsmemory.com\/lamarseillaise\/news\/wp-json\/wp\/v2\/users\/1"}],"replies":[{"embeddable":true,"href":"https:\/\/euapp01.newsmemory.com\/lamarseillaise\/news\/wp-json\/wp\/v2\/comments?post=34505"}],"version-history":[{"count":1,"href":"https:\/\/euapp01.newsmemory.com\/lamarseillaise\/news\/wp-json\/wp\/v2\/posts\/34505\/revisions"}],"predecessor-version":[{"id":34507,"href":"https:\/\/euapp01.newsmemory.com\/lamarseillaise\/news\/wp-json\/wp\/v2\/posts\/34505\/revisions\/34507"}],"wp:featuredmedia":[{"embeddable":true,"href":"https:\/\/euapp01.newsmemory.com\/lamarseillaise\/news\/wp-json\/wp\/v2\/media\/34506"}],"wp:attachment":[{"href":"https:\/\/euapp01.newsmemory.com\/lamarseillaise\/news\/wp-json\/wp\/v2\/media?parent=34505"}],"wp:term":[{"taxonomy":"category","embeddable":true,"href":"https:\/\/euapp01.newsmemory.com\/lamarseillaise\/news\/wp-json\/wp\/v2\/categories?post=34505"},{"taxonomy":"post_tag","embeddable":true,"href":"https:\/\/euapp01.newsmemory.com\/lamarseillaise\/news\/wp-json\/wp\/v2\/tags?post=34505"},{"taxonomy":"news-destination","embeddable":true,"href":"https:\/\/euapp01.newsmemory.com\/lamarseillaise\/news\/wp-json\/wp\/v2\/news-destination?post=34505"},{"taxonomy":"news-source","embeddable":true,"href":"https:\/\/euapp01.newsmemory.com\/lamarseillaise\/news\/wp-json\/wp\/v2\/news-source?post=34505"},{"taxonomy":"is_homepage","embeddable":true,"href":"https:\/\/euapp01.newsmemory.com\/lamarseillaise\/news\/wp-json\/wp\/v2\/is_homepage?post=34505"},{"taxonomy":"ta_other","embeddable":true,"href":"https:\/\/euapp01.newsmemory.com\/lamarseillaise\/news\/wp-json\/wp\/v2\/ta_other?post=34505"}],"curies":[{"name":"wp","href":"https:\/\/api.w.org\/{rel}","templated":true}]}}