{"id":34500,"date":"2026-06-29T07:02:00","date_gmt":"2026-06-29T05:02:00","guid":{"rendered":"https:\/\/euapp01.newsmemory.com\/lamarseillaise\/news\/?p=34500"},"modified":"2026-07-03T08:05:41","modified_gmt":"2026-07-03T06:05:41","slug":"noailles-les-habitants-se-sentent-esseules-suite-a-leffondrement","status":"publish","type":"post","link":"https:\/\/euapp01.newsmemory.com\/lamarseillaise\/news\/2026\/06\/29\/noailles-les-habitants-se-sentent-esseules-suite-a-leffondrement\/","title":{"rendered":"Noailles : les habitants se sentent esseul\u00e9s suite \u00e0 l\u2019effondrement"},"content":{"rendered":"<div class=\"paragraph\">\n<p>\u00ab <i>O<\/i><i>n a cru qu\u2019on allait mourir. Et en fait, non. Puis, il y a eu de l\u2019incompr\u00e9hension, de la sid\u00e9ration et de la col\u00e8re. Ils nous ont niqu\u00e9s nos vies pour un bon moment<\/i>\u00a0\u00bb, rappelle, les yeux embu\u00e9s mais le c\u0153ur vaillant, Jihane El Meddeb. D\u00e9log\u00e9e de son appartement du 3, rue Vacon, suite \u00e0 <a href=\"https:\/\/www.lamarseillaise.fr\/societe\/un-immeuble-en-chantier-de-la-splain-s-effondre-DG20400289\">l\u2019effondrement, jeudi 18\u00a0<\/a><a href=\"https:\/\/www.lamarseillaise.fr\/societe\/un-immeuble-en-chantier-de-la-splain-s-effondre-DG20400289\">juin \u00e0 21h, d\u2019un immeuble en chantier de la SPLA-IN situ\u00e9 sur la place Halle-Delacroix<\/a>, elle ne cesse d\u2019enrager contre cette soci\u00e9t\u00e9 publique locale d\u2019am\u00e9nagement d\u2019int\u00e9r\u00eat national. \u00ab\u00a0<i>J\u2019ai demand\u00e9 hier [vendredi] un point d\u2019information au responsable des relations citoyennes de la SPLA-IN mais z\u00e9ro retour. Tout est tomb\u00e9 mais comment peut-on savoir ce qu\u2019il s\u2019est vraiment pass\u00e9<\/i><i>\u00a0<\/i><i>?<\/i><i>\u00a0<\/i>\u00bb, s\u2019interroge-t-elle en ce samedi 27\u00a0juin, tandis que les deux passages vers la Halle-Delacroix, condamn\u00e9s, ne font qu\u2019entendre les engins des ouvriers qui s\u2019y activent.<\/p>\n<p>\u00ab\u00a0<i>Je me sens m\u00e9pris\u00e9e. On est en France quand m\u00eame. On attend toujours des informations sur la cha\u00eene de responsabilit\u00e9s dans le chantier. J\u2019ai tr\u00e8s envie de retourner chez moi, mais j\u2019ai aussi tr\u00e8s peur. On ne sera jamais rassur\u00e9s<\/i>\u00a0\u00bb, ajoute Jihane El Meddeb, pendant que certains riverains participent \u00e0 un point d\u2019information tenu par le Collectif du 5\u00a0novembre et l\u2019Assembl\u00e9e des personnes d\u00e9log\u00e9es. \u00ab<i>\u00a0<\/i><i>Il y a une fiche pour les habitants du quartier qui veulent porter plainte contre X, d\u00e9j\u00e0 pour avoir acc\u00e8s aux documents et savoir ce qu\u2019il se passe pour l\u2019enqu\u00eate<\/i>\u00a0\u00bb, indique au micro la militante Anissa Harbaoui.<\/p>\n<\/p><\/div>\n<div class=\"intext\"> \u00ab\u00a0Mutualiser nos infos\u00a0\u00bb\n              <\/div>\n<div class=\"paragraph\">\n<p>Le parquet de Marseille a ouvert une enqu\u00eate pour mise en danger de la vie d\u2019autrui. \u00ab<i>\u00a0<\/i><a href=\"https:\/\/www.lamarseillaise.fr\/societe\/la-halle-delacroix-rappelle-l-etat-d-urgence-du-centre-ville-BH20419976\"><i>Oui, il y a eu des erreurs, quelque chose d\u2019anormal qui s\u2019est pass\u00e9. C\u2019est un incident majeur dont je ne connais pas les causes r\u00e9elles<\/i>\u00a0<\/a><a href=\"https:\/\/www.lamarseillaise.fr\/societe\/la-halle-delacroix-rappelle-l-etat-d-urgence-du-centre-ville-BH20419976\">\u00bb, expliquait il y a quatre jours \u00e0 <i>La<\/i><\/a><a href=\"https:\/\/www.lamarseillaise.fr\/societe\/la-halle-delacroix-rappelle-l-etat-d-urgence-du-centre-ville-BH20419976\"><i>\u00a0<\/i><i>Marseillaise <\/i><\/a><a href=\"https:\/\/www.lamarseillaise.fr\/societe\/la-halle-delacroix-rappelle-l-etat-d-urgence-du-centre-ville-BH20419976\">Franck Caro, directeur g\u00e9n\u00e9ral de la SPLA-IN<\/a>. \u00ab\u00a0<i>Ce n\u2019est pas possible de ne pas nous informer. La r\u00e9union de ce matin est un moyen de mutualiser nos informations<\/i>\u00a0\u00bb, explique Jihane El Meddeb. D\u00e9log\u00e9e elle aussi, Margaux rappelle que, \u00ab<i>\u00a0<\/i><i>malgr\u00e9 qu\u2019on ne puisse pas acc\u00e9der \u00e0 nos logements, nous devons quand m\u00eame payer nos loyers. Nos propri\u00e9taires ou les agences immobili\u00e8res s\u2019en foutent et disent que ce n\u2019est pas \u00e0 eux de g\u00e9rer cela.<\/i>\u00a0\u00bb<\/p>\n<\/p><\/div>\n<div class=\"intext\"> Traumatismes\n              <\/div>\n<div class=\"paragraph\">\n<p>Juste avant, Mona, enfant d\u2019une petite dizaine d\u2019ann\u00e9es, t\u00e9moigne de sa \u00ab<i>\u00a0<\/i><i>peur<\/i>\u00a0\u00bb lors de la nuit de l\u2019effondrement. \u00ab\u00a0<i>Depuis une semaine, nous sommes relog\u00e9s dans un appart\u2019h\u00f4tel et nous sommes toujours dans le stress<\/i>\u00a0\u00bb, confie-t-elle. Autant de traumatismes ravivant le drame de l\u2019effondrement des num\u00e9ros 63 et 65 de la rue d\u2019Aubagne qui avaient co\u00fbt\u00e9 la vie \u00e0 huit Marseillais, le 5\u00a0novembre 2018, \u00e0 quelques m\u00e8tres de la Halle-Delacroix. \u00ab\u00a0<i>On a l\u2019impression que l\u2019histoire se r\u00e9p\u00e8te<\/i><i>\u00a0<\/i>\u00bb, regrette Laurent, du Collectif du 5\u00a0novembre. \u00ab<i>\u00a0<\/i><i>Le soir des effondrements, on a assist\u00e9 \u00e0 la m\u00eame incoh\u00e9rence et au chaos des autorit\u00e9s qu\u2019\u00e0 l\u2019\u00e9poque. Dans un premier r\u00e9flexe, tr\u00e8s grave, les pompiers disaient aux gens d\u2019aller chez des amis. Il existe pourtant \u00e0 Marseille une charte du relogement pour laquelle on s\u2019est battus. Les d\u00e9log\u00e9s doivent \u00eatre pris en charge jusqu\u2019\u00e0 la fin du sinistre<\/i>\u00a0\u00bb, dit cet habitant de Noailles et militant qui exhorte l\u2019auditoire \u00e0 se \u00ab\u00a0<i>monter en interassociations. On a vraiment besoin d\u2019un accompagnement juridique pour r\u00e9pondre aux gens dans la panade.<\/i>\u00a0\u00bb<\/p>\n<\/p><\/div>\n","protected":false},"excerpt":{"rendered":"&laquo; On a cru qu&rsquo;on allait mourir. Et en fait, non. Puis, il y a eu de l&rsquo;incompr&eacute;hension, de la sid&eacute;ration et de la col&egrave;re. Ils nous ont niqu&eacute;s nos vies pour un bon moment&nbsp;&raquo;, rappelle, les yeux &#8230;","protected":false},"author":1,"featured_media":34501,"comment_status":"open","ping_status":"open","sticky":false,"template":"","format":"standard","meta":{"footnotes":""},"categories":[3926,3925,20],"tags":[10,2723,2952,2323,1035,596,16,1004,191,1406],"news-destination":[3944],"news-source":[475],"is_homepage":[],"ta_other":[],"class_list":["post-34500","post","type-post","status-publish","format-standard","has-post-thumbnail","hentry","category-accueil-merge","category-accueil-third","category-societe","tag-bouches-du-rhone","tag-collectif-du-5-novembre","tag-effondrement","tag-habitat","tag-insalubrite","tag-logement","tag-marseille","tag-noailles","tag-politique","tag-relogement","news-destination-homepage","news-source-website"],"_links":{"self":[{"href":"https:\/\/euapp01.newsmemory.com\/lamarseillaise\/news\/wp-json\/wp\/v2\/posts\/34500","targetHints":{"allow":["GET"]}}],"collection":[{"href":"https:\/\/euapp01.newsmemory.com\/lamarseillaise\/news\/wp-json\/wp\/v2\/posts"}],"about":[{"href":"https:\/\/euapp01.newsmemory.com\/lamarseillaise\/news\/wp-json\/wp\/v2\/types\/post"}],"author":[{"embeddable":true,"href":"https:\/\/euapp01.newsmemory.com\/lamarseillaise\/news\/wp-json\/wp\/v2\/users\/1"}],"replies":[{"embeddable":true,"href":"https:\/\/euapp01.newsmemory.com\/lamarseillaise\/news\/wp-json\/wp\/v2\/comments?post=34500"}],"version-history":[{"count":1,"href":"https:\/\/euapp01.newsmemory.com\/lamarseillaise\/news\/wp-json\/wp\/v2\/posts\/34500\/revisions"}],"predecessor-version":[{"id":34502,"href":"https:\/\/euapp01.newsmemory.com\/lamarseillaise\/news\/wp-json\/wp\/v2\/posts\/34500\/revisions\/34502"}],"wp:featuredmedia":[{"embeddable":true,"href":"https:\/\/euapp01.newsmemory.com\/lamarseillaise\/news\/wp-json\/wp\/v2\/media\/34501"}],"wp:attachment":[{"href":"https:\/\/euapp01.newsmemory.com\/lamarseillaise\/news\/wp-json\/wp\/v2\/media?parent=34500"}],"wp:term":[{"taxonomy":"category","embeddable":true,"href":"https:\/\/euapp01.newsmemory.com\/lamarseillaise\/news\/wp-json\/wp\/v2\/categories?post=34500"},{"taxonomy":"post_tag","embeddable":true,"href":"https:\/\/euapp01.newsmemory.com\/lamarseillaise\/news\/wp-json\/wp\/v2\/tags?post=34500"},{"taxonomy":"news-destination","embeddable":true,"href":"https:\/\/euapp01.newsmemory.com\/lamarseillaise\/news\/wp-json\/wp\/v2\/news-destination?post=34500"},{"taxonomy":"news-source","embeddable":true,"href":"https:\/\/euapp01.newsmemory.com\/lamarseillaise\/news\/wp-json\/wp\/v2\/news-source?post=34500"},{"taxonomy":"is_homepage","embeddable":true,"href":"https:\/\/euapp01.newsmemory.com\/lamarseillaise\/news\/wp-json\/wp\/v2\/is_homepage?post=34500"},{"taxonomy":"ta_other","embeddable":true,"href":"https:\/\/euapp01.newsmemory.com\/lamarseillaise\/news\/wp-json\/wp\/v2\/ta_other?post=34500"}],"curies":[{"name":"wp","href":"https:\/\/api.w.org\/{rel}","templated":true}]}}