{"id":34495,"date":"2026-06-29T06:46:00","date_gmt":"2026-06-29T04:46:00","guid":{"rendered":"https:\/\/euapp01.newsmemory.com\/lamarseillaise\/news\/?p=34495"},"modified":"2026-07-03T07:29:21","modified_gmt":"2026-07-03T05:29:21","slug":"la-misere-encore-plus-penible-au-soleil","status":"publish","type":"post","link":"https:\/\/euapp01.newsmemory.com\/lamarseillaise\/news\/2026\/06\/29\/la-misere-encore-plus-penible-au-soleil\/","title":{"rendered":"La mis\u00e8re encore plus p\u00e9nible au soleil"},"content":{"rendered":"<div class=\"paragraph\">\n<p>Sabrina s\u2019approche timidement des tables dress\u00e9es par le Secours catholique place F\u00e9lix-Baret \u00e0 Marseille. \u00ab<i>\u00a0<\/i><i>Est-ce que vous aidez \u00e0 l\u2019h\u00e9bergement<\/i><i>\u00a0<\/i><i>?<\/i><i>\u00a0<\/i>\u00bb, s\u2019enquiert la jeune femme au visage \u00e9maci\u00e9. \u00ab\u00a0<i>Il n\u2019y a pas de place au 115. Je dors dans ma voiture, ce n\u2019est pas tr\u00e8s tranquille pour une femme seule. En plus, avec la chaleur&#8230; Mais je ne peux pas la d\u00e9placer, je n\u2019ai plus d\u2019essence<\/i>\u00a0\u00bb, justifie-t-elle. Sabrina accepte l\u2019invitation d\u2019une b\u00e9n\u00e9vole \u00e0 rejoindre les autres convives. D\u2019autant plus volontiers qu\u2019elle est \u00ab<i>\u00a0<\/i><i>\u00e0 jeun depuis deux jours<\/i>\u00a0\u00bb, priv\u00e9e \u00ab\u00a0<i>depuis le d\u00e9but du mois, sans savoir pourquoi<\/i><i>\u00a0<\/i>\u00bb de l\u2019allocation adulte handicap\u00e9.<\/p>\n<p>Ce 17\u00a0juin, l\u2019association avait organis\u00e9 une soupe fraternelle devant la pr\u00e9fecture pour interpeller les pouvoirs publics. \u00ab\u00a0<i>Nous avons franchi en 2025 le cap des 30<\/i><i>\u00a0<\/i><i>000<\/i><i>\u00a0<\/i><i>rencontres en une ann\u00e9e, 15% de plus que l\u2019ann\u00e9e pr\u00e9c\u00e9dente, 50% de plus qu\u2019il y a dix ans<\/i>\u00a0\u00bb, explique Julien Moisan, charg\u00e9 de plaidoyer de la d\u00e9l\u00e9gation marseillaise. Les 2,7\u00a0millions d\u2019euros par an d\u00e9di\u00e9s par la pr\u00e9fecture des Bouches-du-Rh\u00f4ne aux 2\u00a0000\u00a0repas par jour pour les personnes mises \u00e0 l\u2019abri \u00e0 l\u2019h\u00f4tel ou dans la rue et les 400\u00a0000\u00a0euros allou\u00e9s aux acteurs de la veille sociale ne suffisent pas \u00e0 r\u00e9pondre aux besoins qui explosent.<\/p>\n<p>Au lendemain de son action coup de poing sur la table, le Secours catholique a repris ses maraudes. Mercredi 24\u00a0juin, le d\u00e9partement est plac\u00e9 en vigilance orange. Fran\u00e7oise, Marc et R\u00e9my ont fait le plein du camion\u00a0: une centaine de bouteilles d\u2019eau, presque autant de lait, 16\u00a0litres de soupe, une glaci\u00e8re de p\u00e2tes, des portions de fromage et des dizaines de baguettes de pain, caf\u00e9, th\u00e9 et cacao. Apr\u00e8s un appel au 115, la camionnette part sillonner les rues de Sainte-Anne \u00e0 la pr\u00e9fecture, en passant par les h\u00f4pitaux Saint-Joseph et la Timone. R\u00e9my ajoute la rue d\u2019Aubagne. O\u00f9 l\u2019\u00e9quipe de la veille, qui a rencontr\u00e9 90\u00a0personnes, \u00ab\u00a0<i>en a signal\u00e9 de nouvelles<\/i><i>\u00a0<\/i>\u00bb, pr\u00e9cise le conducteur.<\/p>\n<p>Un premier arr\u00eat pour s\u2019enqu\u00e9rir de la sant\u00e9 d\u2019une quinquag\u00e9naire qui s\u2019est am\u00e9nag\u00e9 un abri discret derri\u00e8re les lauriers au bout d\u2019un parking, qu\u2019elle tient propre. Elle ne r\u00e9clame que de l\u2019eau. Un homme, \u00e9galement habitu\u00e9 de la maraude, s\u2019approche pour un caf\u00e9 et un bol de soupe et demande un rasoir. Autre halte au pied de l\u2019\u00e9glise de Saint-Giniez o\u00f9 quatre hommes sont assis sur les marches et deux adolescents sur un muret. Tous ont les traits tir\u00e9s. Aucun d\u2019eux n\u2019a mang\u00e9 depuis la veille. L\u2019un d\u2019eux loue \u00ab\u00a0<i>une<\/i> <i>chambre de<\/i> <i>8m<\/i><i><sup>2<\/sup><\/i><i>, pour 400<\/i><i>\u00a0<\/i><i>euros, sans eau potable<\/i>\u00a0\u00bb, pr\u00e9cise-t-il. \u00c9puis\u00e9 par la chaleur, il a \u00ab\u00a0<i>dormi toute la journ\u00e9e<\/i>\u00a0\u00bb.<\/p>\n<\/p><\/div>\n<div class=\"intext\"> Apr\u00e8s 21h, c\u2019est le rush\n              <\/div>\n<div class=\"paragraph\">\n<p>Face \u00e0 l\u2019h\u00f4pital, une femme est assoupie dans une voiture. \u00ab\u00a0<i>Elle y attend la sortie de son mari hospitalis\u00e9, pr\u00e9vue pour le lendemain. L\u2019h\u00f4tel c\u2019est pas dans leurs moyens<\/i>\u00a0\u00bb, rapporte R\u00e9my qui lui a apport\u00e9 une soupe. Plus on s\u2019enfonce dans la nuit, plus les moments de rush s\u2019encha\u00eenent autour de la camionnette. Devant un garage du Prado, le v\u00e9hicule est rep\u00e9r\u00e9 avant m\u00eame qu\u2019il se gare. Une vingtaine de personnes afflue. Entre deux caf\u00e9s et un chocolat distribu\u00e9s, R\u00e9my informe et donne le plan des points d\u2019accueil pour SDF. L\u2019\u00e9quipe est chaleureuse et la soupe r\u00e9put\u00e9e excellente. Mais \u00ab\u00a0<i>on aimerait qu\u2019ils aient plus de temps pour taper un brin de causette<\/i><i>\u00a0<\/i><i>\u00bb,<\/i> l\u00e2che \u00c9liane, retrait\u00e9e toute pomponn\u00e9e qui s\u2019est r\u00e9sign\u00e9e \u00e0 la rue du fait de sa \u00ab\u00a0<i>maigre pension<\/i>\u00a0\u00bb et parcourt <i>\u00ab<\/i><i>\u00a0<\/i><i>des km par jour<\/i>\u00a0\u00bb avec ses deux amis, \u00ab\u00a0<i>pour la lessive, la douche, la clim&#8230;<\/i><i>\u00a0<\/i>\u00bb Pr\u00e8s de la pr\u00e9fecture, une quinzaine de personnes attend autour de la fontaine. \u00ab\u00a0<i>J\u2019ai un studio et l\u2019APL, mais au milieu du mois il ne me reste plus rien pour manger<\/i><i>\u00a0<\/i>\u00bb, explique un jeune au RSA. Pas mieux pour Armelle et son fils\u00a0: \u00ab\u00a0<i>\u00c7a fait cinq ans que le Secours catholique nous nourrit, nous habille. Je paye le loyer en priorit\u00e9 pour ne pas me retrouver dehors. Parfois je trouve un m\u00e9nage \u00e0 faire, \u00e7a aide.<\/i><i>\u00a0<\/i>\u00bb Tandis que Marc remplit les bols de soupe ou de p\u00e2tes \u00e0 tour de bras, elle s\u2019enquiert\u00a0: \u00ab<i>\u00a0<\/i><i>C\u2019est vendredi votre f\u00eate de l\u2019\u00e9t\u00e9<\/i><i>\u00a0<\/i><i>?<\/i><i>\u00a0<\/i>\u00bb Fran\u00e7oise lui tend une invitation.<\/p>\n<p>Il est minuit pass\u00e9 et la camionnette s\u2019est vid\u00e9e, provoquant quelques d\u00e9ceptions. \u00ab\u00a0<i>C\u2019est parfois compliqu\u00e9 \u00e0 g\u00e9rer, car il y a de plus en plus de monde et on n\u2019a pas toujours assez \u00e0 distribuer<\/i>\u00a0\u00bb, regrette Fran\u00e7oise en faisant, un peu \u00e9puis\u00e9e, le d\u00e9compte des pr\u00e9noms qu\u2019elle a consign\u00e9s toute la soir\u00e9e sur la feuille de route, avec les besoins sp\u00e9cifiques exprim\u00e9s au passage\u00a0: \u00ab\u00a0<i>96<\/i><i>\u00a0<\/i><i>personnes<\/i><i>\u00a0<\/i><i>\u00bb <\/i>au bas mot. C\u2019est <i>\u00ab<\/i><i>\u00a0<\/i><i>beaucoup plus<\/i><i>\u00a0<\/i><i>\u00bb <\/i>que lorsqu\u2019elle a d\u00e9marr\u00e9 les tourn\u00e9es il y a une quinzaine d\u2019ann\u00e9es, \u00ab<i>\u00a0<\/i><i>et \u00e7a ne laisse plus le temps du dialogue<\/i><i>\u00a0<\/i>\u00bb.<i> <\/i>Cette surfr\u00e9quentation met en tension les capacit\u00e9s logistiques et humaines des associatifs. \u00ab<i>\u00a0<\/i><i>Elle nous \u00e9carte de notre mission premi\u00e8re<\/i><i>\u00a0<\/i><i>: cr\u00e9er du lien social<\/i><i>\u00a0<\/i>\u00bb, d\u00e9plore Baptiste Jeansoulin, animateur des tourn\u00e9es de nuit, suspendues le 9\u00a0juin pour r\u00e9pondre \u00e0 l\u2019urgence et demander plus de moyens. Comme la cr\u00e9ation d\u2019un restaurant social ouvert le soir, pour \u00ab\u00a0<i>permettre aux gens de la rue de d\u00eener dignement<\/i>\u00a0\u00bb. La belle proposition du chef \u00e9toil\u00e9 S\u00e9bastien Richard avec Le\u00a0R\u00e9publique en 2021, s\u2019est \u00e9teinte fin 2025. Et le Noga, qui dresse depuis 2007 pr\u00e8s de 500\u00a0couverts par semaine le midi sur le cours Julien, est en difficult\u00e9.<\/p>\n<p>\u00ab\u00a0<i>Malgr\u00e9 un contexte budg\u00e9taire contraint, l\u2019objectif de l\u2019\u00c9tat est de garantir une reconduction des cr\u00e9dits allou\u00e9s<\/i>\u00a0\u00bb, indique la pr\u00e9fecture des Bouches-du-Rh\u00f4ne. Une \u00ab\u00a0<i>notification des cr\u00e9dits tardive<\/i><i>\u00a0<\/i>\u00bb fait que les demandes des associations \u00ab\u00a0<i>sont en cours d\u2019instruction<\/i><i>\u00a0<\/i>\u00bb, pr\u00e9cise-t-elle en annon\u00e7ant la tenue d\u2019un nouveau comit\u00e9 d\u00e9partemental de lutte contre la pr\u00e9carit\u00e9 alimentaire \u00ab<i>\u00a0<\/i><i>dans les prochaines semaines<\/i>\u00a0\u00bb.<\/p>\n<\/p><\/div>\n","protected":false},"excerpt":{"rendered":"Sabrina s&rsquo;approche timidement des tables dress&eacute;es par le Secours catholique place F&eacute;lix-Baret &agrave; Marseille. &laquo;&nbsp;Est-ce que vous aidez &agrave; l&rsquo;h&eacute;bergement&nbsp;?&nbsp;&raquo;, s&rsquo;enquiert la &#8230;","protected":false},"author":1,"featured_media":33425,"comment_status":"open","ping_status":"open","sticky":false,"template":"","format":"standard","meta":{"footnotes":""},"categories":[3926,3925,20],"tags":[1414,10,372,373,16,419,1034,3062,915],"news-destination":[3944],"news-source":[475],"is_homepage":[],"ta_other":[],"class_list":["post-34495","post","type-post","status-publish","format-standard","has-post-thumbnail","hentry","category-accueil-merge","category-accueil-third","category-societe","tag-alimentation","tag-bouches-du-rhone","tag-canicule","tag-chaleur","tag-marseille","tag-rechauffement-climatique","tag-reportage","tag-sans-abris","tag-secours-catholique","news-destination-homepage","news-source-website"],"_links":{"self":[{"href":"https:\/\/euapp01.newsmemory.com\/lamarseillaise\/news\/wp-json\/wp\/v2\/posts\/34495","targetHints":{"allow":["GET"]}}],"collection":[{"href":"https:\/\/euapp01.newsmemory.com\/lamarseillaise\/news\/wp-json\/wp\/v2\/posts"}],"about":[{"href":"https:\/\/euapp01.newsmemory.com\/lamarseillaise\/news\/wp-json\/wp\/v2\/types\/post"}],"author":[{"embeddable":true,"href":"https:\/\/euapp01.newsmemory.com\/lamarseillaise\/news\/wp-json\/wp\/v2\/users\/1"}],"replies":[{"embeddable":true,"href":"https:\/\/euapp01.newsmemory.com\/lamarseillaise\/news\/wp-json\/wp\/v2\/comments?post=34495"}],"version-history":[{"count":1,"href":"https:\/\/euapp01.newsmemory.com\/lamarseillaise\/news\/wp-json\/wp\/v2\/posts\/34495\/revisions"}],"predecessor-version":[{"id":34496,"href":"https:\/\/euapp01.newsmemory.com\/lamarseillaise\/news\/wp-json\/wp\/v2\/posts\/34495\/revisions\/34496"}],"wp:featuredmedia":[{"embeddable":true,"href":"https:\/\/euapp01.newsmemory.com\/lamarseillaise\/news\/wp-json\/wp\/v2\/media\/33425"}],"wp:attachment":[{"href":"https:\/\/euapp01.newsmemory.com\/lamarseillaise\/news\/wp-json\/wp\/v2\/media?parent=34495"}],"wp:term":[{"taxonomy":"category","embeddable":true,"href":"https:\/\/euapp01.newsmemory.com\/lamarseillaise\/news\/wp-json\/wp\/v2\/categories?post=34495"},{"taxonomy":"post_tag","embeddable":true,"href":"https:\/\/euapp01.newsmemory.com\/lamarseillaise\/news\/wp-json\/wp\/v2\/tags?post=34495"},{"taxonomy":"news-destination","embeddable":true,"href":"https:\/\/euapp01.newsmemory.com\/lamarseillaise\/news\/wp-json\/wp\/v2\/news-destination?post=34495"},{"taxonomy":"news-source","embeddable":true,"href":"https:\/\/euapp01.newsmemory.com\/lamarseillaise\/news\/wp-json\/wp\/v2\/news-source?post=34495"},{"taxonomy":"is_homepage","embeddable":true,"href":"https:\/\/euapp01.newsmemory.com\/lamarseillaise\/news\/wp-json\/wp\/v2\/is_homepage?post=34495"},{"taxonomy":"ta_other","embeddable":true,"href":"https:\/\/euapp01.newsmemory.com\/lamarseillaise\/news\/wp-json\/wp\/v2\/ta_other?post=34495"}],"curies":[{"name":"wp","href":"https:\/\/api.w.org\/{rel}","templated":true}]}}