{"id":34492,"date":"2026-06-29T06:36:00","date_gmt":"2026-06-29T04:36:00","guid":{"rendered":"https:\/\/euapp01.newsmemory.com\/lamarseillaise\/news\/?p=34492"},"modified":"2026-06-29T10:04:13","modified_gmt":"2026-06-29T08:04:13","slug":"un-ete-de-plomb","status":"publish","type":"post","link":"https:\/\/euapp01.newsmemory.com\/lamarseillaise\/news\/2026\/06\/29\/un-ete-de-plomb\/","title":{"rendered":"Un \u00e9t\u00e9 de plomb"},"content":{"rendered":"<div class=\"paragraph\">\n<p>L\u2019\u00e9t\u00e9 est aussi cruel que l\u2019hiver pour les sans-abri. 960 d\u2019entre eux sont d\u00e9c\u00e9d\u00e9s l\u2019an pass\u00e9, selon le d\u00e9compte -non exhaustif- r\u00e9alis\u00e9 par l\u2019association Morts dans la rue, aupr\u00e8s des associations, collectivit\u00e9s et structures d\u2019entraide. Il y en a d\u00e9j\u00e0 260 depuis le d\u00e9but de l\u2019ann\u00e9e.<br \/>Deux autres \u00e0 Argenteuil, mercredi, un autre encore, jeudi, retrouv\u00e9 mort dans un square \u00e0 Angers, et encore un autre \u00e0 Nantes&#8230; Une h\u00e9catombe silencieuse pendant les longues journ\u00e9es d\u2019\u00e9t\u00e9 \u00e9touffantes. Et ils ne sont pas les seuls \u00e0 tomber, il y a aussi les mal-log\u00e9s, plus de 4\u00a0millions de personnes, qui \u00ab\u00a0<i>donnent la priorit\u00e9 au loyer<\/i>\u00a0\u00bb quitte \u00e0 se priver de repas&#8230; Ceux \u00e0 qui le ministre du Logement voudrait refourguer les bouilloires thermiques, comme il l\u2019a tr\u00e8s s\u00e9rieusement annonc\u00e9 cette semaine, en pleine canicule.<\/p>\n<p>Lorsque le cynisme le dispute \u00e0 l\u2019ind\u00e9cence, il semble difficile<br \/>d\u2019en appeler \u00e0 l\u2019\u00c9tat, au gouvernement et \u00e0 ses repr\u00e9sentants, pour r\u00e9pondre \u00e0 l\u2019urgence vitale que constituent les vagues de chaleur pour les plus d\u00e9munis. Et pourtant.<\/p>\n<p><b>Des villes pas ou peu adapt\u00e9es<\/b><\/p>\n<p>Ce danger permanent tient d\u2019un bilan d\u2019\u00e9tape\u00a0: malgr\u00e9 les efforts de villes comme Marseille, qui a fait de l\u2019acc\u00e8s \u00e0 l\u2019eau dans l\u2019espace public et de la cr\u00e9ation d\u2019\u00eelots de fra\u00eecheur des priorit\u00e9s, les communes restent encore pas ou peu adapt\u00e9es aux crises climatiques apr\u00e8s des d\u00e9cennies de b\u00e9tonisation intensive.<\/p>\n<p>C\u2019est aussi le constat d\u2019une soci\u00e9t\u00e9 qui laisse sur le bord de la route des millions de citoyens, et dont la survie d\u00e9pend souvent de l\u2019action de b\u00e9n\u00e9voles dont les structures sont elles-m\u00eames menac\u00e9es par<br \/>les plans d\u2019aust\u00e9rit\u00e9 successifs. Et les \u00e9t\u00e9s de plomb se succ\u00e8dent.<\/p>\n<\/p><\/div>\n","protected":false},"excerpt":{"rendered":"L&rsquo;&eacute;t&eacute; est aussi cruel que l&rsquo;hiver pour les sans-abri. 960 d&rsquo;entre eux sont d&eacute;c&eacute;d&eacute;s l&rsquo;an pass&eacute;, selon le d&eacute;compte -non exhaustif- r&eacute;alis&eacute; par l&rsquo;association &#8230;","protected":false},"author":1,"featured_media":34493,"comment_status":"open","ping_status":"open","sticky":false,"template":"","format":"standard","meta":{"footnotes":""},"categories":[332],"tags":[874,3710,372,309,1372,1900,572,4046,596,419,3062],"news-destination":[],"news-source":[475],"is_homepage":[],"ta_other":[],"class_list":["post-34492","post","type-post","status-publish","format-standard","has-post-thumbnail","hentry","category-edito","tag-austerite","tag-betonisation","tag-canicule","tag-eau","tag-editoriaux","tag-etat","tag-france","tag-ilots-de-fraicheur","tag-logement","tag-rechauffement-climatique","tag-sans-abris","news-source-website"],"_links":{"self":[{"href":"https:\/\/euapp01.newsmemory.com\/lamarseillaise\/news\/wp-json\/wp\/v2\/posts\/34492","targetHints":{"allow":["GET"]}}],"collection":[{"href":"https:\/\/euapp01.newsmemory.com\/lamarseillaise\/news\/wp-json\/wp\/v2\/posts"}],"about":[{"href":"https:\/\/euapp01.newsmemory.com\/lamarseillaise\/news\/wp-json\/wp\/v2\/types\/post"}],"author":[{"embeddable":true,"href":"https:\/\/euapp01.newsmemory.com\/lamarseillaise\/news\/wp-json\/wp\/v2\/users\/1"}],"replies":[{"embeddable":true,"href":"https:\/\/euapp01.newsmemory.com\/lamarseillaise\/news\/wp-json\/wp\/v2\/comments?post=34492"}],"version-history":[{"count":1,"href":"https:\/\/euapp01.newsmemory.com\/lamarseillaise\/news\/wp-json\/wp\/v2\/posts\/34492\/revisions"}],"predecessor-version":[{"id":34494,"href":"https:\/\/euapp01.newsmemory.com\/lamarseillaise\/news\/wp-json\/wp\/v2\/posts\/34492\/revisions\/34494"}],"wp:featuredmedia":[{"embeddable":true,"href":"https:\/\/euapp01.newsmemory.com\/lamarseillaise\/news\/wp-json\/wp\/v2\/media\/34493"}],"wp:attachment":[{"href":"https:\/\/euapp01.newsmemory.com\/lamarseillaise\/news\/wp-json\/wp\/v2\/media?parent=34492"}],"wp:term":[{"taxonomy":"category","embeddable":true,"href":"https:\/\/euapp01.newsmemory.com\/lamarseillaise\/news\/wp-json\/wp\/v2\/categories?post=34492"},{"taxonomy":"post_tag","embeddable":true,"href":"https:\/\/euapp01.newsmemory.com\/lamarseillaise\/news\/wp-json\/wp\/v2\/tags?post=34492"},{"taxonomy":"news-destination","embeddable":true,"href":"https:\/\/euapp01.newsmemory.com\/lamarseillaise\/news\/wp-json\/wp\/v2\/news-destination?post=34492"},{"taxonomy":"news-source","embeddable":true,"href":"https:\/\/euapp01.newsmemory.com\/lamarseillaise\/news\/wp-json\/wp\/v2\/news-source?post=34492"},{"taxonomy":"is_homepage","embeddable":true,"href":"https:\/\/euapp01.newsmemory.com\/lamarseillaise\/news\/wp-json\/wp\/v2\/is_homepage?post=34492"},{"taxonomy":"ta_other","embeddable":true,"href":"https:\/\/euapp01.newsmemory.com\/lamarseillaise\/news\/wp-json\/wp\/v2\/ta_other?post=34492"}],"curies":[{"name":"wp","href":"https:\/\/api.w.org\/{rel}","templated":true}]}}