{"id":34477,"date":"2026-06-27T10:00:00","date_gmt":"2026-06-27T08:00:00","guid":{"rendered":"https:\/\/euapp01.newsmemory.com\/lamarseillaise\/news\/?p=34477"},"modified":"2026-07-02T07:54:47","modified_gmt":"2026-07-02T05:54:47","slug":"le-tribunal-administratif-donne-raison-a-la-centrale","status":"publish","type":"post","link":"https:\/\/euapp01.newsmemory.com\/lamarseillaise\/news\/2026\/06\/27\/le-tribunal-administratif-donne-raison-a-la-centrale\/","title":{"rendered":"Le tribunal administratif donne raison \u00e0 la centrale"},"content":{"rendered":"<div class=\"paragraph\">\n<p>La centrale biomasse de Provence peut tourner sans entrave. Ce vendredi, la cour administrative d\u2019appel de Marseille a rendu son jugement quant \u00e0 l\u2019autorisation d\u2019exploitation de la centrale thermique d\u00e9tenue par Gazelenergie, suite \u00e0 une audience tenue deux semaines auparavant <a href=\"https:\/\/www.lamarseillaise.fr\/environnement\/l-impact-de-la-centrale-thermique-de-retour-en-justice-EE20358682\">(lire notre article du 13\/06)<\/a>. Pour rappel, plusieurs associations demandaient l\u2019annulation du dernier arr\u00eat\u00e9 pr\u00e9fectoral permettant l\u2019exploitation de la centrale, dernier \u00e9pisode d\u2019un feuilleton juridique s\u2019\u00e9talant sur plusieurs ann\u00e9es. Apr\u00e8s plusieurs recours contre une premi\u00e8re autorisation, qui avait entra\u00een\u00e9 de nouvelles \u00e9tudes sur l\u2019impact de l\u2019approvisionnement en bois de la centrale, la cour d\u2019appel estime que \u00ab\u00a0<i>l\u2019information relative aux effets sur l\u2019environnement de son approvisionnement en bois est d\u00e9sormais suffisante et l\u2019autorisation environnementale conforme au droit<\/i><i>\u00a0<\/i>\u00bb. En r\u00e9sum\u00e9, toutes les demandes des associations ont \u00e9t\u00e9 rejet\u00e9es par la cour d\u2019appel\u00a0: \u00ab\u00a0<i>L\u2019enqu\u00eate publique compl\u00e9mentaire s\u2019est d\u00e9roul\u00e9e dans des conditions r\u00e9guli\u00e8res et il a \u00e9t\u00e9 suffisamment rem\u00e9di\u00e9 aux lacunes qui affectaient les \u00e9tudes initiales<\/i><i>\u00a0<\/i>\u00bb, \u00e9crivent les juges dans le d\u00e9lib\u00e9r\u00e9 que nous avons pu nous procurer. \u00ab\u00a0<i>GazelEnergie se r\u00e9jouit de cette confirmation qui permet de continuer l\u2019exploitation de la centrale dans un cadre juridique stabilis\u00e9 et poursuit ses activit\u00e9s dans le strict respect du cadre r\u00e9glementaire applicable<\/i><i>\u00a0<\/i>\u00bb, r\u00e9agit Fr\u00e9d\u00e9ric Faroche, pr\u00e9sident de GazelEnergie.<\/p>\n<\/p><\/div>\n","protected":false},"excerpt":{"rendered":"La centrale biomasse de Provence peut tourner sans entrave. Ce vendredi, la cour administrative d&rsquo;appel de Marseille a rendu son jugement quant &agrave; l&rsquo;autorisation d&rsquo;exploitation de la centrale thermique d&eacute;tenue par &#8230;","protected":false},"author":1,"featured_media":34882,"comment_status":"open","ping_status":"open","sticky":false,"template":"","format":"standard","meta":{"footnotes":""},"categories":[3926,3925,338],"tags":[1062,138,1426,10,626,233,831,1543,790],"news-destination":[3944],"news-source":[475],"is_homepage":[],"ta_other":[],"class_list":["post-34477","post","type-post","status-publish","format-standard","has-post-thumbnail","hentry","category-accueil-merge","category-accueil-third","category-economie","tag-arrete","tag-associations","tag-biomasse","tag-bouches-du-rhone","tag-centrale-de-gardanne","tag-ecologistes","tag-gardanne","tag-gazelenergie","tag-tribunal-administratif","news-destination-homepage","news-source-website"],"_links":{"self":[{"href":"https:\/\/euapp01.newsmemory.com\/lamarseillaise\/news\/wp-json\/wp\/v2\/posts\/34477","targetHints":{"allow":["GET"]}}],"collection":[{"href":"https:\/\/euapp01.newsmemory.com\/lamarseillaise\/news\/wp-json\/wp\/v2\/posts"}],"about":[{"href":"https:\/\/euapp01.newsmemory.com\/lamarseillaise\/news\/wp-json\/wp\/v2\/types\/post"}],"author":[{"embeddable":true,"href":"https:\/\/euapp01.newsmemory.com\/lamarseillaise\/news\/wp-json\/wp\/v2\/users\/1"}],"replies":[{"embeddable":true,"href":"https:\/\/euapp01.newsmemory.com\/lamarseillaise\/news\/wp-json\/wp\/v2\/comments?post=34477"}],"version-history":[{"count":1,"href":"https:\/\/euapp01.newsmemory.com\/lamarseillaise\/news\/wp-json\/wp\/v2\/posts\/34477\/revisions"}],"predecessor-version":[{"id":34479,"href":"https:\/\/euapp01.newsmemory.com\/lamarseillaise\/news\/wp-json\/wp\/v2\/posts\/34477\/revisions\/34479"}],"wp:featuredmedia":[{"embeddable":true,"href":"https:\/\/euapp01.newsmemory.com\/lamarseillaise\/news\/wp-json\/wp\/v2\/media\/34882"}],"wp:attachment":[{"href":"https:\/\/euapp01.newsmemory.com\/lamarseillaise\/news\/wp-json\/wp\/v2\/media?parent=34477"}],"wp:term":[{"taxonomy":"category","embeddable":true,"href":"https:\/\/euapp01.newsmemory.com\/lamarseillaise\/news\/wp-json\/wp\/v2\/categories?post=34477"},{"taxonomy":"post_tag","embeddable":true,"href":"https:\/\/euapp01.newsmemory.com\/lamarseillaise\/news\/wp-json\/wp\/v2\/tags?post=34477"},{"taxonomy":"news-destination","embeddable":true,"href":"https:\/\/euapp01.newsmemory.com\/lamarseillaise\/news\/wp-json\/wp\/v2\/news-destination?post=34477"},{"taxonomy":"news-source","embeddable":true,"href":"https:\/\/euapp01.newsmemory.com\/lamarseillaise\/news\/wp-json\/wp\/v2\/news-source?post=34477"},{"taxonomy":"is_homepage","embeddable":true,"href":"https:\/\/euapp01.newsmemory.com\/lamarseillaise\/news\/wp-json\/wp\/v2\/is_homepage?post=34477"},{"taxonomy":"ta_other","embeddable":true,"href":"https:\/\/euapp01.newsmemory.com\/lamarseillaise\/news\/wp-json\/wp\/v2\/ta_other?post=34477"}],"curies":[{"name":"wp","href":"https:\/\/api.w.org\/{rel}","templated":true}]}}