{"id":34474,"date":"2026-06-27T10:01:00","date_gmt":"2026-06-27T08:01:00","guid":{"rendered":"https:\/\/euapp01.newsmemory.com\/lamarseillaise\/news\/?p=34474"},"modified":"2026-07-02T07:54:47","modified_gmt":"2026-07-02T05:54:47","slug":"corinne-innesti-nous-avons-tres-peur-que-taxes-et-impots-augmentent","status":"publish","type":"post","link":"https:\/\/euapp01.newsmemory.com\/lamarseillaise\/news\/2026\/06\/27\/corinne-innesti-nous-avons-tres-peur-que-taxes-et-impots-augmentent\/","title":{"rendered":"Corinne Innesti : \u00ab&nbsp;Nous avons tr\u00e8s peur que taxes et imp\u00f4ts augmentent&nbsp;\u00bb"},"content":{"rendered":"<div class=\"paragraph\">\n<p><b>La Marseillaise<\/b><b>\u00a0<\/b><b>:<\/b><b> Quel est l\u2019impact actuel sur les entreprises de la crise budg\u00e9taire que traverse la M\u00e9tropole<\/b><b>\u00a0<\/b><b>? <\/b><\/p>\n<p>Corinne Innesti : Ce n\u2019est pas que les entreprises qui sont concern\u00e9es, c\u2019est aussi les municipalit\u00e9s qui auront peut-\u00eatre moins de budget, donc moins d\u2019accompagnement des entreprises. Nous avons tr\u00e8s peur que les taux augmentent et qu\u2019il y ait une taxe encore plus importante, alors qu\u2019on voudrait plut\u00f4t des baisses de taxes au niveau des entreprises. On a aussi peur d\u2019une hausse de l\u2019imp\u00f4t foncier. Ce n\u2019est pas le cas, mais on n\u2019est pas \u00e0 l\u2019abri que ce budget entra\u00eene des hausses d\u2019imp\u00f4ts. Quelque part, on esp\u00e8re que ce soit l\u2019occasion pour la M\u00e9tropole de revoir son fonctionnement et de r\u00e9duire ses d\u00e9penses.<\/p>\n<p><b>Quelle est votre position sur la hausse du versement mobilit\u00e9 ?<\/b><\/p>\n<p>C.I. : On a montr\u00e9 un front uni r\u00e9cemment, avec les organisations interprofessionnelles et professionnelles, pour dire qu\u2019on est tous contre, et contre d\u2019ailleurs aussi le gel des exon\u00e9rations des charges sociales. Le front, c\u2019est toutes les entreprises que nous repr\u00e9sentons et toutes les organisations patronales et f\u00e9d\u00e9rations qui sont unies pour d\u00e9noncer la hausse des taxes.<\/p>\n<p><b>Quel est l\u2019\u00e9tat du tissu \u00e9conomique dans <br \/>le d\u00e9partement ?<\/b><\/p>\n<p>C.I. : C\u2019est une ann\u00e9e record pour les d\u00e9faillances. On \u00e9tait un petit peu mieux au niveau des chiffres, le d\u00e9partement des Bouches-du-Rh\u00f4ne n\u2019\u00e9tait pas le dernier, il y avait un redressement. L\u00e0, malheureusement, on est concern\u00e9s, nous aussi, par ces d\u00e9faillances, ces baisses de marge, c\u2019est-\u00e0-dire qu\u2019on ne r\u00e9percute pas les hausses. On avait parl\u00e9 jusqu\u2019\u00e0 pr\u00e9sent d\u2019agilit\u00e9, de r\u00e9silience. Aujourd\u2019hui, c\u2019est plus de la r\u00e9sistance qu\u2019on est en train de faire.<\/p>\n<\/p><\/div>\n","protected":false},"excerpt":{"rendered":"La Marseillaise&nbsp;: Quel est l&rsquo;impact actuel sur les entreprises de la crise budg&eacute;taire que traverse la M&eacute;tropole&nbsp;? Corinne Innesti : Ce n&rsquo;est pas que les entreprises qui sont concern&eacute;es, c&rsquo;est aussi &#8230;","protected":false},"author":1,"featured_media":34475,"comment_status":"open","ping_status":"open","sticky":false,"template":"","format":"standard","meta":{"footnotes":""},"categories":[3926,3925,338],"tags":[10,430,835,486,16,535,844],"news-destination":[3944],"news-source":[475],"is_homepage":[],"ta_other":[],"class_list":["post-34474","post","type-post","status-publish","format-standard","has-post-thumbnail","hentry","category-accueil-merge","category-accueil-third","category-economie","tag-bouches-du-rhone","tag-budget","tag-cpme","tag-entreprises","tag-marseille","tag-metropole","tag-pme","news-destination-homepage","news-source-website"],"_links":{"self":[{"href":"https:\/\/euapp01.newsmemory.com\/lamarseillaise\/news\/wp-json\/wp\/v2\/posts\/34474","targetHints":{"allow":["GET"]}}],"collection":[{"href":"https:\/\/euapp01.newsmemory.com\/lamarseillaise\/news\/wp-json\/wp\/v2\/posts"}],"about":[{"href":"https:\/\/euapp01.newsmemory.com\/lamarseillaise\/news\/wp-json\/wp\/v2\/types\/post"}],"author":[{"embeddable":true,"href":"https:\/\/euapp01.newsmemory.com\/lamarseillaise\/news\/wp-json\/wp\/v2\/users\/1"}],"replies":[{"embeddable":true,"href":"https:\/\/euapp01.newsmemory.com\/lamarseillaise\/news\/wp-json\/wp\/v2\/comments?post=34474"}],"version-history":[{"count":1,"href":"https:\/\/euapp01.newsmemory.com\/lamarseillaise\/news\/wp-json\/wp\/v2\/posts\/34474\/revisions"}],"predecessor-version":[{"id":34476,"href":"https:\/\/euapp01.newsmemory.com\/lamarseillaise\/news\/wp-json\/wp\/v2\/posts\/34474\/revisions\/34476"}],"wp:featuredmedia":[{"embeddable":true,"href":"https:\/\/euapp01.newsmemory.com\/lamarseillaise\/news\/wp-json\/wp\/v2\/media\/34475"}],"wp:attachment":[{"href":"https:\/\/euapp01.newsmemory.com\/lamarseillaise\/news\/wp-json\/wp\/v2\/media?parent=34474"}],"wp:term":[{"taxonomy":"category","embeddable":true,"href":"https:\/\/euapp01.newsmemory.com\/lamarseillaise\/news\/wp-json\/wp\/v2\/categories?post=34474"},{"taxonomy":"post_tag","embeddable":true,"href":"https:\/\/euapp01.newsmemory.com\/lamarseillaise\/news\/wp-json\/wp\/v2\/tags?post=34474"},{"taxonomy":"news-destination","embeddable":true,"href":"https:\/\/euapp01.newsmemory.com\/lamarseillaise\/news\/wp-json\/wp\/v2\/news-destination?post=34474"},{"taxonomy":"news-source","embeddable":true,"href":"https:\/\/euapp01.newsmemory.com\/lamarseillaise\/news\/wp-json\/wp\/v2\/news-source?post=34474"},{"taxonomy":"is_homepage","embeddable":true,"href":"https:\/\/euapp01.newsmemory.com\/lamarseillaise\/news\/wp-json\/wp\/v2\/is_homepage?post=34474"},{"taxonomy":"ta_other","embeddable":true,"href":"https:\/\/euapp01.newsmemory.com\/lamarseillaise\/news\/wp-json\/wp\/v2\/ta_other?post=34474"}],"curies":[{"name":"wp","href":"https:\/\/api.w.org\/{rel}","templated":true}]}}