{"id":34471,"date":"2026-06-27T10:02:00","date_gmt":"2026-06-27T08:02:00","guid":{"rendered":"https:\/\/euapp01.newsmemory.com\/lamarseillaise\/news\/?p=34471"},"modified":"2026-07-02T07:54:47","modified_gmt":"2026-07-02T05:54:47","slug":"nicolas-pagnol-signe-un-pastis-avec-guillaume-ferroni","status":"publish","type":"post","link":"https:\/\/euapp01.newsmemory.com\/lamarseillaise\/news\/2026\/06\/27\/nicolas-pagnol-signe-un-pastis-avec-guillaume-ferroni\/","title":{"rendered":"Nicolas Pagnol signe un pastis avec Guillaume Ferroni"},"content":{"rendered":"<div class=\"paragraph\">\n<p>J<i>\u2019aime bien l\u2019ap\u00e9ro, je voulais mon pastis. Pour moi, c\u2019est le symbole de la Provence, de l\u2019amiti\u00e9. Je l\u2019ai fait par passion<\/i><i>\u00a0<\/i><i>\u00bb, <\/i>lance joyeusement Nicolas Pagnol depuis la colline de la Treille. L\u2019odeur de la garrigue, le chant des cigales lui font remonter le temps. Il poursuit <i>\u00ab<\/i><i>\u00a0<\/i><i>\u00c7a faisait longtemps que j\u2019y pensais, je voulais r\u00e9habiliter mon enfance avec un pastis de comptoir au go\u00fbt de r\u00e9glisse et d\u2019anis.<\/i><i>\u00a0<\/i><i>\u00bb<\/i><\/p>\n<p>La maison Ferroni passionn\u00e9e<b> <\/b>par la cr\u00e9ation de spiritueux effectue r\u00e9guli\u00e8rement des collaborations. Guillaume Ferroni, historien-distillateur raconte sa rencontre avec Nicolas Pagnol\u00a0: <i>\u00ab Il m\u2019a fait part de son envie de cr\u00e9er un pastis qui ferait \u00e9cho aux collines du Garlaban. Nous nous sommes rapproch\u00e9s comme \u00e7a. Avec Aur\u00e9lien mon ma\u00eetre de chai, nous avons fait des balades dans la colline jusqu\u2019\u00e0 la maison d\u2019Ang\u00e8le pour faire \u00e9tat des plantes fra\u00eeches n\u00e9cessaires pour ce pastis de garrigue.<\/i><i>\u00a0<\/i><i>\u00bb<\/i><\/p>\n<p><i><\/i><\/p>\n<\/p><\/div>\n<div class=\"intext\"> Breuvage populaire\n              <\/div>\n<div class=\"paragraph\">\n<p>Historiquement, le pastis est un produit domestique, sans alambic, issu d\u2019une mac\u00e9ration \u00e0 froid.<i> \u00ab<\/i><i>\u00a0<\/i><i>C\u2019est de la tisane, du coup on retranscrit totalement l\u2019ar\u00f4me de la plante<\/i><i>\u00a0<\/i><i>\u00bb, <\/i>d\u00e9taille Guillaume Ferroni. Selon le cahier des charges <i>\u00ab<\/i><i>\u00a0<\/i><i>on retrouve 6 plantes du terroir et colline, et les deux plantes obligatoires soit l\u2019anis et le r\u00e9glisse. Un produit typiquement m\u00e9diterran\u00e9en.<\/i><i>\u00a0<\/i><i>\u00bb <\/i>Nicolas Pagnol raconte avoir cog\u00e9r\u00e9 le d\u00e9veloppement gustatif\u00a0: <i>\u00ab<\/i><i>\u00a0<\/i><i>Avec mes petites \u00e9prouvettes, je me suis pris pour un chimiste.<\/i><i>\u00a0<\/i><i>\u00bb<\/i> L\u2019enthousiasme est r\u00e9el. Avec ses 45 degr\u00e9s, de l\u2019avis de tous, il est important de le consommer avec mod\u00e9ration, m\u00eame en p\u00e9riode de forte chaleur. Et Nicolas Pagnol cite Fernandel\u00a0: <i>\u00ab<\/i><i>\u00a0<\/i><i>Le pastis, c\u2019est comme les seins<\/i><i>\u00a0<\/i><i>: un, c\u2019est pas assez et trois, c\u2019est trop.<\/i><i>\u00a0<\/i><i>\u00bb <\/i><\/p>\n<\/p><\/div>\n<div class=\"paragraph\">\n<p><i>Pastis Taoum\u00e9. 26 euros.<\/i><\/p>\n<\/p><\/div>\n","protected":false},"excerpt":{"rendered":"J&rsquo;aime bien l&rsquo;ap&eacute;ro, je voulais mon pastis. Pour moi, c&rsquo;est le symbole de la Provence, de l&rsquo;amiti&eacute;. Je l&rsquo;ai fait par passion&nbsp;&raquo;, lance joyeusement Nicolas Pagnol depuis la colline de la Treille. &#8230;","protected":false},"author":1,"featured_media":34472,"comment_status":"open","ping_status":"open","sticky":false,"template":"","format":"standard","meta":{"footnotes":""},"categories":[3926,3925,20],"tags":[10,373,3100,2919,3935,5972,5971,5973,4881,2277,4882,4233,5970],"news-destination":[3944],"news-source":[475],"is_homepage":[],"ta_other":[],"class_list":["post-34471","post","type-post","status-publish","format-standard","has-post-thumbnail","hentry","category-accueil-merge","category-accueil-third","category-societe","tag-bouches-du-rhone","tag-chaleur","tag-collaboration","tag-collines","tag-froid","tag-garrigue","tag-maison-ferroni","tag-nicolas-pagnol","tag-pastis","tag-plantes","tag-spiritueux","tag-symbole","tag-tisane","news-destination-homepage","news-source-website"],"_links":{"self":[{"href":"https:\/\/euapp01.newsmemory.com\/lamarseillaise\/news\/wp-json\/wp\/v2\/posts\/34471","targetHints":{"allow":["GET"]}}],"collection":[{"href":"https:\/\/euapp01.newsmemory.com\/lamarseillaise\/news\/wp-json\/wp\/v2\/posts"}],"about":[{"href":"https:\/\/euapp01.newsmemory.com\/lamarseillaise\/news\/wp-json\/wp\/v2\/types\/post"}],"author":[{"embeddable":true,"href":"https:\/\/euapp01.newsmemory.com\/lamarseillaise\/news\/wp-json\/wp\/v2\/users\/1"}],"replies":[{"embeddable":true,"href":"https:\/\/euapp01.newsmemory.com\/lamarseillaise\/news\/wp-json\/wp\/v2\/comments?post=34471"}],"version-history":[{"count":1,"href":"https:\/\/euapp01.newsmemory.com\/lamarseillaise\/news\/wp-json\/wp\/v2\/posts\/34471\/revisions"}],"predecessor-version":[{"id":34473,"href":"https:\/\/euapp01.newsmemory.com\/lamarseillaise\/news\/wp-json\/wp\/v2\/posts\/34471\/revisions\/34473"}],"wp:featuredmedia":[{"embeddable":true,"href":"https:\/\/euapp01.newsmemory.com\/lamarseillaise\/news\/wp-json\/wp\/v2\/media\/34472"}],"wp:attachment":[{"href":"https:\/\/euapp01.newsmemory.com\/lamarseillaise\/news\/wp-json\/wp\/v2\/media?parent=34471"}],"wp:term":[{"taxonomy":"category","embeddable":true,"href":"https:\/\/euapp01.newsmemory.com\/lamarseillaise\/news\/wp-json\/wp\/v2\/categories?post=34471"},{"taxonomy":"post_tag","embeddable":true,"href":"https:\/\/euapp01.newsmemory.com\/lamarseillaise\/news\/wp-json\/wp\/v2\/tags?post=34471"},{"taxonomy":"news-destination","embeddable":true,"href":"https:\/\/euapp01.newsmemory.com\/lamarseillaise\/news\/wp-json\/wp\/v2\/news-destination?post=34471"},{"taxonomy":"news-source","embeddable":true,"href":"https:\/\/euapp01.newsmemory.com\/lamarseillaise\/news\/wp-json\/wp\/v2\/news-source?post=34471"},{"taxonomy":"is_homepage","embeddable":true,"href":"https:\/\/euapp01.newsmemory.com\/lamarseillaise\/news\/wp-json\/wp\/v2\/is_homepage?post=34471"},{"taxonomy":"ta_other","embeddable":true,"href":"https:\/\/euapp01.newsmemory.com\/lamarseillaise\/news\/wp-json\/wp\/v2\/ta_other?post=34471"}],"curies":[{"name":"wp","href":"https:\/\/api.w.org\/{rel}","templated":true}]}}