{"id":34468,"date":"2026-06-27T10:03:01","date_gmt":"2026-06-27T08:03:01","guid":{"rendered":"https:\/\/euapp01.newsmemory.com\/lamarseillaise\/news\/?p=34468"},"modified":"2026-07-02T07:59:19","modified_gmt":"2026-07-02T05:59:19","slug":"la-vigilance-postale-alerte-sur-les-fermetures-estivales-a-martigues","status":"publish","type":"post","link":"https:\/\/euapp01.newsmemory.com\/lamarseillaise\/news\/2026\/06\/27\/la-vigilance-postale-alerte-sur-les-fermetures-estivales-a-martigues\/","title":{"rendered":"La vigilance postale alerte sur les fermetures estivales \u00e0 Martigues"},"content":{"rendered":"<div class=\"paragraph\">\n<p>Une dr\u00f4le de sortie d\u2019\u00e9cole s\u2019est d\u00e9roul\u00e9e devant le groupe scolaire Robert-Desnos vendredi soir. Tambour battant, une dizaine de militants du comit\u00e9 de vigilance postale de Martigues, tracts en main, sont all\u00e9s \u00e0 la rencontre des parents venus r\u00e9cup\u00e9rer leurs enfants.<\/p>\n<p>\u00ab\u00a0<i>C\u2019est le comit\u00e9 de vigilance postale qui vous informe de la fermeture de la poste de Ferri\u00e8res pendant trois semaines<\/i> <i>du 3 au 22<\/i><i>\u00a0<\/i><i>ao\u00fbt<\/i>\u00a0\u00bb, annonce Jo\u00eblle Fabre, militante des premiers jours pour la Poste de Ferri\u00e8res et \u00e9galement conseill\u00e8re municipale PCF. \u00ab\u00a0<i>Encore<\/i><i>\u00a0<\/i><i>?<\/i>\u00a0\u00bb, s\u2019\u00e9tonne une m\u00e8re devant sa poussette. \u00ab\u00a0<i>Eh oui, si le comit\u00e9 de vigilance n\u2019existait pas, elle serait d\u00e9j\u00e0 ferm\u00e9e<\/i><i>\u00a0<\/i>\u00bb, affirme un autre militant. \u00ab\u00a0<i>Heureusement que ce n\u2019est que l\u2019\u00e9t\u00e9<\/i>\u00a0\u00bb, r\u00e9agit une autre habitante.<\/p>\n<\/p><\/div>\n<div class=\"intext\"> \u00ab\u00a0C\u2019est compliqu\u00e9<br \/>\n               <br \/>de s\u2019y retrouver\u00a0\u00bb\n              <\/div>\n<div class=\"paragraph\">\n<p>Mais cette fermeture partielle pour l\u2019\u00e9t\u00e9 pose quelques soucis. \u00ab\u00a0<i>Je vais r\u00e9guli\u00e8rement \u00e0 Ferri\u00e8res pour mes colis et mes retraits d\u2019esp\u00e8ces<\/i>\u00a0\u00bb, explique Mathieu Tran, habitant \u00e0 proximit\u00e9. \u00ab\u00a0<i>\u00c7a va \u00eatre dur pour certaines personnes, surtout si elles n\u2019ont pas de voiture pour aller \u00e0 Jonqui\u00e8res ou Croix-Sainte, et \u00e7a va encore plus les engorger<\/i>\u00a0\u00bb, estime-t-il. Les horaires estivaux imposent une certaine gymnastique\u00a0: \u00ab\u00a0<i>C\u2019est compliqu\u00e9 de s\u2019y retrouver avec les diff\u00e9rents<\/i> horaires\u00a0\u00bb rel\u00e8ve l\u2019usager.<\/p>\n<p>Rapidement, la fin de la sortie approche. \u00ab\u00a0<i>Nous avons fait deux actions, cette semaine, pour informer des fermetures des bureaux cet \u00e9t\u00e9, on ne peut pas mener une bagarre de la m\u00eame ampleur que pour la fermeture totale et d\u00e9finitive<\/i>\u00a0\u00bb, explique Francis Fournier. \u00ab\u00a0<i>On a donn\u00e9 l\u2019info et pris les mails des habitants pour les tenir au courant, mais le combat pour le retour des colis \u00e0 Notre-Dame-des- Marins n\u2019est, lui, pas termin\u00e9<\/i><i>\u00a0<\/i>\u00bb, assure le militant.<\/p>\n<\/p><\/div>\n","protected":false},"excerpt":{"rendered":"Une dr&ocirc;le de sortie d&rsquo;&eacute;cole s&rsquo;est d&eacute;roul&eacute;e devant le groupe scolaire Robert-Desnos vendredi soir. Tambour battant, une dizaine de militants du comit&eacute; de vigilance postale de Martigues, tracts en main, &#8230;","protected":false},"author":1,"featured_media":34469,"comment_status":"open","ping_status":"open","sticky":false,"template":"","format":"standard","meta":{"footnotes":""},"categories":[3926,3925,20],"tags":[10,3741,512,105,210,63,751,2087],"news-destination":[3944],"news-source":[475],"is_homepage":[],"ta_other":[],"class_list":["post-34468","post","type-post","status-publish","format-standard","has-post-thumbnail","hentry","category-accueil-merge","category-accueil-third","category-societe","tag-bouches-du-rhone","tag-bureau-de-poste","tag-comite","tag-fermeture","tag-la-poste","tag-martigues","tag-service-public","tag-vigilance","news-destination-homepage","news-source-website"],"_links":{"self":[{"href":"https:\/\/euapp01.newsmemory.com\/lamarseillaise\/news\/wp-json\/wp\/v2\/posts\/34468","targetHints":{"allow":["GET"]}}],"collection":[{"href":"https:\/\/euapp01.newsmemory.com\/lamarseillaise\/news\/wp-json\/wp\/v2\/posts"}],"about":[{"href":"https:\/\/euapp01.newsmemory.com\/lamarseillaise\/news\/wp-json\/wp\/v2\/types\/post"}],"author":[{"embeddable":true,"href":"https:\/\/euapp01.newsmemory.com\/lamarseillaise\/news\/wp-json\/wp\/v2\/users\/1"}],"replies":[{"embeddable":true,"href":"https:\/\/euapp01.newsmemory.com\/lamarseillaise\/news\/wp-json\/wp\/v2\/comments?post=34468"}],"version-history":[{"count":1,"href":"https:\/\/euapp01.newsmemory.com\/lamarseillaise\/news\/wp-json\/wp\/v2\/posts\/34468\/revisions"}],"predecessor-version":[{"id":34470,"href":"https:\/\/euapp01.newsmemory.com\/lamarseillaise\/news\/wp-json\/wp\/v2\/posts\/34468\/revisions\/34470"}],"wp:featuredmedia":[{"embeddable":true,"href":"https:\/\/euapp01.newsmemory.com\/lamarseillaise\/news\/wp-json\/wp\/v2\/media\/34469"}],"wp:attachment":[{"href":"https:\/\/euapp01.newsmemory.com\/lamarseillaise\/news\/wp-json\/wp\/v2\/media?parent=34468"}],"wp:term":[{"taxonomy":"category","embeddable":true,"href":"https:\/\/euapp01.newsmemory.com\/lamarseillaise\/news\/wp-json\/wp\/v2\/categories?post=34468"},{"taxonomy":"post_tag","embeddable":true,"href":"https:\/\/euapp01.newsmemory.com\/lamarseillaise\/news\/wp-json\/wp\/v2\/tags?post=34468"},{"taxonomy":"news-destination","embeddable":true,"href":"https:\/\/euapp01.newsmemory.com\/lamarseillaise\/news\/wp-json\/wp\/v2\/news-destination?post=34468"},{"taxonomy":"news-source","embeddable":true,"href":"https:\/\/euapp01.newsmemory.com\/lamarseillaise\/news\/wp-json\/wp\/v2\/news-source?post=34468"},{"taxonomy":"is_homepage","embeddable":true,"href":"https:\/\/euapp01.newsmemory.com\/lamarseillaise\/news\/wp-json\/wp\/v2\/is_homepage?post=34468"},{"taxonomy":"ta_other","embeddable":true,"href":"https:\/\/euapp01.newsmemory.com\/lamarseillaise\/news\/wp-json\/wp\/v2\/ta_other?post=34468"}],"curies":[{"name":"wp","href":"https:\/\/api.w.org\/{rel}","templated":true}]}}