{"id":34465,"date":"2026-06-27T10:03:00","date_gmt":"2026-06-27T08:03:00","guid":{"rendered":"https:\/\/euapp01.newsmemory.com\/lamarseillaise\/news\/?p=34465"},"modified":"2026-07-02T07:59:19","modified_gmt":"2026-07-02T05:59:19","slug":"marseille-tous-a-bord-veut-permettre-a-tous-de-prendre-le-large","status":"publish","type":"post","link":"https:\/\/euapp01.newsmemory.com\/lamarseillaise\/news\/2026\/06\/27\/marseille-tous-a-bord-veut-permettre-a-tous-de-prendre-le-large\/","title":{"rendered":"Marseille : \u00ab&nbsp;Tous \u00e0 bord&nbsp;\u00bb veut permettre \u00e0 tous de prendre le large"},"content":{"rendered":"<div class=\"paragraph\">\n<p>N<i>ous mobilisons une trentaine de soci\u00e9taires b\u00e9n\u00e9voles et 28 bateaux pour que 25 familles d\u2019enfants handicap\u00e9s et jeunes adultes souffrant de troubles autistiques puissent partager un moment de plaisir tous ensemble<\/i><i>\u00a0<\/i><i>\u00bb,<\/i> d\u00e9taille Catherine Le Roux, la dynamique secr\u00e9taire g\u00e9n\u00e9rale de l\u2019union nautique du canal de la douane et des vieux marins bateliers (<i>UNCD<\/i> &#038; <i>VMB)<\/i>.<\/p>\n<p>Cette id\u00e9e est venue du pr\u00e9sident du club Pascal Passaro dit Calou.<i> \u00ab<\/i><i>\u00a0<\/i><i>On participe \u00e0 Octobre rose, op\u00e9ration pour laquelle on arrive \u00e0 mobiliser 35 bateaux. mais moi, j\u2019avais aussi envie de faire quelque chose avec des enfants<\/i><i>\u00a0<\/i><i>\u00bb,<\/i> l\u00e2che cet homme dont la vie a \u00e9t\u00e9 rythm\u00e9e par des ann\u00e9es de syndicalisme. Et de poursuivre\u00a0: <i>\u00ab<\/i><i>\u00a0<\/i><i>Je voulais faire partager gratuitement la mer et ses bienfaits \u00e0 des enfants handicap\u00e9s.<\/i><i>\u00a0<\/i><i>\u00bb<\/i><\/p>\n<p>Hop, hop, hop, Catherine contacte l\u2019association Soliane membre du r\u00e9seau parcours handicap 13. <i>\u00ab<\/i><i>\u00a0<\/i><i>Soliane aide les parents depuis 23 ans quel que soit l\u2019\u00e2ge et la nature du handicap de l\u2019enfant. Et depuis 3 ans, nous sommes aussi membre d\u2019un r\u00e9seau GEM (groupe d\u2019entraide mutuelle) TSA, le \u00ab<\/i><i>\u00a0<\/i><i>ComGem<\/i><i>\u00a0<\/i><i>\u00bb<\/i><i> propose de nombreuses activit\u00e9s diff\u00e9rentes aux jeunes entre 18 et 35 ans porteurs de TSA sans d\u00e9ficience intellectuelle, majeurs et autonomes dans leurs d\u00e9placements<\/i><i>\u00a0<\/i><i>\u00bb<\/i> d\u00e9finit V\u00e9ronique Mauro la pr\u00e9sidente.<\/p>\n<\/p><\/div>\n<div class=\"intext\"> Une apr\u00e8s-midi festive\n              <\/div>\n<div class=\"paragraph\">\n<p>Et prolonge\u00a0: <i>\u00ab<\/i><i>\u00a0<\/i><i>C\u2019est tr\u00e8s important de partager des activit\u00e9s avec les fr\u00e8res, les s\u0153urs et les parents. La quasi-totalit\u00e9 n\u2019a jamais fait de sortie en bateau. Nous nous y pr\u00e9parons depuis deux mois.<\/i><i>\u00a0<\/i><i>\u00bb<\/i><i> <\/i><\/p>\n<p>L\u2019UNCD &#038; VMB a pr\u00e9vu l\u2019apr\u00e8s-midi en 3 temps. Le rendez-vous est au 62 Quai du Port (2e) \u00e0 13h30. Le temps de se pr\u00e9senter, de rev\u00eatir les gilets de sauvetages et d\u2019\u00e9couter les consignes. Voilier, hors-bord ou in-board, par petits groupes et tr\u00e8s encadr\u00e9s chacun est dirig\u00e9 vers son embarcation. \u00c0 14 heures, c\u2019est le d\u00e9part pour une balade autour de l\u2019\u00eele de Gaby. Le retour est pr\u00e9vu vers 15h30 pour un grand go\u00fbter avec une derni\u00e8re animation festive, avec la Maison de Nina qui propose des animations autour des techniques du cirque. \u00ab<i>\u00a0<\/i><i>\u00c7a va \u00eatre top. Il va y avoir des boules, le rouleau am\u00e9ricain, de la jonglerie et aussi de l\u2019a\u00e9rien sur le portique. \u00c7a va \u00eatre un beau moment de partage<\/i>\u00a0\u00bb conclut Nina avec enthousiasme. Un ap\u00e9ro grillade cl\u00f4turera la journ\u00e9e entre les diff\u00e9rents organisateurs.<\/p>\n<\/p><\/div>\n<div class=\"paragraph\">\n<p><i>Toutes les infos du club sur l\u2019<a rel=\"nofollow noopener noreferrer\" href=\"https:\/\/www.uncd-vieuxport.com\/accueil-copie\" target=\"_blank\">UNCD &#038; VMB<\/a><\/i><\/p>\n<\/p><\/div>\n","protected":false},"excerpt":{"rendered":"Nous mobilisons une trentaine de soci&eacute;taires b&eacute;n&eacute;voles et 28 bateaux pour que 25 familles d&rsquo;enfants handicap&eacute;s et jeunes adultes souffrant de troubles autistiques puissent partager un moment de plaisir tous &#8230;","protected":false},"author":1,"featured_media":34466,"comment_status":"open","ping_status":"open","sticky":false,"template":"","format":"standard","meta":{"footnotes":""},"categories":[3926,3925,20],"tags":[1307,1222,659,10,2345,1163,670,57,5969,1066,3724,2851,16,1890,4318,1227],"news-destination":[3944],"news-source":[475],"is_homepage":[],"ta_other":[],"class_list":["post-34465","post","type-post","status-publish","format-standard","has-post-thumbnail","hentry","category-accueil-merge","category-accueil-third","category-societe","tag-animation","tag-bateau","tag-bateaux","tag-bouches-du-rhone","tag-cirque","tag-depart","tag-deplacements","tag-enfants","tag-gouter","tag-handicap","tag-la-maison-de-nina","tag-marins","tag-marseille","tag-octobre-rose","tag-quai-du-port","tag-voilier","news-destination-homepage","news-source-website"],"_links":{"self":[{"href":"https:\/\/euapp01.newsmemory.com\/lamarseillaise\/news\/wp-json\/wp\/v2\/posts\/34465","targetHints":{"allow":["GET"]}}],"collection":[{"href":"https:\/\/euapp01.newsmemory.com\/lamarseillaise\/news\/wp-json\/wp\/v2\/posts"}],"about":[{"href":"https:\/\/euapp01.newsmemory.com\/lamarseillaise\/news\/wp-json\/wp\/v2\/types\/post"}],"author":[{"embeddable":true,"href":"https:\/\/euapp01.newsmemory.com\/lamarseillaise\/news\/wp-json\/wp\/v2\/users\/1"}],"replies":[{"embeddable":true,"href":"https:\/\/euapp01.newsmemory.com\/lamarseillaise\/news\/wp-json\/wp\/v2\/comments?post=34465"}],"version-history":[{"count":1,"href":"https:\/\/euapp01.newsmemory.com\/lamarseillaise\/news\/wp-json\/wp\/v2\/posts\/34465\/revisions"}],"predecessor-version":[{"id":34467,"href":"https:\/\/euapp01.newsmemory.com\/lamarseillaise\/news\/wp-json\/wp\/v2\/posts\/34465\/revisions\/34467"}],"wp:featuredmedia":[{"embeddable":true,"href":"https:\/\/euapp01.newsmemory.com\/lamarseillaise\/news\/wp-json\/wp\/v2\/media\/34466"}],"wp:attachment":[{"href":"https:\/\/euapp01.newsmemory.com\/lamarseillaise\/news\/wp-json\/wp\/v2\/media?parent=34465"}],"wp:term":[{"taxonomy":"category","embeddable":true,"href":"https:\/\/euapp01.newsmemory.com\/lamarseillaise\/news\/wp-json\/wp\/v2\/categories?post=34465"},{"taxonomy":"post_tag","embeddable":true,"href":"https:\/\/euapp01.newsmemory.com\/lamarseillaise\/news\/wp-json\/wp\/v2\/tags?post=34465"},{"taxonomy":"news-destination","embeddable":true,"href":"https:\/\/euapp01.newsmemory.com\/lamarseillaise\/news\/wp-json\/wp\/v2\/news-destination?post=34465"},{"taxonomy":"news-source","embeddable":true,"href":"https:\/\/euapp01.newsmemory.com\/lamarseillaise\/news\/wp-json\/wp\/v2\/news-source?post=34465"},{"taxonomy":"is_homepage","embeddable":true,"href":"https:\/\/euapp01.newsmemory.com\/lamarseillaise\/news\/wp-json\/wp\/v2\/is_homepage?post=34465"},{"taxonomy":"ta_other","embeddable":true,"href":"https:\/\/euapp01.newsmemory.com\/lamarseillaise\/news\/wp-json\/wp\/v2\/ta_other?post=34465"}],"curies":[{"name":"wp","href":"https:\/\/api.w.org\/{rel}","templated":true}]}}