{"id":34462,"date":"2026-06-27T10:23:00","date_gmt":"2026-06-27T08:23:00","guid":{"rendered":"https:\/\/euapp01.newsmemory.com\/lamarseillaise\/news\/?p=34462"},"modified":"2026-07-02T07:59:19","modified_gmt":"2026-07-02T05:59:19","slug":"plus-de-300-transats-et-matelas-saisis-sur-la-plage-de-la-ciotat","status":"publish","type":"post","link":"https:\/\/euapp01.newsmemory.com\/lamarseillaise\/news\/2026\/06\/27\/plus-de-300-transats-et-matelas-saisis-sur-la-plage-de-la-ciotat\/","title":{"rendered":"Plus de 300 transats et matelas saisis sur la plage de La Ciotat"},"content":{"rendered":"<div class=\"paragraph\">\n<p>C\u2019est dans la matin\u00e9e de jeudi que des agents de la Direction d\u00e9partementale des territoires et de la mer ont proc\u00e9d\u00e9 \u00e0 la consignation du mat\u00e9riel de plusieurs \u00e9tablissements situ\u00e9s sur la grande plage de La Ciotat, dans le cadre du recul du trait de c\u00f4te (lire notre \u00e9dition de vendredi).<\/p>\n<p>Dans un communiqu\u00e9 publi\u00e9 vendredi, la pr\u00e9fecture des Bouches-du-Rh\u00f4ne pr\u00e9cise que \u00ab\u00a0cette op\u00e9ration concerne environ 330 transats et matelas, ainsi que des parasols, tables, brise-vues et autres dispositifs de d\u00e9limitation\u00a0\u00bb.<\/p>\n<\/p><\/div>\n<div class=\"intext\"> \u00ab\u00a0Persistance<br \/>\n               <br \/>de cette situation\u00a0\u00bb\n              <\/div>\n<div class=\"paragraph\">\n<p>Les services de l\u2019<span class=\"mln_uppercase_mln\">\u00e9<\/span>tat pr\u00e9cisent \u00eatre intervenus \u00ab\u00a0afin de mettre fin \u00e0 une occupation sans autorisation du domaine public maritime\u00a0\u00bb apr\u00e8s \u00ab\u00a0plusieurs contr\u00f4les et demandes de mise en conformit\u00e9 rest\u00e9s sans effet\u00a0\u00bb. Le 7\u00a0mai, les autorit\u00e9s constatent sur un espace de la grande plage de La Ciotat \u00ab\u00a0relevant du domaine public maritime de l\u2019\u00c9tat\u00a0\u00bb une activit\u00e9 de location de matelas sans autorisation. \u00ab\u00a0Face \u00e0 la persistance de cette situation\u00a0\u00bb, malgr\u00e9 un avertissement verbal puis un mail d\u00e9but juin, rest\u00e9s sans r\u00e9ponse, le mat\u00e9riel a \u00e9t\u00e9 saisi.<\/p>\n<p>La mairie de La Ciotat avait r\u00e9agi d\u00e8s jeudi, dans un communiqu\u00e9, prenant \u00ab\u00a0acte\u00a0\u00bb de cette op\u00e9ration\u00a0: \u00ab\u00a0Afin de soutenir les personnels saisonniers et leur famille, la Ville a d\u00e9cid\u00e9 de mettre en place une cellule d\u2019accompagnement afin de soutenir les personnels saisonniers et leur famille.\u00a0\u00bb<\/p>\n<\/p><\/div>\n","protected":false},"excerpt":{"rendered":"C&rsquo;est dans la matin&eacute;e de jeudi que des agents de la Direction d&eacute;partementale des territoires et de la mer ont proc&eacute;d&eacute; &agrave; la consignation du mat&eacute;riel de plusieurs &eacute;tablissements situ&eacute;s sur &#8230;","protected":false},"author":1,"featured_media":34463,"comment_status":"open","ping_status":"open","sticky":false,"template":"","format":"standard","meta":{"footnotes":""},"categories":[3926,3925,20],"tags":[10,743,5412,1131],"news-destination":[3944],"news-source":[475],"is_homepage":[],"ta_other":[],"class_list":["post-34462","post","type-post","status-publish","format-standard","has-post-thumbnail","hentry","category-accueil-merge","category-accueil-third","category-societe","tag-bouches-du-rhone","tag-la-ciotat","tag-plages-privees","tag-prefecture","news-destination-homepage","news-source-website"],"_links":{"self":[{"href":"https:\/\/euapp01.newsmemory.com\/lamarseillaise\/news\/wp-json\/wp\/v2\/posts\/34462","targetHints":{"allow":["GET"]}}],"collection":[{"href":"https:\/\/euapp01.newsmemory.com\/lamarseillaise\/news\/wp-json\/wp\/v2\/posts"}],"about":[{"href":"https:\/\/euapp01.newsmemory.com\/lamarseillaise\/news\/wp-json\/wp\/v2\/types\/post"}],"author":[{"embeddable":true,"href":"https:\/\/euapp01.newsmemory.com\/lamarseillaise\/news\/wp-json\/wp\/v2\/users\/1"}],"replies":[{"embeddable":true,"href":"https:\/\/euapp01.newsmemory.com\/lamarseillaise\/news\/wp-json\/wp\/v2\/comments?post=34462"}],"version-history":[{"count":1,"href":"https:\/\/euapp01.newsmemory.com\/lamarseillaise\/news\/wp-json\/wp\/v2\/posts\/34462\/revisions"}],"predecessor-version":[{"id":34464,"href":"https:\/\/euapp01.newsmemory.com\/lamarseillaise\/news\/wp-json\/wp\/v2\/posts\/34462\/revisions\/34464"}],"wp:featuredmedia":[{"embeddable":true,"href":"https:\/\/euapp01.newsmemory.com\/lamarseillaise\/news\/wp-json\/wp\/v2\/media\/34463"}],"wp:attachment":[{"href":"https:\/\/euapp01.newsmemory.com\/lamarseillaise\/news\/wp-json\/wp\/v2\/media?parent=34462"}],"wp:term":[{"taxonomy":"category","embeddable":true,"href":"https:\/\/euapp01.newsmemory.com\/lamarseillaise\/news\/wp-json\/wp\/v2\/categories?post=34462"},{"taxonomy":"post_tag","embeddable":true,"href":"https:\/\/euapp01.newsmemory.com\/lamarseillaise\/news\/wp-json\/wp\/v2\/tags?post=34462"},{"taxonomy":"news-destination","embeddable":true,"href":"https:\/\/euapp01.newsmemory.com\/lamarseillaise\/news\/wp-json\/wp\/v2\/news-destination?post=34462"},{"taxonomy":"news-source","embeddable":true,"href":"https:\/\/euapp01.newsmemory.com\/lamarseillaise\/news\/wp-json\/wp\/v2\/news-source?post=34462"},{"taxonomy":"is_homepage","embeddable":true,"href":"https:\/\/euapp01.newsmemory.com\/lamarseillaise\/news\/wp-json\/wp\/v2\/is_homepage?post=34462"},{"taxonomy":"ta_other","embeddable":true,"href":"https:\/\/euapp01.newsmemory.com\/lamarseillaise\/news\/wp-json\/wp\/v2\/ta_other?post=34462"}],"curies":[{"name":"wp","href":"https:\/\/api.w.org\/{rel}","templated":true}]}}