{"id":34456,"date":"2026-06-27T10:24:00","date_gmt":"2026-06-27T08:24:00","guid":{"rendered":"https:\/\/euapp01.newsmemory.com\/lamarseillaise\/news\/?p=34456"},"modified":"2026-07-02T09:28:15","modified_gmt":"2026-07-02T07:28:15","slug":"les-habitants-du-grand-avignon-vont-voir-leur-facture-deau-prendre-20","status":"publish","type":"post","link":"https:\/\/euapp01.newsmemory.com\/lamarseillaise\/news\/2026\/06\/27\/les-habitants-du-grand-avignon-vont-voir-leur-facture-deau-prendre-20\/","title":{"rendered":"Les habitants du Grand Avignon vont voir leur facture d\u2019eau prendre 20%"},"content":{"rendered":"<div class=\"paragraph\">\n<p>C\u2019est une importante hausse sur la facture d\u2019eau que s\u2019appr\u00eatent \u00e0 voter les \u00e9lus du Grand Avignon ce lundi. D\u00e9j\u00e0 pr\u00e9vu<a rel=\"noopener noreferrer\" href=\"https:\/\/www.lamarseillaise.fr\/politique\/revirement-au-grand-avignon-pas-de-hausse-du-prix-de-l-eau-FN19273314\" target=\"_blank\"> en d\u00e9cembre puis retir\u00e9 de l\u2019ordre du jour au dernier moment<\/a>, le projet part d\u2019un constat simple\u00a0: le pr\u00e9l\u00e8vement fiscal du Grand Avignon sur la facture n\u2019a pas \u00e9volu\u00e9 depuis 2019 et, surtout, l\u2019agglo se doit d\u2019investir \u00ab\u00a0<i>pour assurer les renouvellements des ouvrages tout en permettant la r\u00e9alisation de projets structurants pour l\u2019ensemble des communes<\/i>\u00a0\u00bb. Un besoin de 6\u00a0millions d\u2019euros par an est estim\u00e9 sur la partie eau potable et 7,5\u00a0millions sur le volet assainissement. R\u00e9sultat, une hausse de 20% est pr\u00e9vue \u00e0 compter du 1<sup>er<\/sup>\u00a0ao\u00fbt, avec une facture type annuelle de 120m<sup>3<\/sup> passant de 390\u00a0euros \u00e0 467\u00a0euros.<\/p>\n<p>Une d\u00e9cision contest\u00e9e par le collectif de l\u2019eau, qui se mobilisera en amont de la s\u00e9ance. Dans un communiqu\u00e9, l\u2019association qui milite pour une gestion publique, \u00ab<i>\u00a0<\/i><i>demande de surseoir \u00e0 cette d\u00e9lib\u00e9ration afin d\u2019organiser une consultation des usagers qui veulent \u00eatre inform\u00e9s des raisons de cette brusque augmentation<\/i>\u00a0\u00bb. Le collectif rappelle ne pas \u00eatre \u00ab\u00a0<i>oppos\u00e9 \u00e0 une augmentation, mais nous voulons le juste prix de l\u2019eau<\/i><i>\u00a0<\/i><i>: celui qui permet que les sommes per\u00e7ues aillent int\u00e9gralement \u00e0 l\u2019eau pour l\u2019entretien des r\u00e9seaux et la bonne qualit\u00e9 de l\u2019eau, tout en pr\u00e9servant la ressource<\/i>\u00a0\u00bb. Et d\u2019appeler, enfin, \u00e0 ce que la mesure \u00ab<i>\u00a0<\/i><i>soit socialement acceptable<\/i>\u00a0\u00bb, avec des \u00ab<i>\u00a0<\/i><i>mesures d\u2019accompagnement, comme un am\u00e9nagement des p\u00e9nalit\u00e9s de retard d\u00e9j\u00e0 exorbitantes et l\u2019assouplissement du m\u00e9canisme des ch\u00e8ques eau<\/i>\u00a0\u00bb.<\/p>\n<\/p><\/div>\n","protected":false},"excerpt":{"rendered":"C&rsquo;est une importante hausse sur la facture d&rsquo;eau que s&rsquo;appr&ecirc;tent &agrave; voter les &eacute;lus du Grand Avignon ce lundi. D&eacute;j&agrave; pr&eacute;vu en d&eacute;cembre puis retir&eacute; de l&rsquo;ordre du jour au &#8230;","protected":false},"author":1,"featured_media":34457,"comment_status":"open","ping_status":"open","sticky":false,"template":"","format":"standard","meta":{"footnotes":""},"categories":[3926,3925,20],"tags":[495,309,171],"news-destination":[3944],"news-source":[475],"is_homepage":[],"ta_other":[],"class_list":["post-34456","post","type-post","status-publish","format-standard","has-post-thumbnail","hentry","category-accueil-merge","category-accueil-third","category-societe","tag-495","tag-eau","tag-vaucluse","news-destination-homepage","news-source-website"],"_links":{"self":[{"href":"https:\/\/euapp01.newsmemory.com\/lamarseillaise\/news\/wp-json\/wp\/v2\/posts\/34456","targetHints":{"allow":["GET"]}}],"collection":[{"href":"https:\/\/euapp01.newsmemory.com\/lamarseillaise\/news\/wp-json\/wp\/v2\/posts"}],"about":[{"href":"https:\/\/euapp01.newsmemory.com\/lamarseillaise\/news\/wp-json\/wp\/v2\/types\/post"}],"author":[{"embeddable":true,"href":"https:\/\/euapp01.newsmemory.com\/lamarseillaise\/news\/wp-json\/wp\/v2\/users\/1"}],"replies":[{"embeddable":true,"href":"https:\/\/euapp01.newsmemory.com\/lamarseillaise\/news\/wp-json\/wp\/v2\/comments?post=34456"}],"version-history":[{"count":1,"href":"https:\/\/euapp01.newsmemory.com\/lamarseillaise\/news\/wp-json\/wp\/v2\/posts\/34456\/revisions"}],"predecessor-version":[{"id":34458,"href":"https:\/\/euapp01.newsmemory.com\/lamarseillaise\/news\/wp-json\/wp\/v2\/posts\/34456\/revisions\/34458"}],"wp:featuredmedia":[{"embeddable":true,"href":"https:\/\/euapp01.newsmemory.com\/lamarseillaise\/news\/wp-json\/wp\/v2\/media\/34457"}],"wp:attachment":[{"href":"https:\/\/euapp01.newsmemory.com\/lamarseillaise\/news\/wp-json\/wp\/v2\/media?parent=34456"}],"wp:term":[{"taxonomy":"category","embeddable":true,"href":"https:\/\/euapp01.newsmemory.com\/lamarseillaise\/news\/wp-json\/wp\/v2\/categories?post=34456"},{"taxonomy":"post_tag","embeddable":true,"href":"https:\/\/euapp01.newsmemory.com\/lamarseillaise\/news\/wp-json\/wp\/v2\/tags?post=34456"},{"taxonomy":"news-destination","embeddable":true,"href":"https:\/\/euapp01.newsmemory.com\/lamarseillaise\/news\/wp-json\/wp\/v2\/news-destination?post=34456"},{"taxonomy":"news-source","embeddable":true,"href":"https:\/\/euapp01.newsmemory.com\/lamarseillaise\/news\/wp-json\/wp\/v2\/news-source?post=34456"},{"taxonomy":"is_homepage","embeddable":true,"href":"https:\/\/euapp01.newsmemory.com\/lamarseillaise\/news\/wp-json\/wp\/v2\/is_homepage?post=34456"},{"taxonomy":"ta_other","embeddable":true,"href":"https:\/\/euapp01.newsmemory.com\/lamarseillaise\/news\/wp-json\/wp\/v2\/ta_other?post=34456"}],"curies":[{"name":"wp","href":"https:\/\/api.w.org\/{rel}","templated":true}]}}