{"id":34453,"date":"2026-06-27T10:27:00","date_gmt":"2026-06-27T08:27:00","guid":{"rendered":"https:\/\/euapp01.newsmemory.com\/lamarseillaise\/news\/?p=34453"},"modified":"2026-06-29T18:18:21","modified_gmt":"2026-06-29T16:18:21","slug":"grand-entretien-tiago-rodrigues-le-desaccord-estun-tresor-a-avignon","status":"publish","type":"post","link":"https:\/\/euapp01.newsmemory.com\/lamarseillaise\/news\/2026\/06\/27\/grand-entretien-tiago-rodrigues-le-desaccord-estun-tresor-a-avignon\/","title":{"rendered":"[Grand entretien] Tiago Rodrigues : \u00ab&nbsp;Le d\u00e9saccord estun tr\u00e9sor \u00e0 Avignon&nbsp;\u00bb"},"content":{"rendered":"<div class=\"paragraph\">\n<p><b>Tiago Rodrigues<\/b><b>\u00a0<\/b><b>:<\/b> De grands d\u00e9veloppements technologiques au niveau de la communication, comme les r\u00e9seaux sociaux, ont aussi un impact n\u00e9gatif et augmentent la d\u00e9sinformation. Les espaces de d\u00e9bats pluriels diminuent, envahis par la notion selon laquelle tout d\u00e9saccord en soci\u00e9t\u00e9 serait irr\u00e9conciliable. On assiste \u00e0 une mont\u00e9e tr\u00e8s claire de l\u2019agressivit\u00e9, de la radicalit\u00e9 m\u00eame, des discours politiques. Or, nous devons rappeler qu\u2019une aventure comme le Festival d\u2019Avignon, qui dure depuis presque 80\u00a0ans, est un espace o\u00f9 le d\u00e9saccord est un tr\u00e9sor et vient \u00e9quilibrer cette tendance, \u00e0 mon sens n\u00e9gative, d\u2019un discours trop polaris\u00e9, y compris dans les soci\u00e9t\u00e9s d\u00e9mocratiques. Les r\u00e9ponses trop simplistes, comme le d\u00e9ni climatique ou le masculinisme, montent en puissance. Des forces profitent de fa\u00e7on pr\u00e9datrice de ce genre de polarisation de la soci\u00e9t\u00e9. Le Festival d\u2019Avignon et le service public de la culture peuvent jouer un r\u00f4le qui compense cette tendance avec quelque chose de plus positif, avec la pratique joyeuse et collective de la d\u00e9couverte des spectacles.<\/p>\n<p><b>Le spectacle d\u2019ouverture, \u00ab<\/b><b>\u00a0<\/b><b>Maldoror<\/b><b>\u00a0<\/b><b>\u00bb, de Julien Gosselin, fait dialoguer l\u2019\u00e9crivain chilien Roberto Bolano avec Lautr\u00e9amont pour questionner les racines du \u00ab<\/b><b>\u00a0<\/b><b>mal absolu<\/b><b>\u00a0<\/b><b>\u00bb. Dans quoi r\u00e9side-t-il aujourd\u2019hui<\/b><b>\u00a0<\/b><b>?<\/b><\/p>\n<p><b>T.R.<\/b><b>\u00a0<\/b><b>: <\/b>J\u2019ai h\u00e2te de d\u00e9couvrir ce spectacle de ce grand metteur en sc\u00e8ne, mais j\u2019ai des doutes sur cette dimension du mal absolu\u00a0: la philosophe Hannah Arendt parlait de la banalit\u00e9 du mal et le dramaturge Bertolt Brecht, non pas des actions des mauvais, mais du silence des bons. Le Festival d\u2019Avignon est cet endroit qui privil\u00e9gie la d\u00e9couverte des arts, mais aussi un outil de participation d\u00e9mocratique. Plus que ma pens\u00e9e, la philosophie qui peut r\u00e9pondre \u00e0 votre question est celle de Julien Gosselin. Cela m\u2019int\u00e9resse de savoir pourquoi nous sommes fascin\u00e9s, \u00e0 travers l\u2019histoire, par les m\u00e9chants du th\u00e9\u00e2tre, par Richard\u00a0III, par exemple. Qu\u2019est-ce que l\u2019observation du mal nous apprend\u00a0? Nous aurons des \u00e9clairages avec ce spectacle \u00e9v\u00e9nement qui m\u00eale th\u00e9\u00e2tre, vid\u00e9o, cin\u00e9ma et litt\u00e9rature, tout en proposant au public un autre rapport \u00e0 la Cour d\u2019honneur, avec des d\u00e9ambulations qui permettront au public de vivre un spectacle au Palais des Papes de fa\u00e7on tr\u00e8s inhabituelle.<\/p>\n<p><b>La langue invit\u00e9e cette ann\u00e9e est<br \/>le Cor\u00e9en, avec entre autres \u00ab<\/b><b>\u00a0<\/b><b>Island story<\/b><b>\u00a0<\/b><b>\u00bb de Kyung-Sung Lee, qui fait entendre des t\u00e9moignages de survivants de la r\u00e9pression<br \/>d\u2019une comm\u00e9moration de la fin de l\u2019occupation japonaise, en 1948.<br \/>Le colonialisme est-il aussi l\u2019un des maux principaux de notre \u00e9poque<\/b><b>\u00a0<\/b><b>? <\/b><\/p>\n<p><b>T.R.<\/b><b>\u00a0<\/b><b>: <\/b>Si le Festival d\u2019Avignon est une s\u00e9lection de spectacles qui traduisent l\u2019implication des artistes dans le monde, il ne faut pas non plus penser qu\u2019il est un festival politique qui traduit un th\u00e9\u00e2tre. Nous ne sommes pas un festival avec un agenda politique, mais d\u2019art vivant \u00e0 l\u2019\u00e9coute des imaginations et des urgences des artistes. Effectivement, Kyung-Sung Lee parle de cet \u00e9pisode tragique associ\u00e9 \u00e0 la division de la p\u00e9ninsule au moment de la cr\u00e9ation des deux Cor\u00e9es et parle d\u2019un massacre qui a \u00e9t\u00e9 sujet \u00e0 beaucoup d\u2019omerta. Mais il ne faut pas oublier non plus <i>Silence<\/i>, par exemple, spectacle tr\u00e8s joyeux de musiques chor\u00e9graphi\u00e9es de Lucie Antunes et Mathilde Monnier, qui font le pari de la po\u00e9sie et de l\u2019abstraction, ou encore <i>1,2,3 Poquelin<\/i> de la compagnie TG Stan, qui pr\u00e9sente sept pi\u00e8ces de Moli\u00e8re \u00e0 la Carri\u00e8re de Boulbon. N\u2019oublions pas non plus le collectif d\u2019acrobates XY, qui permet pour la premi\u00e8re fois la pr\u00e9sence du cirque dans la Cour d\u2019honneur. Vous savez que le sujet politique m\u2019int\u00e9resse, mais parfois, il y a le risque de rendre le festival plus \u00e9troit. Or, le festival est bien plus large que la Une des journaux.<\/p>\n<p><b>La confrontation d\u2019id\u00e9es se retrouvera aussi en fin de festival, avec \u00ab<\/b><b>\u00a0<\/b><b>L\u2019Aube des questions<\/b><b>\u00a0<\/b><b>\u00bb.<br \/>En quoi cela consiste-t-il<\/b><b>\u00a0<\/b><b>?<\/b><\/p>\n<p><b>T.R.<\/b><b>\u00a0<\/b><b>: <\/b>Cet \u00e9v\u00e9nement essaye de c\u00e9l\u00e9brer et synth\u00e9tiser les questions qui ont travers\u00e9 le festival. On r\u00e9unit beaucoup d\u2019artistes, mais aussi des personnes de la soci\u00e9t\u00e9 civile comme Christiane Taubira, la po\u00e8te marseillaise Laura Vazquez, le syndicaliste Philippe Martinez, l\u2019\u00e9crivain Camille de Toledo&#8230; On fait une liste de 80\u00a0questions, \u00e0 l\u2019aube, pendant les premi\u00e8res heures du premier jour suivant la fin du festival, avant de les lancer au monde depuis la sc\u00e8ne.<\/p>\n<p><b>Le festival \u00ab<\/b><b>\u00a0<\/b><b>off<\/b><b>\u00a0<\/b><b>\u00bb d\u2019Avignon a adress\u00e9 une lettre ouverte aux candidats<br \/>\u00e0 la pr\u00e9sidentielle qui fait part de ses craintes sur les coupes budg\u00e9taires et les censures sur le monde de la culture. Quelle est votre position<\/b><b>\u00a0<\/b><b>?<\/b><\/p>\n<p><b>T.R.<\/b><b>\u00a0<\/b><b>: <\/b>Nous sommes en synchronisme total dans le sens o\u00f9 le Festival d\u2019Avignon fait partie du Syndeac [Syndicat national des entreprises artistiques et culturelles, Ndlr], qui exprime depuis des mois son inqui\u00e9tude vis-\u00e0-vis de la n\u00e9cessit\u00e9 d\u2019un pacte politique large, sur la continuit\u00e9 du financement du service public de la culture. Il faut faire r\u00e9fl\u00e9chir pas seulement les \u00e9lus actuels, mais surtout les candidats \u00e0 la pr\u00e9sidentielle, qui vont \u00eatre les r\u00e9f\u00e9rents de l\u2019agenda politique. Nous sommes \u00e0 la fois structurants comme festival de cr\u00e9ation qui impacte la production et la cr\u00e9ation de spectacles en France, mais nous sommes aussi un forum de d\u00e9bats importants, aussi bien sur le service public de la culture que sur les services publics de mani\u00e8re g\u00e9n\u00e9rale. La fa\u00e7on dont les candidats vont s\u2019emparer d\u2019une vision de la politique culturelle en France est tr\u00e8s importante et nous sommes partants pour aider ceux qui s\u2019y int\u00e9ressent.<\/p>\n<p><b><span class=\"mln_small-caps_mln\">Propos recueillis par Philippe Amsellem<\/span><\/b><\/p>\n<\/p><\/div>\n","protected":false},"excerpt":{"rendered":"Tiago Rodrigues&nbsp;: De grands d&eacute;veloppements technologiques au niveau de la communication, comme les r&eacute;seaux sociaux, ont aussi un impact n&eacute;gatif et augmentent la d&eacute;sinformation. Les espaces de d&eacute;bats pluriels &#8230;","protected":false},"author":1,"featured_media":34454,"comment_status":"open","ping_status":"open","sticky":false,"template":"","format":"standard","meta":{"footnotes":""},"categories":[918,3926,3925,32],"tags":[174,329,1241,171],"news-destination":[3944],"news-source":[475],"is_homepage":[],"ta_other":[],"class_list":["post-34453","post","type-post","status-publish","format-standard","has-post-thumbnail","hentry","category-accueil","category-accueil-merge","category-accueil-third","category-culture","tag-avignon","tag-festival","tag-theatre","tag-vaucluse","news-destination-homepage","news-source-website"],"_links":{"self":[{"href":"https:\/\/euapp01.newsmemory.com\/lamarseillaise\/news\/wp-json\/wp\/v2\/posts\/34453","targetHints":{"allow":["GET"]}}],"collection":[{"href":"https:\/\/euapp01.newsmemory.com\/lamarseillaise\/news\/wp-json\/wp\/v2\/posts"}],"about":[{"href":"https:\/\/euapp01.newsmemory.com\/lamarseillaise\/news\/wp-json\/wp\/v2\/types\/post"}],"author":[{"embeddable":true,"href":"https:\/\/euapp01.newsmemory.com\/lamarseillaise\/news\/wp-json\/wp\/v2\/users\/1"}],"replies":[{"embeddable":true,"href":"https:\/\/euapp01.newsmemory.com\/lamarseillaise\/news\/wp-json\/wp\/v2\/comments?post=34453"}],"version-history":[{"count":1,"href":"https:\/\/euapp01.newsmemory.com\/lamarseillaise\/news\/wp-json\/wp\/v2\/posts\/34453\/revisions"}],"predecessor-version":[{"id":34455,"href":"https:\/\/euapp01.newsmemory.com\/lamarseillaise\/news\/wp-json\/wp\/v2\/posts\/34453\/revisions\/34455"}],"wp:featuredmedia":[{"embeddable":true,"href":"https:\/\/euapp01.newsmemory.com\/lamarseillaise\/news\/wp-json\/wp\/v2\/media\/34454"}],"wp:attachment":[{"href":"https:\/\/euapp01.newsmemory.com\/lamarseillaise\/news\/wp-json\/wp\/v2\/media?parent=34453"}],"wp:term":[{"taxonomy":"category","embeddable":true,"href":"https:\/\/euapp01.newsmemory.com\/lamarseillaise\/news\/wp-json\/wp\/v2\/categories?post=34453"},{"taxonomy":"post_tag","embeddable":true,"href":"https:\/\/euapp01.newsmemory.com\/lamarseillaise\/news\/wp-json\/wp\/v2\/tags?post=34453"},{"taxonomy":"news-destination","embeddable":true,"href":"https:\/\/euapp01.newsmemory.com\/lamarseillaise\/news\/wp-json\/wp\/v2\/news-destination?post=34453"},{"taxonomy":"news-source","embeddable":true,"href":"https:\/\/euapp01.newsmemory.com\/lamarseillaise\/news\/wp-json\/wp\/v2\/news-source?post=34453"},{"taxonomy":"is_homepage","embeddable":true,"href":"https:\/\/euapp01.newsmemory.com\/lamarseillaise\/news\/wp-json\/wp\/v2\/is_homepage?post=34453"},{"taxonomy":"ta_other","embeddable":true,"href":"https:\/\/euapp01.newsmemory.com\/lamarseillaise\/news\/wp-json\/wp\/v2\/ta_other?post=34453"}],"curies":[{"name":"wp","href":"https:\/\/api.w.org\/{rel}","templated":true}]}}