{"id":34450,"date":"2026-06-27T10:57:00","date_gmt":"2026-06-27T08:57:00","guid":{"rendered":"https:\/\/euapp01.newsmemory.com\/lamarseillaise\/news\/?p=34450"},"modified":"2026-07-02T11:15:13","modified_gmt":"2026-07-02T09:15:13","slug":"portrait-fournel-ne-voulait-pas-avoir-raison-tout-seul","status":"publish","type":"post","link":"https:\/\/euapp01.newsmemory.com\/lamarseillaise\/news\/2026\/06\/27\/portrait-fournel-ne-voulait-pas-avoir-raison-tout-seul\/","title":{"rendered":"[Portrait] Fournel ne \u00ab&nbsp;voulait pas avoir raison tout seul&nbsp;\u00bb"},"content":{"rendered":"<div class=\"paragraph\">\n<p>Pour \u00e9voquer leurs mani\u00e8res d\u2019\u00eatre, \u00e0 la fois singuli\u00e8res et filles de leur \u00e9poque, on retracera leurs premi\u00e8res ann\u00e9es de mutations et de r\u00e9flexions. Ils se sont connus \u00e0 Montpellier. Le Vauclusien entamait ses \u00e9tudes de sciences physiques, la fille d\u2019\u00e9migrants espagnols voulait devenir institutrice. Ils prirent l\u2019habitude d\u2019aller en auto-stop au Festival d\u2019Avignon. Vendre des bijoux sur la place de l\u2019Horloge, planter une tente dans les parages de l\u2019Auberge de Jeunesse, fut leur solution. En 1966, ensuite jusqu\u2019au d\u00e9but des ann\u00e9es 1970, ils d\u00e9couvraient Jean Vilar, Bread and Puppet, Patrice Ch\u00e9reau, Pina Bausch et Georges Lavaudant.<\/p>\n<p>En 1970, pour faire le service militaire en qualit\u00e9 de coop\u00e9rant, en attendant de d\u00e9crocher un poste \u00e0 la Facult\u00e9 de sciences de Saint J\u00e9r\u00f4me, ils s\u2019\u00e9tablissent en Alg\u00e9rie -leur fils est n\u00e9 \u00e0 Oran- et puis en Tunisie. Andr\u00e9 et Molly \u00e9taient sensibles \u00e0 la culture et \u00e0 la vie quotidienne du Maghreb. Ils n\u2019\u00e9taient pas des touristes ou des voyageurs, l\u2019Espagne est le seul pays d\u2019Europe qu\u2019ils connaissent vraiment. L\u2019autre c\u00f4t\u00e9 de la M\u00e9diterran\u00e9e n\u2019a pas cess\u00e9 de les \u00e9mouvoir et de les questionner. Pendant les ann\u00e9es noires, \u00e0 compter de 1990, ils ont pratiqu\u00e9 le devoir d\u2019hospitalit\u00e9, h\u00e9berg\u00e9 ou bien cach\u00e9 dans leur appartement des hommes et des femmes en danger.<\/p>\n<p>Des engagements tenaces<\/p>\n<p>Sans doute par crainte de ne pas \u00eatre vraiment compris ou bien parce qu\u2019il n\u2019a jamais fait l\u2019important, Andr\u00e9 Fournel parlait rarement de son m\u00e9tier d\u2019enseignant-chercheur qu\u2019il exer\u00e7a avec rigueur et bienveillance. Sans rel\u00e2che, dans tous les domaines que son inlassable curiosit\u00e9 rejoignait, il fut un questionnant, un apprenant. \u00c0 c\u00f4t\u00e9 de sa pr\u00e9dilection pour des po\u00e8tes comme Neruda et Mandelstam, il avait une vive passion pour les livres et les articles consacr\u00e9s \u00e0 l\u2019homme de N\u00e9andertal. \u00c0 la fin des ann\u00e9es 1990, Fournel sut se remettre en question et se reconvertir hors de sa zone de confort\u00a0: il transf\u00e9ra du c\u00f4t\u00e9 de la biologie ses grilles de lecture de chercheur dans le domaine des supra-conducteurs. Dans son laboratoire qui s\u2019appelait le BIP, Bio\u00e9nerg\u00e9tique et ing\u00e9nierie des prot\u00e9ines, on garde souvenir d\u2019un sachant de grande finesse qui ne cherchait pas la c\u00e9l\u00e9brit\u00e9. Dans sa vie professionnelle, Andr\u00e9 \u00e9tait \u00e0 la fois lumineux et d\u00e9cal\u00e9, tol\u00e9rant et respectueux du travail d\u2019autrui.<\/p>\n<p>La grande affaire de sa vie, ses observations et ses convictions furent ax\u00e9es sur la politique. Ici aussi il ne privil\u00e9giait pas ses doutes et ses interrogations les plus intimes. Quand bien m\u00eame le d\u00e9sir de changer le monde ou bien la vie pourrait devenir une illusion, ses exigences de d\u00e9mocrate n\u2019avaient pas faibli. Fournel ne baissait jamais la barre de la combativit\u00e9, estimait que l\u2019histoire devait toujours commencer par en bas, sans invectives ni brutalit\u00e9, \u00e0 partir d\u2019une \u00e9coute et d\u2019une implication des acteurs de terrain. Dans de nombreux espaces de lutte et de revendications comme le comit\u00e9 Ombres et lumi\u00e8res de Noailles, ant\u00e9rieur aux effondrements de la rue d\u2019Aubagne, avec Centre ville pour tous, avec la F\u00e9d\u00e9ration des conseils de citoyens, sa parole, son \u00e9coute des d\u00e9log\u00e9s et ses connaissances en mati\u00e8re d\u2019urbanisme \u00e9taient sollicit\u00e9es et respect\u00e9es.<\/p>\n<p>Au cr\u00e9matorium du cimeti\u00e8re Saint-Pierre, le 11\u00a0avril, une amie \u00e9crivaine, Reine Prat prit la parole pour m\u00e9moriser son style de vie lors d\u2019un ultime s\u00e9jour au Queyras\u00a0: \u00ab<i>\u00a0<\/i><i>Je garde cette image de lui, le pied fragile et la marche rapide, filant sur les chemins sous les m\u00e9l\u00e8zes pendant que Molly examine chaque plante, chaque fleur. Il attend, puis il repart. Ces derniers temps, il s\u2019\u00e9loignait. Et il nous laisse dans une infinie tristesse et un sourire, \u00e0 garder au c\u0153ur.<\/i>\u00a0\u00bb `<\/p>\n<\/p><\/div>\n","protected":false},"excerpt":{"rendered":"Pour &eacute;voquer leurs mani&egrave;res d&rsquo;&ecirc;tre, &agrave; la fois singuli&egrave;res et filles de leur &eacute;poque, on retracera leurs premi&egrave;res ann&eacute;es de mutations et de r&eacute;flexions. Ils se sont connus &agrave; &#8230;","protected":false},"author":1,"featured_media":34451,"comment_status":"open","ping_status":"open","sticky":false,"template":"","format":"standard","meta":{"footnotes":""},"categories":[3926,3925,32],"tags":[10,389,16,335,988,2001],"news-destination":[3944],"news-source":[475],"is_homepage":[],"ta_other":[],"class_list":["post-34450","post","type-post","status-publish","format-standard","has-post-thumbnail","hentry","category-accueil-merge","category-accueil-third","category-culture","tag-bouches-du-rhone","tag-hommage","tag-marseille","tag-portrait","tag-week-end","tag-weekend","news-destination-homepage","news-source-website"],"_links":{"self":[{"href":"https:\/\/euapp01.newsmemory.com\/lamarseillaise\/news\/wp-json\/wp\/v2\/posts\/34450","targetHints":{"allow":["GET"]}}],"collection":[{"href":"https:\/\/euapp01.newsmemory.com\/lamarseillaise\/news\/wp-json\/wp\/v2\/posts"}],"about":[{"href":"https:\/\/euapp01.newsmemory.com\/lamarseillaise\/news\/wp-json\/wp\/v2\/types\/post"}],"author":[{"embeddable":true,"href":"https:\/\/euapp01.newsmemory.com\/lamarseillaise\/news\/wp-json\/wp\/v2\/users\/1"}],"replies":[{"embeddable":true,"href":"https:\/\/euapp01.newsmemory.com\/lamarseillaise\/news\/wp-json\/wp\/v2\/comments?post=34450"}],"version-history":[{"count":1,"href":"https:\/\/euapp01.newsmemory.com\/lamarseillaise\/news\/wp-json\/wp\/v2\/posts\/34450\/revisions"}],"predecessor-version":[{"id":34452,"href":"https:\/\/euapp01.newsmemory.com\/lamarseillaise\/news\/wp-json\/wp\/v2\/posts\/34450\/revisions\/34452"}],"wp:featuredmedia":[{"embeddable":true,"href":"https:\/\/euapp01.newsmemory.com\/lamarseillaise\/news\/wp-json\/wp\/v2\/media\/34451"}],"wp:attachment":[{"href":"https:\/\/euapp01.newsmemory.com\/lamarseillaise\/news\/wp-json\/wp\/v2\/media?parent=34450"}],"wp:term":[{"taxonomy":"category","embeddable":true,"href":"https:\/\/euapp01.newsmemory.com\/lamarseillaise\/news\/wp-json\/wp\/v2\/categories?post=34450"},{"taxonomy":"post_tag","embeddable":true,"href":"https:\/\/euapp01.newsmemory.com\/lamarseillaise\/news\/wp-json\/wp\/v2\/tags?post=34450"},{"taxonomy":"news-destination","embeddable":true,"href":"https:\/\/euapp01.newsmemory.com\/lamarseillaise\/news\/wp-json\/wp\/v2\/news-destination?post=34450"},{"taxonomy":"news-source","embeddable":true,"href":"https:\/\/euapp01.newsmemory.com\/lamarseillaise\/news\/wp-json\/wp\/v2\/news-source?post=34450"},{"taxonomy":"is_homepage","embeddable":true,"href":"https:\/\/euapp01.newsmemory.com\/lamarseillaise\/news\/wp-json\/wp\/v2\/is_homepage?post=34450"},{"taxonomy":"ta_other","embeddable":true,"href":"https:\/\/euapp01.newsmemory.com\/lamarseillaise\/news\/wp-json\/wp\/v2\/ta_other?post=34450"}],"curies":[{"name":"wp","href":"https:\/\/api.w.org\/{rel}","templated":true}]}}