{"id":34447,"date":"2026-06-27T10:59:00","date_gmt":"2026-06-27T08:59:00","guid":{"rendered":"https:\/\/euapp01.newsmemory.com\/lamarseillaise\/news\/?p=34447"},"modified":"2026-06-29T09:36:02","modified_gmt":"2026-06-29T07:36:02","slug":"ces-familles-en-or-qui-font-vivre-lesprit-marseillaise","status":"publish","type":"post","link":"https:\/\/euapp01.newsmemory.com\/lamarseillaise\/news\/2026\/06\/27\/ces-familles-en-or-qui-font-vivre-lesprit-marseillaise\/","title":{"rendered":"Ces familles en or qui font vivre l\u2019esprit Marseillaise"},"content":{"rendered":"<div class=\"paragraph\">\n<p>Marseille, chaque premier dimanche de juillet, \u00e0 8h du matin une foule immense d\u00e9ferle sur le Parc Bor\u00e9ly, \u00e0 pied, en voiture. Ils viennent du monde entier, boules en main. Beaucoup tra\u00eenent derri\u00e8re eux la glaci\u00e8re. Ils sont l\u00e0 pour la f\u00eate, l\u2019\u00e9norme f\u00eate de la p\u00e9tanque. C\u2019est comme une procession. Le rendez-vous de la famille. Fr\u00e8re, s\u0153urs, enfants, cousins se retrouvent pour le grand rendez-vous de l\u2019ann\u00e9e. Pour beaucoup ce sera le seul.<\/p>\n<p>Voil\u00e0 pourquoi le Mondial la Marseillaise \u00e0 p\u00e9tanque est unique. Il fait d\u00e9placer des foules simplement pour participer \u00e0 une partie, sans pression, ni obligation de r\u00e9sultat. Le dimanche d\u2019ouverture est un immense camping avec des airs de festival o\u00f9 les familles reviennent inlassablement pour go\u00fbter \u00e0 l\u2019all\u00e9gresse d\u2019une journ\u00e9e sans \u00e9gale. Mais pourquoi cet amour pour La Marseillaise\u00a0?<\/p>\n<\/p><\/div>\n<div class=\"intext\"> Anniversaire de mariage\n              <\/div>\n<div class=\"paragraph\">\n<p>Car certains traversent la France pour se retrouver dans ce lieu mythique comme la famille Baradel qui fait le d\u00e9placement de Kaysersberg en Alsace afin de participer pour la premi\u00e8re fois au Mondial la Marseillaise. Fanny, la fille a\u00een\u00e9e au nom pr\u00e9destin\u00e9, a offert ce long voyage \u00e0 ses parents pour leur anniversaire de mariage.<\/p>\n<p>\u00ab\u00a0<i>Ils r\u00eavaient depuis longtemps de d\u00e9couvrir ce Mondial dont tout le monde parle. Enfin ils vont pouvoir y participer en toute modestie<\/i><i>\u00a0<\/i>\u00bb, glisse la jeune femme, heureuse d\u2019offrir ce moment magique \u00e0 Colette et Olivier, qui sont loin d\u2019\u00eatre des novices. \u00ab\u00a0<i>Ils pratiquent la p\u00e9tanque dans un petit club<\/i><i>\u00a0<\/i>\u00bb, poursuit Fanny. \u00ab<i>\u00a0<\/i><i>Maman originaire de Hy\u00e8res a quelques pr\u00e9dispositions, et papa, pur Alsacien se d\u00e9fend pas mal. Mon petit-fr\u00e8re Alan sera le troisi\u00e8me larron de cette premi\u00e8re aventure Marseillaise.<\/i><i>\u00a0<\/i>\u00bb Elle pourrait en appeler d\u2019autres.<\/p>\n<p>Plus au nord, les Mahieuw habitent Dunkerque et ne sont pas \u00e0 leur coup d\u2019essai. L\u2019an dernier, Christophe, le papa, Mathias le fils a\u00een\u00e9 et Romain le cadet, ont fait le long d\u00e9placement de leur nord natal. Une exp\u00e9rience joyeuse, avec la d\u00e9couverte d\u2019un lieu unique et une ambiance exceptionnelle.<\/p>\n<p>Ils reviennent en force cette fois, \u00e0 six plus un enfant. \u00ab\u00a0<i>On remet le couvert<\/i><i>\u00a0<\/i>\u00bb, se r\u00e9jouit Mathias, \u00ab<i>\u00a0<\/i><i>en joignant l\u2019utile \u00e0 l\u2019agr\u00e9able puisque nous passerons dix jours au rythme de la p\u00e9tanque. En esp\u00e9rant faire mieux que l\u2019an dernier<\/i><i>\u00a0<\/i>\u00bb.<\/p>\n<p>Plus pr\u00e8s de chez nous, \u00e0 la Bouilladisse \u00e0 l\u2019est de Marseille exactement, les Negro font le court d\u00e9placement. \u00ab\u00a0<i>\u00c7a devient un rituel<\/i><i>\u00a0<\/i>\u00bb confirme le papa Claude pour qui ce sera la troisi\u00e8me participation, \u00ab<i>\u00a0<\/i><i>dont une o\u00f9 nous avons atteint le mardi matin avec les copains<\/i><i>\u00a0<\/i>\u00bb, sourit-il. \u00ab\u00a0<i>Cette ann\u00e9e nous allons unir nos forces avec mes fistons Julien et Thomas pour cette aventure. La Marseillaise est un concours incontournable pour les passionn\u00e9s. Il y a ce c\u00f4t\u00e9 festif du dimanche unique. Je me souviens d\u2019une \u00e9poque o\u00f9 notre club affr\u00e9tait un bus pour la circonstance avec les glaci\u00e8res bien remplies. Manger un sandwich. boire un petit coup, discuter avec les gens venus de tout horizon, ce sont des plaisirs simples mais de plus en plus rares dans le monde o\u00f9 nous vivons.<\/i><i>\u00a0<\/i>\u00bb<\/p>\n<p>Ces exemples-l\u00e0, on pourrait les multiplier par dix, par cent. Ce lien familial avec le Mondial La Marseillaise \u00e0 la p\u00e9tanque contribue grandement au succ\u00e8s de l\u2019\u00e9preuve. Certaines sont l\u00e0 depuis la cr\u00e9ation de la Marseillaise. On pense aux Brocca qui se passent le flambeau g\u00e9n\u00e9ration apr\u00e8s g\u00e9n\u00e9ration pour faire perdurer la tradition.<\/p>\n<p>Puis il y a les champions. Ceux qui veulent d\u00e9crocher la lune. Et l\u00e0 c\u2019est une autre paire de manches. En 2000 Louis et \u00c9tienne Lacroix associ\u00e9s \u00e0 Jean Dubois y sont parvenus. En 2006 Jo et Antoine Dubois avec Benefissa avaient aussi r\u00e9ussi cette incroyable performance. Antoine Dubois, encore lui, l\u2019avait emport\u00e9 avec son neveu Tyson Molinas en 2022. D\u2019autres ont \u00e9chou\u00e9 de peu. Les fr\u00e8res Kourgane, Zo\u00e9 et Sa\u00efd, battus en finale avec Willielm (1976). Les Molinas, Louis, Mamour et Ben tomb\u00e9s deux fois en finale ensemble en 2001 puis en 2007.<\/p>\n<\/p><\/div>\n","protected":false},"excerpt":{"rendered":"Marseille, chaque premier dimanche de juillet, &agrave; 8h du matin une foule immense d&eacute;ferle sur le Parc Bor&eacute;ly, &agrave; pied, en voiture. Ils viennent du monde entier, boules en main. Beaucoup tra&icirc;nent derri&egrave;re eux la &#8230;","protected":false},"author":1,"featured_media":34448,"comment_status":"open","ping_status":"open","sticky":false,"template":"","format":"standard","meta":{"footnotes":""},"categories":[3926,3925,4069,7],"tags":[10,3986,16,1013,1034],"news-destination":[3944],"news-source":[475],"is_homepage":[],"ta_other":[],"class_list":["post-34447","post","type-post","status-publish","format-standard","has-post-thumbnail","hentry","category-accueil-merge","category-accueil-third","category-sport","category-sports","tag-bouches-du-rhone","tag-le-mondial-la-marseillaise","tag-marseille","tag-petanque","tag-reportage","news-destination-homepage","news-source-website"],"_links":{"self":[{"href":"https:\/\/euapp01.newsmemory.com\/lamarseillaise\/news\/wp-json\/wp\/v2\/posts\/34447","targetHints":{"allow":["GET"]}}],"collection":[{"href":"https:\/\/euapp01.newsmemory.com\/lamarseillaise\/news\/wp-json\/wp\/v2\/posts"}],"about":[{"href":"https:\/\/euapp01.newsmemory.com\/lamarseillaise\/news\/wp-json\/wp\/v2\/types\/post"}],"author":[{"embeddable":true,"href":"https:\/\/euapp01.newsmemory.com\/lamarseillaise\/news\/wp-json\/wp\/v2\/users\/1"}],"replies":[{"embeddable":true,"href":"https:\/\/euapp01.newsmemory.com\/lamarseillaise\/news\/wp-json\/wp\/v2\/comments?post=34447"}],"version-history":[{"count":1,"href":"https:\/\/euapp01.newsmemory.com\/lamarseillaise\/news\/wp-json\/wp\/v2\/posts\/34447\/revisions"}],"predecessor-version":[{"id":34449,"href":"https:\/\/euapp01.newsmemory.com\/lamarseillaise\/news\/wp-json\/wp\/v2\/posts\/34447\/revisions\/34449"}],"wp:featuredmedia":[{"embeddable":true,"href":"https:\/\/euapp01.newsmemory.com\/lamarseillaise\/news\/wp-json\/wp\/v2\/media\/34448"}],"wp:attachment":[{"href":"https:\/\/euapp01.newsmemory.com\/lamarseillaise\/news\/wp-json\/wp\/v2\/media?parent=34447"}],"wp:term":[{"taxonomy":"category","embeddable":true,"href":"https:\/\/euapp01.newsmemory.com\/lamarseillaise\/news\/wp-json\/wp\/v2\/categories?post=34447"},{"taxonomy":"post_tag","embeddable":true,"href":"https:\/\/euapp01.newsmemory.com\/lamarseillaise\/news\/wp-json\/wp\/v2\/tags?post=34447"},{"taxonomy":"news-destination","embeddable":true,"href":"https:\/\/euapp01.newsmemory.com\/lamarseillaise\/news\/wp-json\/wp\/v2\/news-destination?post=34447"},{"taxonomy":"news-source","embeddable":true,"href":"https:\/\/euapp01.newsmemory.com\/lamarseillaise\/news\/wp-json\/wp\/v2\/news-source?post=34447"},{"taxonomy":"is_homepage","embeddable":true,"href":"https:\/\/euapp01.newsmemory.com\/lamarseillaise\/news\/wp-json\/wp\/v2\/is_homepage?post=34447"},{"taxonomy":"ta_other","embeddable":true,"href":"https:\/\/euapp01.newsmemory.com\/lamarseillaise\/news\/wp-json\/wp\/v2\/ta_other?post=34447"}],"curies":[{"name":"wp","href":"https:\/\/api.w.org\/{rel}","templated":true}]}}