{"id":34432,"date":"2026-06-27T10:32:00","date_gmt":"2026-06-27T08:32:00","guid":{"rendered":"https:\/\/euapp01.newsmemory.com\/lamarseillaise\/news\/?p=34432"},"modified":"2026-07-02T11:15:13","modified_gmt":"2026-07-02T09:15:13","slug":"le-ventoux-est-en-fete-au-mont-serein","status":"publish","type":"post","link":"https:\/\/euapp01.newsmemory.com\/lamarseillaise\/news\/2026\/06\/27\/le-ventoux-est-en-fete-au-mont-serein\/","title":{"rendered":"Le Ventoux est en f\u00eate au Mont-Serein"},"content":{"rendered":"<div class=\"paragraph\">\n<p>L\u2019occasion de c\u00e9l\u00e9brer l\u2019arriv\u00e9e de l\u2019\u00e9t\u00e9 avec de nombreuses animations et rendez-vous vari\u00e9s. Un grand march\u00e9 de producteurs et d\u2019artisans animera la journ\u00e9e, tandis que les restaurants de la station seront ravis de vous accueillir le midi comme le soir. Pour profiter du grand air, vous aurez \u00e9galement la possibilit\u00e9 d\u2019apporter votre pique-nique, avec des braseros mis \u00e0 disposition, et des saucisses et de la viande \u00e0 griller disponibles \u00e0 l\u2019achat sur place.<\/p>\n<p>Activit\u00e9s d\u00e9lirantes<br \/>et d\u00e9fis<\/p>\n<p>C\u00f4t\u00e9 activit\u00e9s, vous pourrez vous d\u00e9fier en famille avec une course en sacs \u00e0 11h, 14h30 et 16h, de la p\u00e9tanque et du Molkky accessibles entre 11h et 17h, un mur d\u2019escalade ouvert \u00e0 tous d\u00e8s 10h, ou encore une course d\u2019orientation et un jeu de piste chronom\u00e9tr\u00e9. L\u2019ensemble des jeux propos\u00e9s est gratuit, mais certains n\u00e9cessitent une inscription pr\u00e9alable aupr\u00e8s de l\u2019office de tourisme de Malauc\u00e8ne. Les participants auront la chance de profiter de nombreuses surprises.<\/p>\n<p>Les activit\u00e9s estivales propos\u00e9es habituellement par la station seront \u00e9galement mises \u00e0 la disposition des visiteurs, avec une r\u00e9duction de 10% sur les tarifs habituels. De l\u2019Air Park au Futrampo, en passant par le D\u00e9valkart, la trottinette, l\u2019accrobranche et les balades \u00e0 poneys, c\u2019est tout un univers de loisirs qui s\u2019ouvre aux plus jeunes d\u00e8s 2\u00a0ans, selon les activit\u00e9s.<\/p>\n<p>Balades en pleine nature<\/p>\n<p>C\u00f4t\u00e9 balades, vous aurez de quoi faire avec diverses boucles et sentiers ouverts au public. \u00c0 commencer par la Piste des G\u00e9ants, sur le sentier Jean-Henri Fabre, o\u00f9 trois parcours allant de 1,5 \u00e0 4\u00a0km sont accessibles en famille\u00a0: le G\u00e9ant des Bois, au d\u00e9part du chalet d\u2019accueil en direction de la bergerie\u00a0; le G\u00e9ant des Sciences, \u00e9galement au d\u00e9part du chalet\u00a0; ou encore le G\u00e9ant des For\u00eats, que l\u2019on peut ajouter en compl\u00e9ment du circuit du G\u00e9ant des Sciences, puisqu\u2019il s\u2019agit d\u2019une courte balade d\u2019environ 45\u00a0minutes.<\/p>\n<p>Est \u00e9galement pr\u00e9vue une initiation \u00e0 la marche nordique d\u00e8s 10h, accessible \u00e0 partir de 14\u00a0ans avec \u00ab\u00a0Les Chemins de Pierre\u00a0\u00bb. D\u00e8s 13 h 30, une randonn\u00e9e familiale permettra de d\u00e9couvrir la for\u00eat et sa biodiversit\u00e9. Elle est accessible aux enfants \u00e0 partir de 6 ans. Enfin, une derni\u00e8re randonn\u00e9e, propos\u00e9e \u00e0 15h30, vous emm\u00e8nera sur la piste du Pic noir du Ventoux.<\/p>\n<\/p><\/div>\n<div class=\"paragraph\">\n<p><b><span class=\"mln_small-caps_mln\"><\/span><\/b><\/p>\n<p><i>Dimanche de 10h \u00e0 18h.<br \/>Acc\u00e8s libre toute la journ\u00e9e. <\/i><\/p>\n<p><i>Informations et inscriptions aupr\u00e8s des offices de tourisme de Malauc\u00e8ne<\/i><i>\u00a0<\/i><i>: 04.90.65.22.59.<\/i><\/p>\n<p><i>Carpentras<\/i><i>\u00a0<\/i><i>: 04.90.63.00.78.<\/i><\/p>\n<p><i>M<\/i><i><sup>t<\/sup><\/i><i>-Serein<\/i><i>\u00a0<\/i><i>: 04.90.63.42.02.<\/i><\/p>\n<\/p><\/div>\n","protected":false},"excerpt":{"rendered":"L&rsquo;occasion de c&eacute;l&eacute;brer l&rsquo;arriv&eacute;e de l&rsquo;&eacute;t&eacute; avec de nombreuses animations et rendez-vous vari&eacute;s. Un grand march&eacute; de producteurs et d&rsquo;artisans animera la journ&eacute;e, tandis &#8230;","protected":false},"author":1,"featured_media":34433,"comment_status":"open","ping_status":"open","sticky":false,"template":"","format":"standard","meta":{"footnotes":""},"categories":[3926,3925,20],"tags":[1277,754,1698,171,988,2001],"news-destination":[3944],"news-source":[475],"is_homepage":[],"ta_other":[],"class_list":["post-34432","post","type-post","status-publish","format-standard","has-post-thumbnail","hentry","category-accueil-merge","category-accueil-third","category-societe","tag-animations","tag-familles","tag-saison-estivale","tag-vaucluse","tag-week-end","tag-weekend","news-destination-homepage","news-source-website"],"_links":{"self":[{"href":"https:\/\/euapp01.newsmemory.com\/lamarseillaise\/news\/wp-json\/wp\/v2\/posts\/34432","targetHints":{"allow":["GET"]}}],"collection":[{"href":"https:\/\/euapp01.newsmemory.com\/lamarseillaise\/news\/wp-json\/wp\/v2\/posts"}],"about":[{"href":"https:\/\/euapp01.newsmemory.com\/lamarseillaise\/news\/wp-json\/wp\/v2\/types\/post"}],"author":[{"embeddable":true,"href":"https:\/\/euapp01.newsmemory.com\/lamarseillaise\/news\/wp-json\/wp\/v2\/users\/1"}],"replies":[{"embeddable":true,"href":"https:\/\/euapp01.newsmemory.com\/lamarseillaise\/news\/wp-json\/wp\/v2\/comments?post=34432"}],"version-history":[{"count":1,"href":"https:\/\/euapp01.newsmemory.com\/lamarseillaise\/news\/wp-json\/wp\/v2\/posts\/34432\/revisions"}],"predecessor-version":[{"id":34434,"href":"https:\/\/euapp01.newsmemory.com\/lamarseillaise\/news\/wp-json\/wp\/v2\/posts\/34432\/revisions\/34434"}],"wp:featuredmedia":[{"embeddable":true,"href":"https:\/\/euapp01.newsmemory.com\/lamarseillaise\/news\/wp-json\/wp\/v2\/media\/34433"}],"wp:attachment":[{"href":"https:\/\/euapp01.newsmemory.com\/lamarseillaise\/news\/wp-json\/wp\/v2\/media?parent=34432"}],"wp:term":[{"taxonomy":"category","embeddable":true,"href":"https:\/\/euapp01.newsmemory.com\/lamarseillaise\/news\/wp-json\/wp\/v2\/categories?post=34432"},{"taxonomy":"post_tag","embeddable":true,"href":"https:\/\/euapp01.newsmemory.com\/lamarseillaise\/news\/wp-json\/wp\/v2\/tags?post=34432"},{"taxonomy":"news-destination","embeddable":true,"href":"https:\/\/euapp01.newsmemory.com\/lamarseillaise\/news\/wp-json\/wp\/v2\/news-destination?post=34432"},{"taxonomy":"news-source","embeddable":true,"href":"https:\/\/euapp01.newsmemory.com\/lamarseillaise\/news\/wp-json\/wp\/v2\/news-source?post=34432"},{"taxonomy":"is_homepage","embeddable":true,"href":"https:\/\/euapp01.newsmemory.com\/lamarseillaise\/news\/wp-json\/wp\/v2\/is_homepage?post=34432"},{"taxonomy":"ta_other","embeddable":true,"href":"https:\/\/euapp01.newsmemory.com\/lamarseillaise\/news\/wp-json\/wp\/v2\/ta_other?post=34432"}],"curies":[{"name":"wp","href":"https:\/\/api.w.org\/{rel}","templated":true}]}}