{"id":34429,"date":"2026-06-27T10:38:00","date_gmt":"2026-06-27T08:38:00","guid":{"rendered":"https:\/\/euapp01.newsmemory.com\/lamarseillaise\/news\/?p=34429"},"modified":"2026-07-02T11:15:13","modified_gmt":"2026-07-02T09:15:13","slug":"travailleur-de-demain-tristan-andrieux-imprime-sa-passion","status":"publish","type":"post","link":"https:\/\/euapp01.newsmemory.com\/lamarseillaise\/news\/2026\/06\/27\/travailleur-de-demain-tristan-andrieux-imprime-sa-passion\/","title":{"rendered":"[Travailleur de demain] Tristan Andrieux imprime sa passion"},"content":{"rendered":"<div class=\"paragraph\">\n<p>Son travail consiste \u00e0 r\u00e9aliser diff\u00e9rents produits imprim\u00e9s, comme des cartes postales, des bo\u00eetes ou des flyers, \u00e0 l\u2019aide d\u2019imprimantes num\u00e9riques ou offset, qui permettent de produire en grande quantit\u00e9. \u00ab\u00a0<i>J\u2019apprends aussi \u00e0 r\u00e9gler une machine, \u00e0 faire des couleurs et \u00e0 vendre des produits<\/i><i>\u00a0<\/i><i>\u00bb, <\/i>ajoute-t-il. Et c\u2019est aussi ce contact avec les clients qui pla\u00eet au jeune homme\u00a0: \u00ab\u00a0<i>Il y a toujours cette lueur dans les yeux quand on cr\u00e9e un produit pour un client.<\/i> <i>J\u2019adore voir leurs r\u00e9actions.<\/i><i>\u00a0<\/i><i>\u00bb<\/i><\/p>\n<p>Apr\u00e8s la r\u00e9alisation d\u2019une premi\u00e8re version, le client vient dans l\u2019imprimerie afin de choisir ce qu\u2019il pr\u00e9f\u00e8re ou non, \u00ab\u00a0<i>mais il y a quand m\u00eame beaucoup de libert\u00e9<\/i><i>\u00a0<\/i><i>\u00bb, <\/i>confirme Tristan Andrieux, qui occupe une place importante dans la cha\u00eene graphique. Il imprime, fa\u00e7onne et coupe.<\/p>\n<p>Un m\u00e9tier polyvalent<\/p>\n<p>Originaire de Saint-Cannat, pr\u00e8s d\u2019Aix-en-Provence, \u00ab\u00a0<i>pur produit du Sud<\/i>\u00a0\u00bb comme il se d\u00e9crit, il est fier de la polyvalence que lui offre son m\u00e9tier. \u00ab\u00a0<i>C\u2019est un m\u00e9tier qui permet de voir un peu tout. Je n\u2019avais jamais r\u00e9par\u00e9 une machine avant, maintenant, en trois ans, je r\u00e9pare un peu tout et n\u2019importe quoi<\/i><i>\u00a0<\/i>\u00bb<i>, <\/i>t\u00e9moigne le Marseillais d\u2019adoption, depuis maintenant quatre ans. \u00ab\u00a0<i>J\u2019ai m\u00eame r\u00e9par\u00e9 les machines du lyc\u00e9e, mais je n\u2019ai pas eu d\u2019augmentation&#8230;<\/i><i>\u00a0<\/i>\u00bb, sourit-il.<\/p>\n<p>\u00c9galement en alternance \u00e0 l\u2019imprimerie Caract\u00e8re, le jeune homme a d\u00e9j\u00e0 beaucoup progress\u00e9. \u00ab\u00a0<i>On travaille sur les machines pratiquement tout seul. <\/i><i><span class=\"mln_uppercase_mln\">\u00e7<\/span><\/i><i>a m\u2019a permis de voir un c\u00f4t\u00e9 de l\u2019imprimerie que je ne connaissais pas<\/i><i>\u00a0<\/i><i>\u00bb, <\/i>explique-t-il. Bien plus que l\u2019aspect technique, il apprend aussi les bases de la communication\u00a0: poser les bonnes questions, d\u00e9montrer son savoir. Le technicien en communication touche \u00e0 tous les domaines\u00a0: Festival de Cannes, \u00e9lections, vacances d\u2019\u00e9t\u00e9, rentr\u00e9e des classes. \u00ab\u00a0<i>Je donne vie \u00e0 l\u2019art et \u00e0 la publicit\u00e9, avec des flyers d\u2019\u00e9v\u00e9nements par exemple. C\u2019est parler librement \u00e0 \u00e9norm\u00e9ment de personnes. On travaille aussi pour des associations, pour des gens qui font le bien.<\/i><i>\u00a0<\/i><i>\u00bb<\/i><\/p>\n<p>Ce travail est aussi une question de transmission. Tristan Andrieux a pass\u00e9 beaucoup de temps aupr\u00e8s d\u2019un coll\u00e8gue parti \u00e0 la retraite\u00a0: \u00ab\u00a0<i>On faisait les apr\u00e8s-midi, les nuits ensemble. <\/i><i><span class=\"mln_uppercase_mln\">\u00ea<\/span><\/i><i>tre avec des personnes qu\u2019on appr\u00e9cie, \u00e7a permet aussi d\u2019aimer son m\u00e9tier.<\/i><i>\u00a0<\/i><i>\u00bb<\/i><\/p>\n<p>Ses proches le d\u00e9criraient comme un \u00ab\u00a0<i>aventurier curieux et infatigable<\/i><i>\u00a0<\/i><i>\u00bb<\/i>. Tristan Andrieux est l\u2019un de ceux que l\u2019on pourrait qualifier de passionn\u00e9. \u00ab\u00a0<i>Je pense qu\u2019il faut aimer ce qu\u2019on fait. Je m\u2019int\u00e9resse \u00e0 tout dans mon m\u00e9tier, je pose toujours 10<\/i><i>\u00a0<\/i><i>000<\/i><i>\u00a0<\/i><i>questions.<\/i><i>\u00a0<\/i><i>\u00bb<\/i> Cette passion n\u2019est pas pr\u00e8s de s\u2019arr\u00eater\u00a0: \u00ab\u00a0<i>Je veux continuer dans ce m\u00e9tier et il faut trouver un but. <\/i><i><span class=\"mln_uppercase_mln\">\u00e7<\/span><\/i><i>a fait tr\u00e8s gourou, mais c\u2019est ce que je pense.<\/i><i>\u00a0<\/i><i>\u00bb<\/i><\/p>\n<\/p><\/div>\n","protected":false},"excerpt":{"rendered":"Son travail consiste &agrave; r&eacute;aliser diff&eacute;rents produits imprim&eacute;s, comme des cartes postales, des bo&icirc;tes ou des flyers, &agrave; l&rsquo;aide d&rsquo;imprimantes num&eacute;riques ou offset, qui permettent de produire en &#8230;","protected":false},"author":1,"featured_media":34430,"comment_status":"open","ping_status":"open","sticky":false,"template":"","format":"standard","meta":{"footnotes":""},"categories":[3926,3925,20],"tags":[10,16,335,988,2001],"news-destination":[3944],"news-source":[475],"is_homepage":[],"ta_other":[],"class_list":["post-34429","post","type-post","status-publish","format-standard","has-post-thumbnail","hentry","category-accueil-merge","category-accueil-third","category-societe","tag-bouches-du-rhone","tag-marseille","tag-portrait","tag-week-end","tag-weekend","news-destination-homepage","news-source-website"],"_links":{"self":[{"href":"https:\/\/euapp01.newsmemory.com\/lamarseillaise\/news\/wp-json\/wp\/v2\/posts\/34429","targetHints":{"allow":["GET"]}}],"collection":[{"href":"https:\/\/euapp01.newsmemory.com\/lamarseillaise\/news\/wp-json\/wp\/v2\/posts"}],"about":[{"href":"https:\/\/euapp01.newsmemory.com\/lamarseillaise\/news\/wp-json\/wp\/v2\/types\/post"}],"author":[{"embeddable":true,"href":"https:\/\/euapp01.newsmemory.com\/lamarseillaise\/news\/wp-json\/wp\/v2\/users\/1"}],"replies":[{"embeddable":true,"href":"https:\/\/euapp01.newsmemory.com\/lamarseillaise\/news\/wp-json\/wp\/v2\/comments?post=34429"}],"version-history":[{"count":1,"href":"https:\/\/euapp01.newsmemory.com\/lamarseillaise\/news\/wp-json\/wp\/v2\/posts\/34429\/revisions"}],"predecessor-version":[{"id":34431,"href":"https:\/\/euapp01.newsmemory.com\/lamarseillaise\/news\/wp-json\/wp\/v2\/posts\/34429\/revisions\/34431"}],"wp:featuredmedia":[{"embeddable":true,"href":"https:\/\/euapp01.newsmemory.com\/lamarseillaise\/news\/wp-json\/wp\/v2\/media\/34430"}],"wp:attachment":[{"href":"https:\/\/euapp01.newsmemory.com\/lamarseillaise\/news\/wp-json\/wp\/v2\/media?parent=34429"}],"wp:term":[{"taxonomy":"category","embeddable":true,"href":"https:\/\/euapp01.newsmemory.com\/lamarseillaise\/news\/wp-json\/wp\/v2\/categories?post=34429"},{"taxonomy":"post_tag","embeddable":true,"href":"https:\/\/euapp01.newsmemory.com\/lamarseillaise\/news\/wp-json\/wp\/v2\/tags?post=34429"},{"taxonomy":"news-destination","embeddable":true,"href":"https:\/\/euapp01.newsmemory.com\/lamarseillaise\/news\/wp-json\/wp\/v2\/news-destination?post=34429"},{"taxonomy":"news-source","embeddable":true,"href":"https:\/\/euapp01.newsmemory.com\/lamarseillaise\/news\/wp-json\/wp\/v2\/news-source?post=34429"},{"taxonomy":"is_homepage","embeddable":true,"href":"https:\/\/euapp01.newsmemory.com\/lamarseillaise\/news\/wp-json\/wp\/v2\/is_homepage?post=34429"},{"taxonomy":"ta_other","embeddable":true,"href":"https:\/\/euapp01.newsmemory.com\/lamarseillaise\/news\/wp-json\/wp\/v2\/ta_other?post=34429"}],"curies":[{"name":"wp","href":"https:\/\/api.w.org\/{rel}","templated":true}]}}